{"id":371357,"date":"2025-09-06T19:49:12","date_gmt":"2025-09-06T19:49:12","guid":{"rendered":"https:\/\/www.europesays.com\/fr\/371357\/"},"modified":"2025-09-06T19:49:12","modified_gmt":"2025-09-06T19:49:12","slug":"a-j-2-du-vote-de-confiance-bayrou-a-cran-dans-une-enieme-interview-tele","status":"publish","type":"post","link":"https:\/\/www.europesays.com\/fr\/371357\/","title":{"rendered":"\u00e0 J-2 du vote de confiance, Bayrou \u00e0 cran dans une \u00e9ni\u00e8me interview t\u00e9l\u00e9"},"content":{"rendered":"<p>        <img decoding=\"async\" loading=\"lazy\" src=\"https:\/\/www.europesays.com\/fr\/wp-content\/uploads\/2025\/09\/ff34f1d_upload-1-iurdwxv4bguc-28a1987c-64f0-4261-a94e-9c2f2b339bce.png\"  width=\"728\" height=\"410\" alt=\"Fran\u00e7ois Bayrou \u00e9tait l\u2019invit\u00e9 de l\u2019\u00e9mission \u00ab\u00a0C \u00e0 vous\u00a0\u00bb, sur France 5\u00a0ce samedi 6\u00a0septembre.\"\/>   <\/p>\n<p>Fran\u00e7ois Bayrou \u00e9tait l\u2019invit\u00e9 de l\u2019\u00e9mission \u00ab\u00a0C \u00e0 vous\u00a0\u00bb, sur France 5\u00a0ce samedi 6\u00a0septembre.<\/p>\n<p class=\"asset asset-text\">POLITIQUE &#8211; Un Premier ministre \u00e0 cran. Alors qu\u2019il multiplie les interventions t\u00e9l\u00e9vis\u00e9es avant le vote de confiance, <a href=\"https:\/\/www.huffingtonpost.fr\/politique\/article\/sur-la-suppression-des-jours-feries-francois-bayrou-est-lache-aussi-par-son-gouvernement_254350.html\" target=\"_blank\" rel=\"noopener\">Fran\u00e7ois Bayrou<\/a> s\u2019est montr\u00e9 particuli\u00e8rement agac\u00e9 par les questions des journalistes de<a href=\"https:\/\/www.huffingtonpost.fr\/medias\/article\/c-a-vous-mohamed-bouhafsi-dement-les-critiques-des-salaries-et-assure-qu-il-n-y-a-pas-de-malaise_246352.html\" target=\"_blank\" rel=\"noopener\"> C \u00e0 Vous<\/a>, o\u00f9 il \u00e9tait invit\u00e9 ce samedi 6\u00a0septembre.<\/p>\n<p class=\"asset asset-text\">D\u00e8s le d\u00e9but de l\u2019\u00e9mission diffus\u00e9e sur France 5, un \u00e9dito de Ya\u00ebl Goosz a braqu\u00e9 Fran\u00e7ois Bayrou. \u00ab\u00a0Soit c\u2019est l\u2019histoire d\u2019une chute qui \u00e9tait programm\u00e9e (\u2026) Soit c\u2019est un plan qui a d\u00e9raill\u00e9\u00a0\u00bb, affirme notamment le journaliste dans sa chronique. Le chef du service politique de France Inter continue ensuite \u00e0 \u00e9grener les \u00ab\u00a0erreurs\u00a0\u00bb du chef du gouvernement.<\/p>\n<p class=\"asset asset-text\">\u00ab\u00a0On est oblig\u00e9s de supporter comme \u00e7a, des affirmations de quelqu\u2019un qui n\u2019a aucune exp\u00e9rience et qui ne sait pas de quoi il parle\u00a0?\u00a0\u00bb, riposte alors Fran\u00e7ois Bayrou. \u00ab\u00a0Vous ne comprenez pas que c\u2019est g\u00eanant pour ceux qui vous \u00e9coutent\u00a0\u00bb, ajoute-t-il.<\/p>\n<p> La lecture de ce contenu est susceptible d\u2019entra\u00eener un d\u00e9p\u00f4t de cookies de la part de l\u2019op\u00e9rateur tiers qui l\u2019h\u00e9berge. Compte-tenu des choix que vous avez exprim\u00e9s en mati\u00e8re de d\u00e9p\u00f4t de cookies, nous avons bloqu\u00e9 l\u2019affichage de ce contenu. Si vous souhaitez y acc\u00e9der, vous devez accepter la cat\u00e9gorie de cookies \u201cContenus tiers\u201d en cliquant sur le bouton ci-dessous. <\/p>\n<p> Lire la Vid\u00e9o        \u00ab\u00a0Cela s\u2019appelle un \u00e9dito\u00a0\u00bb    <\/p>\n<p class=\"asset asset-text\">Mohamed Bouhafsi, \u00e0 la t\u00eate de l\u2019\u00e9mission le week-end, tente une premi\u00e8re fois de calmer le jeu\u00a0: \u00ab\u00a0Cela s\u2019appelle un \u00e9dito, Ya\u00ebl Goosz exprime son ressenti et vous avez le droit de r\u00e9pondre\u00a0\u00bb. Sans succ\u00e8s.<\/p>\n<p class=\"asset asset-text\">Apr\u00e8s le marathon m\u00e9diatique auquel s\u2019est soumis Fran\u00e7ois Bayrou ces derniers jours, encha\u00eenant intervention au journal de 20\u00a0heures et prise de parole en simultan\u00e9e sur toutes les cha\u00eenes d\u2019informations, Mohamed Bouhafsi lui demande la raison de sa venue ce soir.<\/p>\n<p class=\"asset asset-text\">\u00ab\u00a0Je vous trouve gonfl\u00e9, r\u00e9torque Fran\u00e7ois Bayrou. Je suis l\u00e0 parce que vous m\u2019avez invit\u00e9. Vous \u00eates venu dans mon bureau pour m\u2019expliquer qu\u2019il fallait que je vienne\u00a0pour une \u00e9mission o\u00f9 vous aviez envie et besoin de me rencontrer et maintenant vous me demandez\u00a0\u201cpourquoi vous \u00eates-l\u00e0\u201d\u00a0?\u00a0\u00bb. \u00ab\u00a0Est-ce qu\u2019on peut sortir de jeux de r\u00f4le\u00a0\u00bb, lance encore le chef de l\u2019ex\u00e9cutif. Si l\u2019\u00e9mission s\u2019est poursuivie, l\u2019ambiance est rest\u00e9e relativement tendue.<\/p>\n<p class=\"asset asset-text\">Sauf \u00e9norme surprise, le vote de confiance pr\u00e9vu le 8\u00a0septembre devrait \u00eatre emport\u00e9 par la convergence des votes contre des oppositions quasi unanimes, de gauche et d\u2019extr\u00eame droite.<\/p>\n","protected":false},"excerpt":{"rendered":"Fran\u00e7ois Bayrou \u00e9tait l\u2019invit\u00e9 de l\u2019\u00e9mission \u00ab\u00a0C \u00e0 vous\u00a0\u00bb, sur France 5\u00a0ce samedi 6\u00a0septembre. POLITIQUE &#8211; Un Premier&hellip;\n","protected":false},"author":2,"featured_media":371358,"comment_status":"","ping_status":"","sticky":false,"template":"","format":"standard","meta":{"footnotes":""},"categories":[1356],"tags":[58,59,1011,27,431,316,252,1364,49393],"class_list":{"0":"post-371357","1":"post","2":"type-post","3":"status-publish","4":"format-standard","5":"has-post-thumbnail","7":"category-television","8":"tag-divertissement","9":"tag-entertainment","10":"tag-fr","11":"tag-france","12":"tag-francois-bayrou","13":"tag-politique","14":"tag-television","15":"tag-tv","16":"tag-vote-de-confiance"},"share_on_mastodon":{"url":"https:\/\/pubeurope.com\/@fr\/115159090259125669","error":""},"_links":{"self":[{"href":"https:\/\/www.europesays.com\/fr\/wp-json\/wp\/v2\/posts\/371357","targetHints":{"allow":["GET"]}}],"collection":[{"href":"https:\/\/www.europesays.com\/fr\/wp-json\/wp\/v2\/posts"}],"about":[{"href":"https:\/\/www.europesays.com\/fr\/wp-json\/wp\/v2\/types\/post"}],"author":[{"embeddable":true,"href":"https:\/\/www.europesays.com\/fr\/wp-json\/wp\/v2\/users\/2"}],"replies":[{"embeddable":true,"href":"https:\/\/www.europesays.com\/fr\/wp-json\/wp\/v2\/comments?post=371357"}],"version-history":[{"count":0,"href":"https:\/\/www.europesays.com\/fr\/wp-json\/wp\/v2\/posts\/371357\/revisions"}],"wp:featuredmedia":[{"embeddable":true,"href":"https:\/\/www.europesays.com\/fr\/wp-json\/wp\/v2\/media\/371358"}],"wp:attachment":[{"href":"https:\/\/www.europesays.com\/fr\/wp-json\/wp\/v2\/media?parent=371357"}],"wp:term":[{"taxonomy":"category","embeddable":true,"href":"https:\/\/www.europesays.com\/fr\/wp-json\/wp\/v2\/categories?post=371357"},{"taxonomy":"post_tag","embeddable":true,"href":"https:\/\/www.europesays.com\/fr\/wp-json\/wp\/v2\/tags?post=371357"}],"curies":[{"name":"wp","href":"https:\/\/api.w.org\/{rel}","templated":true}]}}