{"id":371359,"date":"2025-09-06T19:50:10","date_gmt":"2025-09-06T19:50:10","guid":{"rendered":"https:\/\/www.europesays.com\/fr\/371359\/"},"modified":"2025-09-06T19:50:10","modified_gmt":"2025-09-06T19:50:10","slug":"vous-aimez-la-kpop-ou-vous-voulez-la-decouvrir-rendez-vous-au-forum-des-associations-du-havre-ce-dimanche","status":"publish","type":"post","link":"https:\/\/www.europesays.com\/fr\/371359\/","title":{"rendered":"Vous aimez la KPop (ou vous voulez la d\u00e9couvrir) ? Rendez-vous au forum des associations du Havre ce dimanche"},"content":{"rendered":"<p>            Par<br \/>\n        <strong><br \/>\n            <a href=\"https:\/\/actu.fr\/auteur\/louise-boutard\" title=\"Consulter tous les articles de Louise Boutard\" rel=\"nofollow noopener\" target=\"_blank\">Louise Boutard<\/a><br \/>\n        <\/strong><\/p>\n<p>        Publi\u00e9 le<\/p>\n<p>            6 sept. 2025 \u00e0 10h20        <\/p>\n<p>Chez les ados \u2013 mais pas seulement \u2013 c\u2019est un v\u00e9ritable ph\u00e9nom\u00e8ne.<strong> La KPop<\/strong> envahit les oreilles, mais aussi les \u00e9crans de nombreux fans. <a href=\"https:\/\/actu.fr\/normandie\/le-havre_76351\" rel=\"nofollow noopener\" target=\"_blank\">Au\u00a0Havre<\/a> une association s\u2019adresse justement aux plus grands amateurs de cette tendance venue de Cor\u00e9e. Musique, danse et surtout discussions passionn\u00e9es\u2009: venez les rencontrer au <strong>forum des associations dimanche 7\u00a0septembre 2025<\/strong> <a href=\"https:\/\/actu.fr\/normandie\/le-havre_76351\/envie-de-tester-une-nouvelle-activite-le-forum-des-associations-revient-au-havre_61557916.html\" rel=\"nofollow noopener\" target=\"_blank\">autour de l\u2019h\u00f4tel de ville<\/a>, de 10\u2009h \u00e0 18\u2009h.<\/p>\n<p>Danse et bien d\u2019autres activit\u00e9s<\/p>\n<p class=\" wall-content\">Le ph\u00e9nom\u00e8ne a encore<strong> pris de l\u2019ampleur en 2025<\/strong>\u00a0depuis la diffusion du film d\u2019animation KPop Demon Hunters sur Netflix, qui a battu des records d\u2019audience avant d\u2019\u00eatre d\u00e9riv\u00e9 en version karaok\u00e9, dans l\u2019attente d\u2019un deuxi\u00e8me volet. Pour le moment, le groupe Havrais n\u2019a pas recr\u00e9\u00e9 les chor\u00e9graphies issues du film, mais cela ne saurait tarder.<\/p>\n<p class=\" wall-content\">Cet \u00e9t\u00e9,<strong> l\u2019association \u00c9v\u00e8nements Kpop Le\u00a0Havre<\/strong> en association avec la Ville a propos\u00e9 des <strong>cours de danse gratuits<\/strong> ouverts \u00e0 tous les jeunes de 12 \u00e0 25\u00a0ans. Cette ann\u00e9e, les cours seront \u00e0 nouveau au p\u00f4le Simone-Veil, tous les samedis (en p\u00e9riode scolaire) entre 16\u2009h\u200930 et 18\u2009h.<\/p>\n<p>    <a href=\"https:\/\/www.facebook.com\/plugins\/video.php?height=476&amp;href=https%3A%2F%2Fwww.facebook.com%2Freel%2F951403326032326%2F&amp;show_text=false&amp;width=350&amp;t=0\" title=\"Ouvrie le lien\" rel=\"nofollow noopener\" target=\"_blank\">Cliquez ici pour visualiser le contenu<\/a><\/p>\n<p class=\" wall-content\">Le groupe \u00c9v\u00e8nements KPop Le\u00a0Havre s\u2019est cr\u00e9\u00e9 officiellement en 2019. Il organise des cours de danse avec le groupe DBT \u00ab\u2009Diff\u00e9rent But Together\u2009\u00bb, mais aussi d\u2019autres ateliers, des karaok\u00e9s, des ateliers cuisine, des f\u00eates cor\u00e9ennes historiques ou encore des retransmissions de concerts. Le groupe rassemble une soixantaine d\u2019adh\u00e9rents \u00e2g\u00e9s de 10 \u00e0 30\u00a0ans, mais tout le monde est le bienvenu.<\/p>\n<p>Le programme du forum<\/p>\n<p>Non, il n&rsquo;y a pas que la K-pop dans la vie. Au total, 200 associations du Havre seront repr\u00e9sent\u00e9es. Voici tout le programme des animations : <\/p>\n<p>C\u00f4t\u00e9 \u00ab sport, jeunesse et loisirs \u00bb<br \/>10h30 : Initiation et d\u00e9monstration de lindy hop et de solo jazz swing avec LH Lindy Hop<br \/>11h15 : Repr\u00e9sentation de danse Kpop<br \/>12h : D\u00e9monstration de danses flamenco, Samba, Bollywood avec Studio Latino LH<br \/>13h30 : D\u00e9monstration des arts martiaux historiques europ\u00e9ens avec AISLING-1198<br \/>14h15 : \u00e0 nouveau LH Lindy Hop<br \/>14h45 : D\u00e9monstration de Kendo avec Havre S&rsquo;Port Judo &amp; D.A.<br \/>15h15 : \u00e0 nouveau Studio Latino LH<br \/>15h45 : D\u00e9monstration d\u2019escrime avec le cercle d\u2019escrime du Havre<br \/>16h30 : \u00e0 nouveau \u00c9v\u00e8nements Kpop Le Havre<br \/>17h15 : D\u00e9monstration d&rsquo;a\u00e9rokick avec HAC Kick Boxing<\/p>\n<p>C\u00f4t\u00e9 \u00ab culture, patrimoine et arts vivants \u00bb<br \/>10h30 : Groupe de chants marins avec E.S.P.A.C.E<br \/>11h15 : Petite repr\u00e9sentation th\u00e9\u00e2trale des \u00e9l\u00e8ves avec Les \u00c9gar\u00e9s<br \/>12h : Extrait du spectacle \u00ab\u00a0C&rsquo;est l&rsquo;heure de !\u00a0\u00bb avec le Quilombo Le Havre Guadeloupe<br \/>13h30 : Pr\u00e9sentation de chants chorale des Ch\u0153urs ou Vers<br \/>14h15 : Repr\u00e9sentation musicale de l&rsquo;Accord\u00e9on Club du Havre Sanvic<br \/>15h : D\u00e9monstration de danses folkloriques normandes avec Les Machus du Havre<br \/>15h45 : 2e extrait du spectacle du Quilombo Le Havre Guadeloupe<br \/>16h30 : Repr\u00e9sentation musicale du Boulevard des Artistes<br \/>17h15 : D\u00e9monstration de danses br\u00e9siliennes avec Dans\u2019Art Brasil<\/p>\n<p class=\" wall-content\">Le forum des associations sera l\u2019occasion de<strong> rencontrer l\u2019association et d\u2019observer les talents<\/strong> <strong>des danseurs Kpop<\/strong> locaux \u00e0 11\u2009h\u200915 et \u00e0 16\u2009h\u200930.<\/p>\n<p class=\" wall-content\">Mais bien d\u2019autres styles de danse originaux seront aussi en d\u00e9monstration pour les curieux\u2009: <a href=\"https:\/\/actu.fr\/normandie\/le-havre_76351\/des-cours-lindy-hop-gratuits-tout-lete-sur-plage-havre_25730352.html\" rel=\"nofollow noopener\" target=\"_blank\">Lindy hop<\/a>, flamenco, samba, Bollywood, danses br\u00e9siliennes et normandes seront pr\u00e9sent\u00e9es, ainsi que bien d\u2019autres sports et activit\u00e9s.<\/p>\n<p>Votre r\u00e9gion, votre actu !<\/p>\n<p>Recevez chaque jour les infos qui comptent pour vous.<\/p>\n<p>\t<a href=\"https:\/\/actu.fr\/newsletter\" class=\"ac-btn ac-btn--corner ac-btn--medium ac-btn--blue800\" rel=\"nofollow noopener\" target=\"_blank\">S&rsquo;incrire<\/a><\/p>\n<p>Le forum des associations se tient dimanche 7\u00a0septembre 2025 de 10\u2009h \u00e0 18\u2009h \u00e0 l\u2019H\u00f4tel de Ville du\u00a0Havre.<\/p>\n<p>Suivez l\u2019actualit\u00e9 du\u00a0Havre sur <a href=\"https:\/\/www.whatsapp.com\/channel\/0029VaFqJYE8aKvLBwVrEe0o\" rel=\"nofollow noopener\" target=\"_blank\">notre cha\u00eene WhatsApp<\/a> et sur <a href=\"https:\/\/www.tiktok.com\/@76actu.fr?lang=fr\" rel=\"nofollow noopener\" target=\"_blank\">notre compte TikTok<\/a><\/p>\n<p class=\" wall-content\">Personnalisez votre actualit\u00e9 en ajoutant vos villes et m\u00e9dias en favori avec <a href=\"https:\/\/moncompte.actu.fr\" title=\"D\u00e9couvez Mon Actu\" rel=\"nofollow noopener\" data-trk=\"{&quot;cta&quot;:{&quot;action&quot;:&quot;https:\\\/\\\/moncompte.actu.fr&quot;,&quot;category&quot;:&quot;mon compte&quot;,&quot;from&quot;:&quot;article footer&quot;,&quot;name&quot;:&quot;Mon actu&quot;,&quot;type&quot;:&quot;cta&quot;}}\" target=\"_blank\">Mon Actu<\/a>.<\/p>\n<p>                    <script async src=\"\/\/www.tiktok.com\/embed.js\"><\/script><\/p>\n","protected":false},"excerpt":{"rendered":"Par Louise Boutard Publi\u00e9 le 6 sept. 2025 \u00e0 10h20 Chez les ados \u2013 mais pas seulement \u2013&hellip;\n","protected":false},"author":2,"featured_media":371360,"comment_status":"","ping_status":"","sticky":false,"template":"","format":"standard","meta":{"footnotes":""},"categories":[1355],"tags":[5972,58,59,1011,27,1361,873,127,104],"class_list":{"0":"post-371359","1":"post","2":"type-post","3":"status-publish","4":"format-standard","5":"has-post-thumbnail","7":"category-musique","8":"tag-danse","9":"tag-divertissement","10":"tag-entertainment","11":"tag-fr","12":"tag-france","13":"tag-music","14":"tag-musique","15":"tag-netflix","16":"tag-societe"},"share_on_mastodon":{"url":"https:\/\/pubeurope.com\/@fr\/115159094039609922","error":""},"_links":{"self":[{"href":"https:\/\/www.europesays.com\/fr\/wp-json\/wp\/v2\/posts\/371359","targetHints":{"allow":["GET"]}}],"collection":[{"href":"https:\/\/www.europesays.com\/fr\/wp-json\/wp\/v2\/posts"}],"about":[{"href":"https:\/\/www.europesays.com\/fr\/wp-json\/wp\/v2\/types\/post"}],"author":[{"embeddable":true,"href":"https:\/\/www.europesays.com\/fr\/wp-json\/wp\/v2\/users\/2"}],"replies":[{"embeddable":true,"href":"https:\/\/www.europesays.com\/fr\/wp-json\/wp\/v2\/comments?post=371359"}],"version-history":[{"count":0,"href":"https:\/\/www.europesays.com\/fr\/wp-json\/wp\/v2\/posts\/371359\/revisions"}],"wp:featuredmedia":[{"embeddable":true,"href":"https:\/\/www.europesays.com\/fr\/wp-json\/wp\/v2\/media\/371360"}],"wp:attachment":[{"href":"https:\/\/www.europesays.com\/fr\/wp-json\/wp\/v2\/media?parent=371359"}],"wp:term":[{"taxonomy":"category","embeddable":true,"href":"https:\/\/www.europesays.com\/fr\/wp-json\/wp\/v2\/categories?post=371359"},{"taxonomy":"post_tag","embeddable":true,"href":"https:\/\/www.europesays.com\/fr\/wp-json\/wp\/v2\/tags?post=371359"}],"curies":[{"name":"wp","href":"https:\/\/api.w.org\/{rel}","templated":true}]}}