{"id":371361,"date":"2025-09-06T19:51:34","date_gmt":"2025-09-06T19:51:34","guid":{"rendered":"https:\/\/www.europesays.com\/fr\/371361\/"},"modified":"2025-09-06T19:51:34","modified_gmt":"2025-09-06T19:51:34","slug":"%f0%9f%8e%a7%f0%9f%8e%a4abd-al-malik-raconte-le-combat-dun-esclave-a-la-reunion-dans-son-film-furcy-ne-libre","status":"publish","type":"post","link":"https:\/\/www.europesays.com\/fr\/371361\/","title":{"rendered":"\ud83c\udfa7\ud83c\udfa4Abd Al Malik raconte le combat d\u2019un esclave \u00e0 La R\u00e9union dans son film \u00ab\u00a0Furcy, n\u00e9 libre\u00a0\u00bb"},"content":{"rendered":"<p>Le film \u00ab\u00a0Furcy, n\u00e9 libre\u00a0\u00bb, d\u00e9voil\u00e9 lors du Festival du film francophone \u00e0 Angoul\u00eame la semaine derni\u00e8re sortira dans les Outre-mer en d\u00e9cembre avant sa sortie nationale en janvier prochain. L\u2019occasion pour le podcast \u00ab\u00a0L\u2019Oreille est hardie\u00a0\u00bb de faire sa rentr\u00e9e avec Abd Al Malik, r\u00e9alisateur conscient de toute l\u2019ampleur de ce sujet de l\u2019esclavage\u2026<\/p>\n<p>C\u2019est le deuxi\u00e8me long m\u00e9trage r\u00e9alis\u00e9 par <strong>Abd al Malik<\/strong>, po\u00e8te &#8211; comme il se pr\u00e9sente lui-m\u00eame -, touche-\u00e0-tout \u00e0 la fois rappeur, slameur, \u00e9crivain et\u2026 cin\u00e9aste donc. <strong>Furcy, n\u00e9 libre<\/strong>, c\u2019est aussi le deuxi\u00e8me film de cette envergure &#8211; apr\u00e8s l\u2019an dernier <a href=\"https:\/\/la1ere.franceinfo.fr\/ni-chaines-ni-maitres-grand-film-hommage-au-marronnage-1521296.html\" target=\"_blank\" rel=\"noopener nofollow\">Ni cha\u00eene, ni ma\u00eetre<\/a> de Simon Mouta\u00efrou &#8211; traitant de front la question de l\u2019esclavage historique et de ses abolitions en France, ce qui suffit d\u00e9j\u00e0 \u00e0 en faire un film remarqu\u00e9 si ce n\u2019est remarquable.\u00a0<\/p>\n<p>                                    <img class=\"a-article__image lazy libre\" width=\"0\" height=\"0\" data-src=\"https:\/\/www.europesays.com\/fr\/wp-content\/uploads\/2025\/09\/img-1449-68ba992943c89878640259.jpg\" style=\"--img-placeholder: url('\/assets\/img\/placeholders\/article-800-450.svg');\" alt=\"Romain Duris et Makita Samba dans &quot;Furcy, n\u00e9 libre&quot; d'Abd al Malik\" aria-hidden=\"true\"\/><\/p>\n<p>                Romain Duris et Makita Samba dans \u00ab\u00a0Furcy, n\u00e9 libre\u00a0\u00bb d&rsquo;Abd al Malik<br \/>\n                     \u2022<br \/>\n                            \u00a9DR<\/p>\n<p>\u00c0 travers l\u2019histoire exceptionnelle de l\u2019esclave Furcy qui, au 19\u00e8me si\u00e8cle \u00e0 <strong>La R\u00e9union<\/strong>, s\u2019est battu vingt-sept ans durant pour faire reconna\u00eetre, par le droit, sa libert\u00e9, Abd Al Malik r\u00e9alise ainsi non pas un \u00ab\u00a0film d\u2019esclavage\u00a0\u00bb mais construit un r\u00e9cit autour des principes m\u00eames de libert\u00e9 et d\u2019affranchissement par soi-m\u00eame, une \u0153uvre sur le combat d\u2019un individu, construite pour le mieux collectif.\u00a0<\/p>\n<p>Le film s\u2019appuie sur le livre <strong>L\u2019affaire de l\u2019esclave Furcy<\/strong> de <strong>Mohamed A\u00efssaoui<\/strong> ; livre dont l\u2019adaptation sur grand \u00e9cran est sign\u00e9e <strong>Etienne Comar<\/strong> et Abd Al Malik. Ce dernier nous raconte tout dans ce nouvel \u00e9pisode du podcast <strong>L\u2019Oreille est hardie <\/strong>:<\/p>\n<\/p>\n<p>Pourquoi ce titre ? Pr\u00e9cis\u00e9ment parce que Furcy est n\u00e9 libre, c\u2019est pr\u00e9cis\u00e9ment l\u2019histoire de ce film ! 19eme si\u00e8cle, \u00eele de La R\u00e9union (d\u00e9nomm\u00e9e \u00eele Bourbon \u00e0 l\u2019\u00e9poque), Furcy, esclave sur une plantation, qui a appris \u00e0 lire en cachette, d\u00e9couvre dans les affaires de sa m\u00e8re d\u00e9c\u00e9d\u00e9e des documents prouvant qu\u2019elle avait \u00e9t\u00e9 affranchie et que donc par voie de fait, lui, son fils, est n\u00e9 libre. D\u00e8s lors, son combat sera celui de la libert\u00e9 &#8211; ou plut\u00f4t de se battre pour prouver qu\u2019il est n\u00e9 libre et non esclave &#8211; et qu\u2019il n\u2019aurait jamais d\u00fb \u00eatre asservi.\u00a0<\/p>\n<p>                                    <img class=\"a-article__image lazy libre\" width=\"0\" height=\"0\" data-src=\"https:\/\/www.europesays.com\/fr\/wp-content\/uploads\/2025\/09\/img-1450-68ba9d1353dd9928647645.jpg\" style=\"--img-placeholder: url('\/assets\/img\/placeholders\/article-800-450.svg');\" alt=\"&quot;Furcy, n\u00e9 libre&quot; d'Abd al Malik sortira en d\u00e9cembre sur les \u00e9crans des Outre-mer\" aria-hidden=\"true\"\/><\/p>\n<p>                \u00ab\u00a0Furcy, n\u00e9 libre\u00a0\u00bb d&rsquo;Abd al Malik sortira en d\u00e9cembre sur les \u00e9crans des Outre-mer<br \/>\n                     \u2022<br \/>\n                            \u00a9DR<\/p>\n<p>C\u2019est ce combat qui a fascin\u00e9 Abd Al Malik \u00e0 qui on avait propos\u00e9 il y a dix ans, lors d\u2019un passage \u00e0 la R\u00e9union pour un concert, d\u2019adapter au th\u00e9\u00e2tre le livre de Mohamed A\u00efssaoui, L\u2019affaire de l\u2019esclave<strong> <\/strong>Furcy\u00a0(prix Renaudot de l&rsquo;essai et prix RFO, 2010).\u00a0De son propre aveu, Abd Al Malik n\u2019\u00e9tait pas encore pr\u00eat pour traiter ce vaste sujet qu\u2019est l\u2019esclavage.<\/p>\n<p>                                    <img class=\"a-article__image lazy libre\" width=\"0\" height=\"0\" data-src=\"https:\/\/www.europesays.com\/fr\/wp-content\/uploads\/2025\/09\/abd-al-malik-livre-1-68ba9e0816df7415017481.jpg\" style=\"--img-placeholder: url('\/assets\/img\/placeholders\/article-800-450.svg');\" alt=\"Abd al Malik et Etienne Comar ont adapt\u00e9 le livre de Mohamed A\u00efssaoui &quot;L'affaire de l'esclave Furcy&quot;\" aria-hidden=\"true\"\/><\/p>\n<p>                Abd al Malik et Etienne Comar ont adapt\u00e9 le livre de Mohamed A\u00efssaoui \u00ab\u00a0L&rsquo;affaire de l&rsquo;esclave Furcy\u00a0\u00bb<br \/>\n                     \u2022<br \/>\n                            \u00a9DR<\/p>\n<p>Puis au cours des dix ann\u00e9es qui ont suivi, apr\u00e8s avoir tourn\u00e9 abord\u00e9 le sujet d\u2019abord en faisant la voix fran\u00e7aise d\u2019un esclave pour un film am\u00e9ricain (The birth of a nation &#8211; Nate Parker, 2016) puis en travaillant autour de l\u2019une position le mod\u00e8le noir au mus\u00e9e d\u2019Orsay ; enfin, en accompagnant le m\u00e9morial de Nantes pour la m\u00e9moire de l\u2019esclavage et de ses abolitions, les choses et le regard changent : le sc\u00e9nariste \u00c9tienne Cormar en qu\u00eate d\u2019un r\u00e9alisateur pour tourner l\u2019adaptation de L\u2019affaire de l\u2019esclave Furcy fait appel \u00e0 Abd Al Malik qui cette fois est pr\u00eat ! Il r\u00e9alisera ainsi son deuxi\u00e8me long m\u00e9trage apr\u00e8s Qu\u2019Allah b\u00e9nisse la France. Il n\u2019y a pas de hasard dans les destin\u00e9es\u2026<\/p>\n<p>                                    <img class=\"a-article__image lazy libre\" width=\"0\" height=\"0\" data-src=\"https:\/\/www.europesays.com\/fr\/wp-content\/uploads\/2025\/09\/une-jt-110424-6617be24170b3851991605.jpg\" style=\"--img-placeholder: url('\/assets\/img\/placeholders\/article-800-450.svg');\" alt=\"Outremer.l'info du 11 avril 2024\" aria-hidden=\"true\"\/><\/p>\n<p>                Abd Al Malik en tournage \u00e0 La R\u00e9union<br \/>\n                     \u2022<br \/>\n                            \u00a9Outre-mer la 1\u00e8re<\/p>\n<p>Et d\u2019autres vibrations li\u00e9es cette fois \u00e0 ses visites \u00e0 la R\u00e9union ach\u00e8veront de convaincre le po\u00e8te-rappeur-\u00e9crivain-realisateur qu\u2019un tel projet est \u00e0 sa port\u00e9e. Dans L\u2019Oreille est hardie, Abd Al Malik raconte comment il se sent investi d\u2019une sorte de mission en r\u00e9alisant Furcy, n\u00e9 libre.<\/p>\n<p>D\u2019abord, il faut le dire : si le film d\u2019esclavage est devenu presqu\u2019un genre en soi aux Etats-Unis, force est de constater qu\u2019il est rare en France. Apr\u00e8s Ni cha\u00eenes, ni ma\u00eetre de Simon Mouta\u00efrou l\u2019an dernier, le seul autre film d\u2019envergure &#8211; par sa r\u00e9alisation et sa sortie &#8211; sera bel et bien ce Furcy, n\u00e9 libre qui s\u2019est d\u00e9voil\u00e9 lors du <strong>Festival du film francophone d\u2019Angoul\u00eame<\/strong> o\u00f9 L\u2019Oreille\u2026 a rencontr\u00e9 Abd Al Malik.<\/p>\n<p>                                    <img class=\"a-article__image lazy libre\" width=\"800\" height=\"450\" data-src=\"https:\/\/www.europesays.com\/fr\/wp-content\/uploads\/2025\/09\/furcy-ffa-dsc01901-c-duchili-68ba99cc2be77525328628.jpg\" style=\"--img-placeholder: url('\/assets\/img\/placeholders\/article-800-450.svg');\" alt=\"Abd al Malik, Vincent Macaigne et Makita Samba au Festival du film francophone d'Angoul\u00eame\" aria-hidden=\"true\"\/><\/p>\n<p>                Abd al Malik, Vincent Macaigne et Makita Samba au Festival du film francophone d&rsquo;Angoul\u00eame<br \/>\n                     \u2022<br \/>\n                            \u00a9Duchilli<\/p>\n<p>Adb Al Malik a voulu faire un film de cin\u00e9ma &#8211; l\u2019artiste est un grand cin\u00e9phile et le 7\u00e8me art conjugu et convoque, selon lui, toutes les disciplines artistiques &#8211; et dire aussi qu\u2019un film pouvait \u00eatre p\u00e9dagogique mais aussi et surtout un objet de r\u00e9conciliation. R\u00e9conciliation ? On part d\u2019une histoire singuli\u00e8re, l\u2019esclavage, mais, dit-il en substance, c\u2019est de l\u2019humanit\u00e9 toute enti\u00e8re dont il s\u2019agit, comme un \u00e9cho d\u2019hier \u00e0 la situation d\u2019aujourd\u2019hui.\u00a0\u00a0<\/p>\n<p>                                    <img class=\"a-article__image lazy libre\" width=\"0\" height=\"0\" data-src=\"https:\/\/www.europesays.com\/fr\/wp-content\/uploads\/2025\/09\/img-1451-68baa01fd70da199364295.jpg\" style=\"--img-placeholder: url('\/assets\/img\/placeholders\/article-800-450.svg');\" alt=\"Ana Girardot et Makita Samba, lors du tournage de &quot;Furcy...&quot; \u00e0 La R\u00e9union\" aria-hidden=\"true\"\/><\/p>\n<p>                Ana Girardot et Makita Samba, lors du tournage de \u00ab\u00a0Furcy&#8230;\u00a0\u00bb \u00e0 La R\u00e9union<br \/>\n                     \u2022<br \/>\n                            \u00a9Jean-Marc Collienne<\/p>\n<p>Sans parler donc de ce vide \u00e0 combler dans le cin\u00e9ma fran\u00e7ais qui a bien du mal \u00e0 regarder en face son pass\u00e9 esclavagiste et colonial. Tout cela par le canal de la fiction mise service d\u2019une v\u00e9rit\u00e9 historique \u00e0 embrasser collectivement. Pour avancer ensemble, pour faire peuple, souligne Abd Al Malik.<\/p>\n<p>                                    <img class=\"a-article__image lazy libre\" width=\"800\" height=\"450\" data-src=\"https:\/\/www.europesays.com\/fr\/wp-content\/uploads\/2025\/09\/img-1453-68baa1a9bdb43052574334.jpeg\" style=\"--img-placeholder: url('\/assets\/img\/placeholders\/article-800-450.svg');\" alt=\"Makita Samba et Ana Girardot\" aria-hidden=\"true\"\/><\/p>\n<p>                Makita Samba et Ana Girardot<br \/>\n                     \u2022<br \/>\n                            \u00a9Jean-Marc Collienne<\/p>\n<p>Et plongez dans l\u2019univers d\u2019Abd Al Malik, artiste ind\u00e9niablement convaincant et convaincu qui tisse et tire \u00e0 chaque projet un fil empreint de coh\u00e9rence, de d\u00e9sir de coh\u00e9sion, de sens\u2026 avec derri\u00e8re chaque mot dit une pens\u00e9e claire et des opinions affirm\u00e9es. Tout cela transpire et transpara\u00eet dans l\u2019\u00e9change que vous pouvez entendre dans le podcast tout autant que cela se voit dans son film Furcy, n\u00e9 libre. Un propos clair, sans d\u00e9tour sur l\u2019horreur de l\u2019esclavage et sur toute la lumi\u00e8re qui peut na\u00eetre par ceux qui l\u2019ont combattu d\u2019une fa\u00e7on ou d\u2019une autre.<\/p>\n<p>                                    <img class=\"a-article__image lazy libre\" width=\"400\" height=\"400\" data-src=\"https:\/\/www.europesays.com\/fr\/wp-content\/uploads\/2025\/09\/abd-al-malik-angouleme-68baa2448ab88677434254.jpg\" style=\"--img-placeholder: url('\/assets\/img\/placeholders\/article-800-450.svg');\" alt=\"Abd al Malik, r\u00e9alisateur de &quot;Furcy, n\u00e9 libre&quot;\" aria-hidden=\"true\"\/><\/p>\n<p>                Abd al Malik, r\u00e9alisateur de \u00ab\u00a0Furcy, n\u00e9 libre\u00a0\u00bb<br \/>\n                     \u2022<br \/>\n                            \u00a9La1ere<\/p>\n<p>Le film est tout \u00e0 la fois fort et sensible, ouvert \u00e0 la r\u00e9flexion, nuanc\u00e9 dans l\u2019interpr\u00e9tation des personnages pour \u00e9viter tout manich\u00e9isme inutilement lourd &#8211; mention sp\u00e9ciale au r\u00f4le principal Makita Samba qui incarne sur vingt-sept ans, tout au long de son combat,\u00a0un Furcy en proie tout \u00e0 tour \u00e0 l\u2019optimisme, au doute, \u00e0 la r\u00e9signation, \u00e0 la col\u00e8re, \u00e0 la d\u00e9termination et \u00e0 Vincent Macaine qui joue le r\u00f4le du propri\u00e9taire de la plantation.<br \/>L\u2019Oreille\u2026 et La1ere vous reparleront de ce long m\u00e9trage \u00e0 ne surtout pas manquer, \u00e0 l\u2019approche de sa sortie en d\u00e9cembre dans les Outre-mer et le 14 janvier 2026, sur tous les \u00e9crans de France.\u00a0<\/p>\n<p>Retrouvez <strong>Abd Al Malik dans <a href=\"https:\/\/la1ere.franceinfo.fr\/programme-audio\/loreille-est-hardie-3d500671-b922-4e61-9548-1ea879482e09\/\" target=\"_blank\" rel=\"noopener nofollow\">L\u2019Oreille est hardie, c\u2019est par ICI !<\/a><\/strong><\/p>\n<p>Ou par l\u00e0 :\u00a0<\/p>\n<\/p>\n<p><strong>\u00ab\u00a0Furcy, n\u00e9 libre\u00a0\u00bb, film d\u2019Abd Al Malik avec Makita Samba, Romain Duris, Vincent Macaigne, Ana Girardot\u2026<\/strong><\/p>\n<p>\u00a0\u00a0\u00a0<\/p>\n","protected":false},"excerpt":{"rendered":"Le film \u00ab\u00a0Furcy, n\u00e9 libre\u00a0\u00bb, d\u00e9voil\u00e9 lors du Festival du film francophone \u00e0 Angoul\u00eame la semaine derni\u00e8re sortira&hellip;\n","protected":false},"author":2,"featured_media":371362,"comment_status":"","ping_status":"","sticky":false,"template":"","format":"standard","meta":{"footnotes":""},"categories":[1354],"tags":[58,59,1346,1011,27,1360],"class_list":{"0":"post-371361","1":"post","2":"type-post","3":"status-publish","4":"format-standard","5":"has-post-thumbnail","7":"category-films","8":"tag-divertissement","9":"tag-entertainment","10":"tag-films","11":"tag-fr","12":"tag-france","13":"tag-movies"},"share_on_mastodon":{"url":"https:\/\/pubeurope.com\/@fr\/115159097893881711","error":""},"_links":{"self":[{"href":"https:\/\/www.europesays.com\/fr\/wp-json\/wp\/v2\/posts\/371361","targetHints":{"allow":["GET"]}}],"collection":[{"href":"https:\/\/www.europesays.com\/fr\/wp-json\/wp\/v2\/posts"}],"about":[{"href":"https:\/\/www.europesays.com\/fr\/wp-json\/wp\/v2\/types\/post"}],"author":[{"embeddable":true,"href":"https:\/\/www.europesays.com\/fr\/wp-json\/wp\/v2\/users\/2"}],"replies":[{"embeddable":true,"href":"https:\/\/www.europesays.com\/fr\/wp-json\/wp\/v2\/comments?post=371361"}],"version-history":[{"count":0,"href":"https:\/\/www.europesays.com\/fr\/wp-json\/wp\/v2\/posts\/371361\/revisions"}],"wp:featuredmedia":[{"embeddable":true,"href":"https:\/\/www.europesays.com\/fr\/wp-json\/wp\/v2\/media\/371362"}],"wp:attachment":[{"href":"https:\/\/www.europesays.com\/fr\/wp-json\/wp\/v2\/media?parent=371361"}],"wp:term":[{"taxonomy":"category","embeddable":true,"href":"https:\/\/www.europesays.com\/fr\/wp-json\/wp\/v2\/categories?post=371361"},{"taxonomy":"post_tag","embeddable":true,"href":"https:\/\/www.europesays.com\/fr\/wp-json\/wp\/v2\/tags?post=371361"}],"curies":[{"name":"wp","href":"https:\/\/api.w.org\/{rel}","templated":true}]}}