{"id":371365,"date":"2025-09-06T19:53:11","date_gmt":"2025-09-06T19:53:11","guid":{"rendered":"https:\/\/www.europesays.com\/fr\/371365\/"},"modified":"2025-09-06T19:53:11","modified_gmt":"2025-09-06T19:53:11","slug":"le-courrier-envoye-a-la-fff-pour-alerter-sur-letat-de-sante-de-dembele-doue-et-des-autres-joueurs-parisiens","status":"publish","type":"post","link":"https:\/\/www.europesays.com\/fr\/371365\/","title":{"rendered":"le courrier envoy\u00e9 \u00e0 la FFF pour alerter sur l&rsquo;\u00e9tat de sant\u00e9 de Demb\u00e9l\u00e9, Dou\u00e9 et des autres joueurs parisiens"},"content":{"rendered":"\n<p class=\"Paragraph__content\" data-v-e14a34bc=\"\">Le courrier est dat\u00e9 du 4\u00a0septembre et adress\u00e9 \u00e0 Philippe Diallo, le pr\u00e9sident de la F\u00e9d\u00e9ration fran\u00e7aise de football, ainsi qu&rsquo;au secr\u00e9tariat g\u00e9n\u00e9ral de la FFF. Gr\u00e9gory Durand, secr\u00e9taire g\u00e9n\u00e9ral du PSG et signataire du courrier, le commence en \u00ab\u00a0r\u00e9affirmant l&rsquo;attachement du club \u00e0 la mission f\u00e9d\u00e9rale et \u00e0 l&rsquo;\u00e9quipe de France, dont le rayonnement constitue un objectif que nous partageons pleinement\u00a0\u00bb, avant de poursuivre\u00a0: \u00ab\u00a0Nous devons aujourd&rsquo;hui vous faire part de notre profonde inqui\u00e9tude et de notre m\u00e9contentement quant \u00e0 la pr\u00e9servation de la sant\u00e9 de nos joueurs internationaux, \u00e0 l&rsquo;occasion de leurs convocations en s\u00e9lection.\u00a0\u00bb<\/p>\n<p>Sur deux pages, le PSG prend les exemples d&rsquo;Ousmane Demb\u00e9l\u00e9 et de Lucas Hernandez, \u00ab\u00a0deux de nos joueurs bless\u00e9s puis maintenus dans le groupe malgr\u00e9 une situation clinique incompatible avec la comp\u00e9tition\u00a0\u00bb, pour d\u00e9fendre sa position. Le club de la capitale d\u00e9plore \u00e9galement le manque d&rsquo;\u00e9change pr\u00e9alable \u00e0 l&rsquo;arriv\u00e9e des joueurs, ce qui lui fait dire que la d\u00e9cision a \u00e9t\u00e9 prise \u00ab\u00a0de mani\u00e8re unilat\u00e9rale, sans concertation, ni validation de nos \u00e9quipes m\u00e9dicales\u00a0\u00bb.<\/p>\n<p>                       Le PSG souligne \u00ab\u00a0un historique lourd\u00a0\u00bb <\/p>\n<p class=\"Paragraph__content\" data-v-e14a34bc=\"\">Paris avait vu juste sur le cas d&rsquo;Ousmane Demb\u00e9l\u00e9, pr\u00e9voyant une \u00ab\u00a0prise de risque injustifi\u00e9e exposant les joueurs \u00e0 des complications et alt\u00e9rant leur disponibilit\u00e9 \u00e0 court et moyen terme pour leur club.\u00a0\u00bb<\/p>\n<p class=\"Paragraph__content\" data-v-e14a34bc=\"\">Dans ce courrier, le PSG reprend les derniers exemples en date &#8211; un \u00ab\u00a0historique lourd\u00a0\u00bb &#8211; pour alerter la FFF\u00a0:<\/p>\n<p class=\"Paragraph__content\" data-v-e14a34bc=\"\">&#8211; \u00ab\u00a0En juin 2025, Ousmane Demb\u00e9l\u00e9 a subi une l\u00e9sion de fatigue, quatre jours seulement apr\u00e8s la finale de la Ligue des champions\u00a0\u00bb,<\/p>\n<p class=\"Paragraph__content\" data-v-e14a34bc=\"\">&#8211; \u00ab\u00a0Bradley Barcola, sur la m\u00eame p\u00e9riode, a signal\u00e9 une douleur au genou sans qu&rsquo;aucun \u00e9change n&rsquo;ait \u00e9t\u00e9 initi\u00e9\u00a0\u00bb,<\/p>\n<p class=\"Paragraph__content\" data-v-e14a34bc=\"\">&#8211; \u00ab\u00a0En septembre 2024, Warren Za\u00efre-Emery a contract\u00e9 une l\u00e9sion musculaire, l\u00e0 encore sans aucune information transmise au club.\u00a0\u00bb<\/p>\n<p class=\"Paragraph__content\" data-v-e14a34bc=\"\">Apr\u00e8s avoir fait \u00e9tat de tous ces reproches, Paris finit par proposer une solution \u00e0 la FFF en demandant\u00a0:<\/p>\n<p class=\"Paragraph__content\" data-v-e14a34bc=\"\">&#8211; \u00ab\u00a0La mise en place imm\u00e9diate d&rsquo;un protocole formalis\u00e9 de communication m\u00e9dicale, garantissant des \u00e9changes syst\u00e9matiques, document\u00e9s et r\u00e9ciproques entre les staffs m\u00e9dicaux du club et de la s\u00e9lection\u00a0\u00bb,<\/p>\n<p class=\"Paragraph__content\" data-v-e14a34bc=\"\">&#8211; \u00ab\u00a0Le respect d&rsquo;un principe de pr\u00e9caution renforc\u00e9 dans la convocation et l&rsquo;utilisation des joueurs\u00a0\u00bb, notamment lorsqu&rsquo;ils sortent d&rsquo;un encha\u00eenement de matches ou pr\u00e9sentent une pathologie en cours de traitement.<\/p>\n","protected":false},"excerpt":{"rendered":"Le courrier est dat\u00e9 du 4\u00a0septembre et adress\u00e9 \u00e0 Philippe Diallo, le pr\u00e9sident de la F\u00e9d\u00e9ration fran\u00e7aise de&hellip;\n","protected":false},"author":2,"featured_media":371366,"comment_status":"","ping_status":"","sticky":false,"template":"","format":"standard","meta":{"footnotes":""},"categories":[9],"tags":[1011,27,60],"class_list":{"0":"post-371365","1":"post","2":"type-post","3":"status-publish","4":"format-standard","5":"has-post-thumbnail","7":"category-sports","8":"tag-fr","9":"tag-france","10":"tag-sports"},"share_on_mastodon":{"url":"https:\/\/pubeurope.com\/@fr\/115159105766959534","error":""},"_links":{"self":[{"href":"https:\/\/www.europesays.com\/fr\/wp-json\/wp\/v2\/posts\/371365","targetHints":{"allow":["GET"]}}],"collection":[{"href":"https:\/\/www.europesays.com\/fr\/wp-json\/wp\/v2\/posts"}],"about":[{"href":"https:\/\/www.europesays.com\/fr\/wp-json\/wp\/v2\/types\/post"}],"author":[{"embeddable":true,"href":"https:\/\/www.europesays.com\/fr\/wp-json\/wp\/v2\/users\/2"}],"replies":[{"embeddable":true,"href":"https:\/\/www.europesays.com\/fr\/wp-json\/wp\/v2\/comments?post=371365"}],"version-history":[{"count":0,"href":"https:\/\/www.europesays.com\/fr\/wp-json\/wp\/v2\/posts\/371365\/revisions"}],"wp:featuredmedia":[{"embeddable":true,"href":"https:\/\/www.europesays.com\/fr\/wp-json\/wp\/v2\/media\/371366"}],"wp:attachment":[{"href":"https:\/\/www.europesays.com\/fr\/wp-json\/wp\/v2\/media?parent=371365"}],"wp:term":[{"taxonomy":"category","embeddable":true,"href":"https:\/\/www.europesays.com\/fr\/wp-json\/wp\/v2\/categories?post=371365"},{"taxonomy":"post_tag","embeddable":true,"href":"https:\/\/www.europesays.com\/fr\/wp-json\/wp\/v2\/tags?post=371365"}],"curies":[{"name":"wp","href":"https:\/\/api.w.org\/{rel}","templated":true}]}}