{"id":371367,"date":"2025-09-06T19:54:11","date_gmt":"2025-09-06T19:54:11","guid":{"rendered":"https:\/\/www.europesays.com\/fr\/371367\/"},"modified":"2025-09-06T19:54:11","modified_gmt":"2025-09-06T19:54:11","slug":"la-mostra-de-venise-decerne-le-lion-dor-a-father-mother-sister-brother-de-jim-jarmusch-un-film-sur-gaza-recompense-du-lion-dargent","status":"publish","type":"post","link":"https:\/\/www.europesays.com\/fr\/371367\/","title":{"rendered":"La Mostra de Venise\u00a0d\u00e9cerne le Lion d\u2019or \u00e0 \u00ab\u00a0Father Mother Sister Brother\u00a0\u00bb de Jim Jarmusch\u00a0; un film sur Gaza r\u00e9compens\u00e9 du Lion d\u2019argent"},"content":{"rendered":"<p>                          <img loading=\"lazy\" decoding=\"async\" src=\"https:\/\/www.europesays.com\/fr\/wp-content\/uploads\/2025\/09\/d2f7c81_ftp-import-images-1-v6sryexf51vi-2025-09-06t191637z-1576732879-rc2jmgad05x9-rtrmadp-3-filmfe.jpeg\" alt=\"Jim Jarmusch re\u00e7oit le Lion d\u2019or au festival du film de Venise, le 6\u00a0septembre 2025, en Italie.\"   width=\"664\" height=\"443\"\/>    Jim Jarmusch re\u00e7oit le Lion d\u2019or au festival du film de Venise, le 6\u00a0septembre 2025, en Italie.  YARA NARDI \/ REUTERS                          <\/p>\n<p class=\"article__paragraph  \">Le Lion d\u2019or a \u00e9t\u00e9 d\u00e9cern\u00e9, samedi 6\u00a0septembre, \u00e0 la surprise g\u00e9n\u00e9rale, au film Father Mother Sister Brother de l\u2019Am\u00e9ricain Jim Jarmusch, \u00e0 l\u2019occasion de la 82e Mostra de Venise, qui a \u00e9galement r\u00e9compens\u00e9 le film \u00e9v\u00e9nement sur Gaza, The Voice of Hind Rajab.<\/p>\n<p class=\"article__paragraph  \">Father Mother Sister Brother est une exploration des relations familiales dans un triptyque entre le New Jersey, Dublin et Paris, avec un casting compos\u00e9 d\u2019Adam Driver, Cate Blanchett, Tom Waits\u2026<\/p>\n<p class=\"article__paragraph  \">Longtemps consid\u00e9r\u00e9 comme favori, le film de la r\u00e9alisatrice Kaouther Ben Hania sur Gaza a \u00e9t\u00e9 r\u00e9compens\u00e9 du Lion d\u2019argent, le deuxi\u00e8me prix le plus important du festival. Le film choc raconte le calvaire d\u2019une fillette palestinienne tu\u00e9e au d\u00e9but de 2024 \u00e0 Gaza. \u00ab\u00a0Le cin\u00e9ma ne peut pas ramener Hind et effacer les atrocit\u00e9s commises contre elle\u00a0\u00bb, a r\u00e9agi Kaouther Ben Hania, accueillie par une standing ovation, en recevant son prix. Mais \u00ab\u00a0le cin\u00e9ma peut pr\u00e9server sa voix (\u2026) car son histoire n\u2019est pas que la sienne. C\u2019est celle tragique de tout un peuple, un peuple souffrant d\u2019un g\u00e9nocide inflig\u00e9 par un gouvernement isra\u00e9lien criminel qui agit avec impunit\u00e9\u00a0\u00bb, a-t-elle insist\u00e9.<\/p>\n<p>                                                                  Toni Servillo, meilleur acteur\u00a0; Xin Zhilei, meilleure actrice                    <\/p>\n<p class=\"article__paragraph  \">Au terme d\u2019une \u00e9dition tr\u00e8s politique de la Mostra, l\u2019acteur italien Toni Servillo a \u00e9t\u00e9 r\u00e9compens\u00e9 pour son r\u00f4le de pr\u00e9sident veuf en fin de mandat rattrap\u00e9 par des dilemmes moraux dans\u00a0La Grazia\u00a0de Paolo Sorrentino. Il fait partie des signataires d\u2019une lettre qui a appel\u00e9 le festival \u00e0 prendre clairement position contre les actions d\u2019Isra\u00ebl dans la bande de Gaza d\u00e9vast\u00e9e par la guerre.<\/p>\n<p class=\"article__paragraph  \">Dans son discours, il a exprim\u00e9 son \u00ab\u00a0admiration pour ce sentiment que tout le cin\u00e9ma italien \u00e9prouve en ce moment, l\u2019admiration du cin\u00e9ma italien pour ceux qui ont d\u00e9cid\u00e9 en ce moment de prendre la mer. Avec le courage d\u2019atteindre la Palestine et d\u2019apporter un signe d\u2019humanit\u00e9, dans une terre o\u00f9, quotidiennement et cruellement, la dignit\u00e9 humaine est bafou\u00e9e\u00a0\u00bb. L\u2019acteur fait r\u00e9f\u00e9rence \u00e0 une flottille \u00ab\u00a0Global Sumud\u00a0\u00bb, en partance pour la bande de Gaza.<\/p>\n<p>                                       Lire aussi |  Article r\u00e9serv\u00e9 \u00e0 nos abonn\u00e9s  <a href=\"https:\/\/www.lemonde.fr\/culture\/article\/2025\/09\/05\/a-la-mostra-de-venise-le-documentaire-dame-le-pion-a-la-fiction_6639095_3246.html\" class=\"js-article-read-also catcher--favoris__link\" data-premium=\"1\" id=\"article-title-3436145\" rel=\"nofollow noopener\" target=\"_blank\">A la Mostra de Venise, le documentaire dame le pion \u00e0 la fiction<\/a>    <\/p>\n<p>   Lire plus tard  <\/p>\n<p class=\"article__paragraph  \">La coupe Volpi de la meilleure actrice a, elle, \u00e9t\u00e9 remise \u00e0 la Chinoise Xin Zhilei, d\u00e9j\u00e0 c\u00e9l\u00e8bre dans son pays, et qui acc\u00e8de ainsi \u00e0 une reconnaissance internationale gr\u00e2ce \u00e0 son r\u00f4le de femme en qu\u00eate de r\u00e9demption dans\u00a0The sun rises on us all. Dans le film de Cai Shangjun, Xin Zhilei joue Meiyun, une femme rong\u00e9e par le remords, qui voit revenir dans sa vie un ancien amant avec qui elle partage un sombre pass\u00e9.<\/p>\n<p class=\"article__paragraph  \">Xin Zhilei offre une interpr\u00e9tation poignante de cette femme tourment\u00e9e, tout en gestes subtils, face \u00e0 un ex-amant bris\u00e9 mais toujours digne. \u00ab\u00a0Je voulais devenir une superstar internationale. A l\u2019\u00e9poque, j\u2019ai \u00e9t\u00e9 la cible de beaucoup de moqueries. Mais vous voyez, aujourd\u2019hui, je me tiens enfin ici. (\u2026). Je suis fi\u00e8re de moi\u00a0\u00bb, a d\u00e9clar\u00e9 l\u2019actrice lors de son discours de remerciements. A 39\u00a0ans, l\u2019actrice d\u00e9croche avec ce r\u00f4le l\u2019un des prix les plus prestigieux du cin\u00e9ma international et succ\u00e8de \u00e0 Nicole Kidman, r\u00e9compens\u00e9e en\u00a02024 pour le thriller \u00e9rotique\u00a0Babygirl.<\/p>\n<p>                                       Lire aussi |  Article r\u00e9serv\u00e9 \u00e0 nos abonn\u00e9s  <a href=\"https:\/\/www.lemonde.fr\/culture\/article\/2025\/08\/28\/le-festival-de-venise-2025-celebre-le-pouvoir-d-empathie-du-cinema-pour-son-ouverture_6636804_3246.html\" class=\"js-article-read-also catcher--favoris__link\" data-premium=\"1\" id=\"article-title-3435716\" rel=\"nofollow noopener\" target=\"_blank\">La Mostra de Venise 2025\u00a0c\u00e9l\u00e8bre le pouvoir d\u2019empathie du cin\u00e9ma pour son ouverture<\/a>    <\/p>\n<p>   Lire plus tard  <\/p>\n<p class=\"article__paragraph  \">Par ailleurs, le Lion d\u2019argent de la meilleure r\u00e9alisation\u00a0a \u00e9t\u00e9 d\u00e9cern\u00e9 \u00e0 Benny Safdie pour\u00a0The Smashing Machine. A pied d\u2019\u0153uvre, de Val\u00e9rie Donzelli, a re\u00e7u le prix du meilleur sc\u00e9nario. Le prix sp\u00e9cial du jury a \u00e9t\u00e9 attribu\u00e9 \u00e0\u00a0Sotto le nuvole, de Gianfranco Rosi, et le prix Marcello Mastroianni du meilleur espoir, \u00e0 Luna Wedler, dans\u00a0Silent friend\u00a0d\u2019Ildik\u00f3 Enyedi.<\/p>\n<p class=\"author__detail\">  Le Monde avec AFP  <\/p>\n<p>                  <a href=\"https:\/\/www.lemonde.fr\/syndication\/\" class=\"reuse__content\" title=\"R\u00e9utiliser ce contenu\" target=\"_blank\" rel=\"nofollow noopener\">R\u00e9utiliser ce contenu<\/a>      <\/p>\n","protected":false},"excerpt":{"rendered":"Jim Jarmusch re\u00e7oit le Lion d\u2019or au festival du film de Venise, le 6\u00a0septembre 2025, en Italie. YARA&hellip;\n","protected":false},"author":2,"featured_media":371368,"comment_status":"","ping_status":"","sticky":false,"template":"","format":"standard","meta":{"footnotes":""},"categories":[8],"tags":[58,59,1011,27],"class_list":{"0":"post-371367","1":"post","2":"type-post","3":"status-publish","4":"format-standard","5":"has-post-thumbnail","7":"category-divertissement","8":"tag-divertissement","9":"tag-entertainment","10":"tag-fr","11":"tag-france"},"share_on_mastodon":{"url":"https:\/\/pubeurope.com\/@fr\/115159109953704484","error":""},"_links":{"self":[{"href":"https:\/\/www.europesays.com\/fr\/wp-json\/wp\/v2\/posts\/371367","targetHints":{"allow":["GET"]}}],"collection":[{"href":"https:\/\/www.europesays.com\/fr\/wp-json\/wp\/v2\/posts"}],"about":[{"href":"https:\/\/www.europesays.com\/fr\/wp-json\/wp\/v2\/types\/post"}],"author":[{"embeddable":true,"href":"https:\/\/www.europesays.com\/fr\/wp-json\/wp\/v2\/users\/2"}],"replies":[{"embeddable":true,"href":"https:\/\/www.europesays.com\/fr\/wp-json\/wp\/v2\/comments?post=371367"}],"version-history":[{"count":0,"href":"https:\/\/www.europesays.com\/fr\/wp-json\/wp\/v2\/posts\/371367\/revisions"}],"wp:featuredmedia":[{"embeddable":true,"href":"https:\/\/www.europesays.com\/fr\/wp-json\/wp\/v2\/media\/371368"}],"wp:attachment":[{"href":"https:\/\/www.europesays.com\/fr\/wp-json\/wp\/v2\/media?parent=371367"}],"wp:term":[{"taxonomy":"category","embeddable":true,"href":"https:\/\/www.europesays.com\/fr\/wp-json\/wp\/v2\/categories?post=371367"},{"taxonomy":"post_tag","embeddable":true,"href":"https:\/\/www.europesays.com\/fr\/wp-json\/wp\/v2\/tags?post=371367"}],"curies":[{"name":"wp","href":"https:\/\/api.w.org\/{rel}","templated":true}]}}