{"id":371369,"date":"2025-09-06T19:55:12","date_gmt":"2025-09-06T19:55:12","guid":{"rendered":"https:\/\/www.europesays.com\/fr\/371369\/"},"modified":"2025-09-06T19:55:12","modified_gmt":"2025-09-06T19:55:12","slug":"un-fossile-de-tortue-vieux-de-50-millions-dannees-revele-un-pan-oublie-de-levolution-marine","status":"publish","type":"post","link":"https:\/\/www.europesays.com\/fr\/371369\/","title":{"rendered":"un fossile de tortue vieux de 50 millions d\u2019ann\u00e9es r\u00e9v\u00e8le un pan oubli\u00e9 de l\u2019\u00e9volution marine"},"content":{"rendered":"<p><strong>Symbole de renouveau scientifique en Syrie, cette d\u00e9couverte d\u2019un fossile complet de tortue marine, baptis\u00e9 Syriemys\u202flelunensis, remonte \u00e0 50\u202fmillions d\u2019ann\u00e9es. Elle remet en lumi\u00e8re l\u2019histoire \u00e9volutive des tortues, les esp\u00e8ces marines disparues et le potentiel g\u00e9ologique d\u2019une r\u00e9gion longtemps oubli\u00e9e.<\/strong><\/p>\n<p><img fetchpriority=\"high\" decoding=\"async\" width=\"1024\" height=\"578\" src=\"https:\/\/www.europesays.com\/fr\/wp-content\/uploads\/2025\/09\/decouverte-fossile-tortue-datant-de-50-millions-annees-1024x578.webp.webp\" alt=\"Fossile de tortue d\u00e9couvert dans le sol, entour\u00e9 d\u2019outils d\u2019arch\u00e9ologues lors de fouilles.\" class=\"wp-image-989394\"  \/>Ce fossile de tortue de 50 millions d\u2019ann\u00e9es apporte de pr\u00e9cieuses informations sur l\u2019\u00e9volution des esp\u00e8ces marines disparues \u2013 DailyGeekShow.com<\/p>\n<p>Une nouvelle esp\u00e8ce de tortue marine d\u00e9couverte dans le nord de la Syrie<\/p>\n<p>Pr\u00e8s d\u2019<strong>Afrin<\/strong>, en <strong>Syrie<\/strong>, une \u00e9quipe internationale a identifi\u00e9 un <strong>fossile complet<\/strong> d\u2019une tortue marine inconnue jusqu\u2019alors, dat\u00e9 du d\u00e9but de l\u2019\u00c9oc\u00e8ne. <\/p>\n<p>Lire aussi <a href=\"https:\/\/dailygeekshow.com\/tumulus-funeraires-kazakhstan\/\" rel=\"nofollow noopener\" target=\"_blank\">150 tumulus fun\u00e9raires d\u2019une civilisation inconnue au Kazakhstan intriguent les arch\u00e9ologues<\/a><\/p>\n<p>Cette d\u00e9couverte, <strong>premier vert\u00e9br\u00e9 <a href=\"https:\/\/dailygeekshow.com\/une-decouverte-archeologique-fascinante-un-fossile-alsacien-vieux-de-247-millions-dannees-bouleverse-la-chronologie-de-levolution\/\" target=\"_blank\" rel=\"noreferrer noopener nofollow\">fossile<\/a><\/strong> enti\u00e8rement d\u00e9crit pour la Syrie, comprend une <strong>empreinte interne compl\u00e8te<\/strong> de la <strong>carapace<\/strong>, ainsi que des parties du <strong>plastron<\/strong>, du <strong>bassin<\/strong> et des <strong>membres post\u00e9rieurs<\/strong>, un mat\u00e9riau particuli\u00e8rement bien conserv\u00e9.<\/p>\n<p><img loading=\"lazy\" decoding=\"async\" width=\"1024\" height=\"768\" src=\"https:\/\/www.europesays.com\/fr\/wp-content\/uploads\/2025\/09\/carapace-tortue-decouverte-syrie-1024x768.webp.webp\" alt=\"Carapace fossilis\u00e9e de la tortue Syriemys lelunensis d\u00e9couverte en Syrie et \u00e9tudi\u00e9e par les pal\u00e9ontologues.\" class=\"wp-image-989395\"  \/>La carapace de Syriemys lelunensis combine les racines grecques \u00ab Sur\u00eda \u00bb (Syrie) et \u00ab em\u00fas \u00bb (tortue), rappelant son origine \u2013 Credit: Wafa Adel Alhalabi<\/p>\n<p>De plus, cette tortue, nomm\u00e9e Syriemys\u202flelunensis, appartenait \u00e0 la lign\u00e9e \u00e9teinte des <strong>Stereogenyini<\/strong>. Gr\u00e2ce \u00e0 elle, les scientifiques repoussent de plus de <strong>10\u202fmillions d\u2019ann\u00e9es<\/strong> l\u2019origine connue de ce <strong>groupe fascinant<\/strong>.<\/p>\n<p>Une m\u00e9thode pr\u00e9cise confirme l\u2019\u00e2ge du fossile et \u00e9claire l\u2019origine des Stereogenyini<\/p>\n<p>L\u2019analyse s\u2019est appuy\u00e9e sur de minuscules <strong>foraminif\u00e8res<\/strong>, extraits de la <strong><a href=\"https:\/\/dailygeekshow.com\/cette-decouverte-geologique-pourrait-obliger-a-reecrire-les-manuels-scolaires-sur-la-formation-des-roches-des-la-rentree\/\" rel=\"nofollow noopener\" target=\"_blank\">roche<\/a> s\u00e9dimentaire<\/strong> entourant le fossile, pour \u00e9tablir son anciennet\u00e9. Cette m\u00e9thode pal\u00e9ontologique, bien \u00e9prouv\u00e9e, a permis de <strong>dater pr\u00e9cis\u00e9ment le sp\u00e9cimen \u00e0 50 millions d\u2019ann\u00e9es<\/strong>.<\/p>\n<p>Lire aussi <a href=\"https:\/\/dailygeekshow.com\/village-danemark\/\" rel=\"nofollow noopener\" target=\"_blank\">Un village vieux de 8 500 ans englouti par la mont\u00e9e des eaux refait surface au Danemark<\/a><\/p>\n<p><img loading=\"lazy\" decoding=\"async\" width=\"1024\" height=\"835\" src=\"https:\/\/www.europesays.com\/fr\/wp-content\/uploads\/2025\/09\/scientifique-wafa-adel-alhalabi-examine-le-fossile-tortue-1024x835.webp.webp\" alt=\"La scientifique Wafa Adel Alhalabi examine et dessine la carapace fossilis\u00e9e d\u2019une tortue de 50 millions d\u2019ann\u00e9es.\" class=\"wp-image-989396\"  \/>Wafa Adel Alhalabi, pal\u00e9ontologue syrienne, \u00e9tudie le fossile de Syriemys lelunensis pour mieux comprendre l\u2019\u00e9volution des tortues marines.<\/p>\n<p>Par ailleurs, actuellement, tous les repr\u00e9sentants vivants des <strong>tortues \u00e0 cou lat\u00e9ral<\/strong> sont <strong>d\u2019eau douce<\/strong>. Or, les <strong>Stereogenyini<\/strong> vivaient dans des <strong><a href=\"https:\/\/dailygeekshow.com\/ce-site-sous-marin-vieux-de-4-milliards-dannees-pourrait-reecrire-lhistoire-de-la-vie-une-decouverte-qui-intrigue-les-chercheurs-qui-y-voient-un-terrain-detu\/\" target=\"_blank\" rel=\"noreferrer noopener nofollow\">environnements marins<\/a><\/strong>, ce qui explique leur pr\u00e9sence fossile sur de nombreux continents : <strong>Am\u00e9rique<\/strong>, <strong>Afrique<\/strong>, <strong>Asie<\/strong>. <\/p>\n<p>Cette d\u00e9couverte <strong>syrienne<\/strong> sugg\u00e8re fortement une <strong>origine m\u00e9diterran\u00e9enne<\/strong>, renfor\u00e7ant ainsi les hypoth\u00e8ses g\u00e9ographiques ant\u00e9rieures.<\/p>\n<p>Une science qui persiste malgr\u00e9 la crise politique<\/p>\n<p>Ce fossile provient d\u2019un <strong>affleurement<\/strong> exploit\u00e9 en 2010 par explosion dans une <strong>carri\u00e8re pr\u00e8s d\u2019Afrin<\/strong>. Conserv\u00e9s pendant <strong>13 ans<\/strong> au bureau g\u00e9ologique d\u2019<strong>Alep<\/strong>, les fragments ont r\u00e9cemment \u00e9t\u00e9 analys\u00e9s par une <strong>\u00e9quipe internationale<\/strong>. Ainsi, cette collaboration scientifique inclut des chercheurs du <strong>Br\u00e9sil<\/strong>, de <strong>Syrie<\/strong>, du <strong>Canada<\/strong>, d\u2019<strong>Allemagne<\/strong> et du <strong>Liban<\/strong>.<\/p>\n<p>Lire aussi <a href=\"https:\/\/dailygeekshow.com\/lignee-mammouth-mexique\/\" rel=\"nofollow noopener\" target=\"_blank\">Au Mexique, des pal\u00e9ontologues d\u00e9couvrent une nouvelle lign\u00e9e de mammouth de Colomb<\/a><\/p>\n<p>Pour le professeur <strong>Max Langer<\/strong>, auteur principal, cette avanc\u00e9e semble presque irr\u00e9elle tant la <strong>situation politique syrienne est complexe<\/strong>. <\/p>\n<p>Pourtant, cette publication prouve que <strong>la recherche scientifique survit et progresse<\/strong>, m\u00eame dans des r\u00e9gions en crise. La s\u00e9rie d\u2019articles lanc\u00e9e, intitul\u00e9e Recovering lost time in Syria, vise \u00e0 <strong>documenter les tr\u00e9sors pal\u00e9ontologiques encore m\u00e9connus du pays<\/strong>.<\/p>\n<p>Une red\u00e9couverte du patrimoine g\u00e9ologique syrien au service de l\u2019\u00e9volution marine<\/p>\n<p>Cette trouvaille d\u00e9passe l\u2019int\u00e9r\u00eat <a href=\"https:\/\/dailygeekshow.com\/une-decouverte-scientifique-fascinante-un-fossile-vieux-de-11-million-dannees-revele-un-lien-invisible-entre-les-mammouths-et-les-elephants-actuels\/\" target=\"_blank\" rel=\"noreferrer noopener nofollow\">scientifique<\/a> imm\u00e9diat. Elle r\u00e9v\u00e8le un <strong>chapitre oubli\u00e9 de l\u2019\u00e9volution des tortues marines<\/strong> et r\u00e9habilite <strong>le potentiel pal\u00e9ontologique de la Syrie<\/strong>. En effet, elle t\u00e9moigne de la <strong>richesse g\u00e9ologique du Moyen-Orient<\/strong> et de l\u2019importance de pr\u00e9server ces <strong>archives naturelles<\/strong>.<\/p>\n<p>Lire aussi <a href=\"https:\/\/dailygeekshow.com\/une-decouverte-archeologique-fascinante-la-mer-revele-un-site-vieux-de-8-500-ans-preserve-comme-au-premier-jour\/\" rel=\"nofollow noopener\" target=\"_blank\">Une d\u00e9couverte arch\u00e9ologique fascinante : la mer r\u00e9v\u00e8le un site vieux de 8 500 ans pr\u00e9serv\u00e9 comme au premier jour<\/a><\/p>\n<p>En retra\u00e7ant l\u2019origine des <strong>Stereogenyini<\/strong>, cette d\u00e9couverte permet non seulement de <strong>combler un vide dans la lign\u00e9e \u00e9volutive<\/strong> des tortues marines, mais aussi de <strong>redonner une voix scientifique \u00e0 un pays en reconstruction<\/strong>. <\/p>\n<p>Elle d\u00e9montre que, m\u00eame enfouis sous des d\u00e9cennies de silence, les fossiles peuvent encore <strong>nous raconter des histoires essentielles<\/strong>.<\/p>\n","protected":false},"excerpt":{"rendered":"Symbole de renouveau scientifique en Syrie, cette d\u00e9couverte d\u2019un fossile complet de tortue marine, baptis\u00e9 Syriemys\u202flelunensis, remonte \u00e0&hellip;\n","protected":false},"author":2,"featured_media":371370,"comment_status":"","ping_status":"","sticky":false,"template":"","format":"standard","meta":{"footnotes":""},"categories":[7],"tags":[1011,27,43,40,41,39,42,44],"class_list":{"0":"post-371369","1":"post","2":"type-post","3":"status-publish","4":"format-standard","5":"has-post-thumbnail","7":"category-sciences-et-technologies","8":"tag-fr","9":"tag-france","10":"tag-science","11":"tag-science-and-technology","12":"tag-sciences","13":"tag-sciences-et-technologies","14":"tag-technologies","15":"tag-technology"},"share_on_mastodon":{"url":"https:\/\/pubeurope.com\/@fr\/115159113924831752","error":""},"_links":{"self":[{"href":"https:\/\/www.europesays.com\/fr\/wp-json\/wp\/v2\/posts\/371369","targetHints":{"allow":["GET"]}}],"collection":[{"href":"https:\/\/www.europesays.com\/fr\/wp-json\/wp\/v2\/posts"}],"about":[{"href":"https:\/\/www.europesays.com\/fr\/wp-json\/wp\/v2\/types\/post"}],"author":[{"embeddable":true,"href":"https:\/\/www.europesays.com\/fr\/wp-json\/wp\/v2\/users\/2"}],"replies":[{"embeddable":true,"href":"https:\/\/www.europesays.com\/fr\/wp-json\/wp\/v2\/comments?post=371369"}],"version-history":[{"count":0,"href":"https:\/\/www.europesays.com\/fr\/wp-json\/wp\/v2\/posts\/371369\/revisions"}],"wp:featuredmedia":[{"embeddable":true,"href":"https:\/\/www.europesays.com\/fr\/wp-json\/wp\/v2\/media\/371370"}],"wp:attachment":[{"href":"https:\/\/www.europesays.com\/fr\/wp-json\/wp\/v2\/media?parent=371369"}],"wp:term":[{"taxonomy":"category","embeddable":true,"href":"https:\/\/www.europesays.com\/fr\/wp-json\/wp\/v2\/categories?post=371369"},{"taxonomy":"post_tag","embeddable":true,"href":"https:\/\/www.europesays.com\/fr\/wp-json\/wp\/v2\/tags?post=371369"}],"curies":[{"name":"wp","href":"https:\/\/api.w.org\/{rel}","templated":true}]}}