{"id":371373,"date":"2025-09-06T19:57:11","date_gmt":"2025-09-06T19:57:11","guid":{"rendered":"https:\/\/www.europesays.com\/fr\/371373\/"},"modified":"2025-09-06T19:57:11","modified_gmt":"2025-09-06T19:57:11","slug":"au-vatican-un-premier-pelerinage-lgbt-pour-plus-de-diversite-dans-leglise-actualites","status":"publish","type":"post","link":"https:\/\/www.europesays.com\/fr\/371373\/","title":{"rendered":"Au Vatican, un premier p\u00e8lerinage LGBT+ pour plus de diversit\u00e9 dans l&rsquo;Eglise : Actualit\u00e9s"},"content":{"rendered":"<p class=\"lead \">Une premi\u00e8re au Vatican: un millier de catholiques LGBT+ et leurs proches effectuent ce weekend un p\u00e8lerinage dans le cadre de l'\u00a0\u00bbAnn\u00e9e sainte\u00a0\u00bb, un \u00ab\u00a0signal important\u00a0\u00bb vers davantage de diversit\u00e9 dans l&rsquo;Eglise catholique.<\/p>\n<p class=\"lead \">Ils sont plus de 1.400, originaires d&rsquo;une vingtaine de pays \u00e0 avoir r\u00e9pondu \u00e0 l&rsquo;invitation de l&rsquo;association italienne \u00ab\u00a0La Tenda di Gionata\u00a0\u00bb (La tente de Jonathan) pour participer \u00e0 l&rsquo;ann\u00e9e jubilaire de l&rsquo;Eglise, organis\u00e9e tous les 25 ans.<\/p>\n<p class=\"lead \">Aucune audience priv\u00e9e n&rsquo;a eu lieu avec le pape L\u00e9on XIV. Mais si des groupes LGBT+ se sont d\u00e9j\u00e0 rendus au Vatican, c&rsquo;est la premi\u00e8re fois qu&rsquo;un tel p\u00e8lerinage est inscrit au calendrier officiel du Jubil\u00e9.<\/p>\n<p class=\"lead \">Yveline Behets, femme transgenre de 68 ans venue de Bruxelles, a parcouru 130 km \u00e0 pied avec une trentaine de personnes LGBT+ le long de la Via Francigena pour rejoindre Rome.<\/p>\n<p class=\"lead \">Devant les \u00ab\u00a0difficult\u00e9s relationnelles et culturelles\u00a0\u00bb au sein du milieu catholique o\u00f9 elle ne se sent \u00ab\u00a0pas toujours reconnue\u00a0\u00bb, elle attend que l&rsquo;Eglise accorde plus de place \u00e0 \u00ab\u00a0la pluralit\u00e9\u00a0\u00bb.<\/p>\n<p class=\"lead \">\u00ab\u00a0Il ne faut pas se tromper sur le mot accueil: nous ne sommes pas des \u00e9trangers accueillis exceptionnellement ou plus r\u00e9guli\u00e8rement, nous faisons partie de la m\u00eame famille\u00a0\u00bb, souligne-t-elle, v\u00eatue d&rsquo;un T-shirt blanc portant les couleurs de l&rsquo;arc-en-ciel.<\/p>\n<p class=\"lead \">L&rsquo;Eglise est comparable \u00e0 \u00ab\u00a0une montagne que l&rsquo;on grimpe et il y a plusieurs versants\u00a0\u00bb. \u00ab\u00a0On ne voit pas les choses toujours de la m\u00eame mani\u00e8re mais c&rsquo;est comme \u00e7a et c&rsquo;est tr\u00e8s heureux.\u00a0\u00bb<\/p>\n<p class=\"lead \">&#8211; \u00ab\u00a0M\u00e9connaissance\u00a0\u00bb &#8211;<\/p>\n<p class=\"lead \">Derri\u00e8re une croix aux couleurs de l&rsquo;arc-en-ciel, les participants ont remont\u00e9 samedi apr\u00e8s-midi la principale art\u00e8re menant au Vatican pour franchir la \u00ab\u00a0Porte sainte\u00a0\u00bb de l&rsquo;imposante basilique Saint-Pierre.<\/p>\n<p class=\"lead \">Dans la matin\u00e9e, des centaines d&rsquo;entre eux ont particip\u00e9 \u00e0 une messe pr\u00e9sid\u00e9e par le vice-pr\u00e9sident de la conf\u00e9rence \u00e9piscopale italienne \u00e0 la Chiesa del Gesu, en plein centre de Rome, apr\u00e8s une une veill\u00e9e de pri\u00e8re vendredi ponctu\u00e9e de t\u00e9moignages.<\/p>\n<p class=\"lead \">\u00ab\u00a0C&rsquo;est un signal vraiment important pour nous de se sentir plus inclus\u00a0\u00bb dans l&rsquo;\u00c9glise, confie \u00e0 l&rsquo;AFP Hugo, franco-qu\u00e9b\u00e9cois de 35 ans, qui pr\u00e9f\u00e8re taire son nom de famille pour des raisons de confidentialit\u00e9.<\/p>\n<p class=\"lead \">Il esp\u00e8re que ce signal \u00ab\u00a0permettra \u00e0 des gens qui sont un peu mi-figue, mi-raisin, de s&rsquo;autoriser \u00e0 \u00eatre plus accueillants envers les homosexuels au sein de l&rsquo;\u00c9glise\u00a0\u00bb.<\/p>\n<p class=\"lead \">Mais dans une institution deux fois mill\u00e9naire dont le cat\u00e9chisme consid\u00e8re les actes homosexuels comme \u00ab\u00a0intrins\u00e8quement d\u00e9sordonn\u00e9s\u00a0\u00bb, la route est encore longue.<\/p>\n<p class=\"lead \">\u00ab\u00a0Il y a des peurs et une forme de m\u00e9connaissance concernant la vie des homosexuels\u00a0\u00bb, d\u00e9plore-t-il.\u00a0\u00bbSi tout le monde rencontrait tout le monde, je pense qu&rsquo;il y aurait beaucoup de murs qui tomberaient.\u00a0\u00bb<\/p>\n<p class=\"lead \">Selon lui, \u00ab\u00a0il reste des blocages\u00a0\u00bb, notamment pour les couples pour lesquels \u00ab\u00a0l&rsquo;acc\u00e8s aux sacrements est remis en question\u00a0\u00bb.<\/p>\n<p class=\"lead \">&#8211; \u00ab\u00a0Former les \u00e9ducateurs\u00a0\u00bb &#8211;<\/p>\n<p class=\"lead \">De son \u00e9lection en 2013 \u00e0 sa mort en avril, le pape Fran\u00e7ois, ardent d\u00e9fenseur d&rsquo;une Eglise ouverte \u00e0 \u00ab\u00a0tous, tous, tous\u00a0\u00bb, a multipli\u00e9 les gestes d&rsquo;accueil envers la communaut\u00e9 LGBT, sans pour autant faire \u00e9voluer la doctrine.<\/p>\n<p class=\"lead \">Sa d\u00e9cision fin 2023 d&rsquo;ouvrir les b\u00e9n\u00e9dictions aux couples de m\u00eame sexe a provoqu\u00e9 une lev\u00e9e de boucliers dans les milieux conservateurs, notamment en Afrique.<\/p>\n<p class=\"lead \">Quelle d\u00e9cision prendra son successeur am\u00e9ricain, jusqu&rsquo;ici tr\u00e8s discret sur la question?<\/p>\n<p class=\"lead \">Pour Beatrice Sarti, une Italienne de 60 ans venue accompagner son fils homosexuel, \u00ab\u00a0il reste encore beaucoup \u00e0 faire\u00a0\u00bb, \u00e0 commencer par le changement de mentalit\u00e9s.<\/p>\n<p class=\"lead \">\u00ab\u00a0Beaucoup de nos enfants ne vont plus \u00e0 l&rsquo;\u00e9glise (&#8230;) parce qu&rsquo;on leur a fait sentir qu&rsquo;ils ont tort. Cela doit absolument changer\u00a0\u00bb, explique cette femme originaire de Bologne (Nord), \u00e9galement membre du comit\u00e9 de La Tenda di Gionata.<\/p>\n<p class=\"lead \">\u00ab\u00a0Le plus urgent serait de former les \u00e9ducateurs, les s\u00e9minaires, les pr\u00eatres et les \u00e9v\u00eaques, en commen\u00e7ant par le bas, le cat\u00e9chisme, le magist\u00e8re\u00a0\u00bb m\u00eame si \u00ab\u00a0c&rsquo;est un processus tr\u00e8s lent.\u00a0\u00bb<\/p>\n<p class=\"lead \">En 12 ans de pontificat, le pape Fran\u00e7ois \u00ab\u00a0n&rsquo;a pas eu peur de prononcer les mots\u00a0\u00bb, ce qui a \u00ab\u00a0beaucoup d\u00e9dramatis\u00e9 le sujet de l&rsquo;homosexualit\u00e9 au sein de l&rsquo;\u00c9glise\u00a0\u00bb, salue Hugo.<\/p>\n<p class=\"lead \">\u00ab\u00a0Ce n&rsquo;est plus un gros mot. Et \u00e7a, je pense que c&rsquo;est juste une porte ouverte pour plein d&rsquo;autres \u00e9volutions\u00a0\u00bb, veut-il croire.<\/p>\n<p class=\"small font-weight-bold text-gray3 \"> publi\u00e9 le 6 septembre \u00e0 18h06, AFP<\/p>\n<p>                             Partager<\/p>\n","protected":false},"excerpt":{"rendered":"Une premi\u00e8re au Vatican: un millier de catholiques LGBT+ et leurs proches effectuent ce weekend un p\u00e8lerinage dans&hellip;\n","protected":false},"author":2,"featured_media":371374,"comment_status":"","ping_status":"","sticky":false,"template":"","format":"standard","meta":{"footnotes":""},"categories":[5],"tags":[13744,11,1011,27,14,452,9087,12,12672,4020,13791,4193,28],"class_list":{"0":"post-371373","1":"post","2":"type-post","3":"status-publish","4":"format-standard","5":"has-post-thumbnail","7":"category-international","8":"tag-glise","9":"tag-actualites","10":"tag-fr","11":"tag-france","12":"tag-international","13":"tag-italie","14":"tag-lgbt","15":"tag-news","16":"tag-pape","17":"tag-religion","18":"tag-socit","19":"tag-vatican","20":"tag-world"},"share_on_mastodon":{"url":"https:\/\/pubeurope.com\/@fr\/115159121522897454","error":""},"_links":{"self":[{"href":"https:\/\/www.europesays.com\/fr\/wp-json\/wp\/v2\/posts\/371373","targetHints":{"allow":["GET"]}}],"collection":[{"href":"https:\/\/www.europesays.com\/fr\/wp-json\/wp\/v2\/posts"}],"about":[{"href":"https:\/\/www.europesays.com\/fr\/wp-json\/wp\/v2\/types\/post"}],"author":[{"embeddable":true,"href":"https:\/\/www.europesays.com\/fr\/wp-json\/wp\/v2\/users\/2"}],"replies":[{"embeddable":true,"href":"https:\/\/www.europesays.com\/fr\/wp-json\/wp\/v2\/comments?post=371373"}],"version-history":[{"count":0,"href":"https:\/\/www.europesays.com\/fr\/wp-json\/wp\/v2\/posts\/371373\/revisions"}],"wp:featuredmedia":[{"embeddable":true,"href":"https:\/\/www.europesays.com\/fr\/wp-json\/wp\/v2\/media\/371374"}],"wp:attachment":[{"href":"https:\/\/www.europesays.com\/fr\/wp-json\/wp\/v2\/media?parent=371373"}],"wp:term":[{"taxonomy":"category","embeddable":true,"href":"https:\/\/www.europesays.com\/fr\/wp-json\/wp\/v2\/categories?post=371373"},{"taxonomy":"post_tag","embeddable":true,"href":"https:\/\/www.europesays.com\/fr\/wp-json\/wp\/v2\/tags?post=371373"}],"curies":[{"name":"wp","href":"https:\/\/api.w.org\/{rel}","templated":true}]}}