{"id":371375,"date":"2025-09-06T19:58:15","date_gmt":"2025-09-06T19:58:15","guid":{"rendered":"https:\/\/www.europesays.com\/fr\/371375\/"},"modified":"2025-09-06T19:58:15","modified_gmt":"2025-09-06T19:58:15","slug":"philippe-de-villiers-lance-une-petition-pour-un-referendum-sur-limmigration","status":"publish","type":"post","link":"https:\/\/www.europesays.com\/fr\/371375\/","title":{"rendered":"Philippe de Villiers lance une p\u00e9tition pour un r\u00e9f\u00e9rendum sur l\u2019immigration"},"content":{"rendered":"<p>Il se dit que les silences les plus longs annoncent toujours les retours les plus fracassants. Celui de <a href=\"https:\/\/www.lejdd.fr\/Tags\/Philippe-de-Villiers\" target=\"_blank\" rel=\"nofollow noopener\">Philippe de Villiers<\/a> en est la preuve. Apr\u00e8s deux mois loin des micros, \u00ab\u00a0plong\u00e9 dans une r\u00e9flexion sur le pronostic vital de la France\u00a0\u00bb, confie-t-il, le Vend\u00e9en a choisi son moment\u00a0: une rentr\u00e9e satur\u00e9e de tensions, rythm\u00e9e par les crises et un climat de France Orange m\u00e9canique. Le voici de retour sur les ondes de CNews et d\u2019Europe 1, bient\u00f4t en librairie avec Populicide (Fayard), attendu le 8\u00a0octobre. \u00ab\u00a0Mon meilleur, et mon dernier\u00a0\u00bb, aime-t-il r\u00e9p\u00e9ter \u00e0 chaque livre, mi-s\u00e9rieux, mi-mordant, comme pour annoncer une sortie dramatique qui n\u2019en est jamais une. Mais toujours, l\u2019oracle vend\u00e9en repara\u00eet quand il estime que l\u2019heure est trop sombre pour se taire.<\/p>\n<p>La question vitale<\/p>\n<p>Et pour lui, elle l\u2019est plus que jamais. L\u2019\u00e9t\u00e9 a d\u00e9roul\u00e9 une litanie d\u2019images qu\u2019il juge funestes\u00a0: une finale de Ligue des champions transform\u00e9e en bacchanale tribale, la F\u00eate de la musique en r\u00e9plique sismique, un boulanger poignard\u00e9 pour une baguette, Marseille livr\u00e9e au chaos. \u00ab\u00a0Plus \u00e7a va, moins \u00e7a va. Si \u00e7a continue, faudra que \u00e7a cesse\u00a0\u00bb, souffle-t-il en citant la sagesse d\u00e9sabus\u00e9e d\u2019un paysan vend\u00e9en. De ce constat, il tire une certitude\u00a0: l\u2019immigration est devenue la question vitale, celle dont d\u00e9pend la survie m\u00eame du pays. Alors, avant m\u00eame la sortie de son livre cet automne, Philippe de Villiers a choisi de frapper fort. Sa cible\u00a0: le pr\u00e9sident de la R\u00e9publique. Son exigence\u00a0: un r\u00e9f\u00e9rendum. Rendre la parole au peuple sur ce sujet que le pouvoir se refuse \u00e0 traiter de front.<\/p>\n<p>    La suite apr\u00e8s cette publicit\u00e9<\/p>\n<p>Pour y parvenir, il brandit une arme in\u00e9dite\u00a0: <a href=\"https:\/\/referendum-immigration.com\/\" target=\"_blank\" rel=\"nofollow noopener\">la p\u00e9tition nationale<\/a>. Dans les colonnes du JDD, il en annonce le lancement. Objectif\u00a0: rassembler un flot de signatures assez massif pour cr\u00e9er une g\u00eane au sommet de l\u2019\u00c9tat, contraindre <a href=\"https:\/\/www.lejdd.fr\/Emmanuel-Macron\" target=\"_blank\" rel=\"nofollow noopener\">Emmanuel Macron<\/a> \u00e0 c\u00e9der et imposer l\u2019immigration au c\u0153ur du d\u00e9bat politique jusqu\u2019\u00e0 la pr\u00e9sidentielle. Une d\u00e9monstration de force par le peuple, pour le peuple.<\/p>\n<p>    La suite apr\u00e8s cette publicit\u00e9<\/p>\n<p>La p\u00e9tition est accessible en ligne sur le site <a href=\"https:\/\/referendum-immigration.com\/\" rel=\"noopener nofollow\" target=\"_new\">referendum-immigration.com<\/a><\/p>\n<p>    <img decoding=\"async\" src=\"https:\/\/www.europesays.com\/fr\/wp-content\/uploads\/2025\/09\/populicide.jpeg\" alt=\"Populicide, Philippe de Villiers, Fayard, 418 pages, 21,90 euros.\" loading=\"lazy\"\/><\/p>\n<p>\n      Populicide, Philippe de Villiers, Fayard, 418 pages, 21,90 euros.<\/p>\n<p>                                \u00a9 Fayard<\/p>\n","protected":false},"excerpt":{"rendered":"Il se dit que les silences les plus longs annoncent toujours les retours les plus fracassants. Celui de&hellip;\n","protected":false},"author":2,"featured_media":371376,"comment_status":"","ping_status":"","sticky":false,"template":"","format":"standard","meta":{"footnotes":""},"categories":[4],"tags":[11,1011,27,12,25],"class_list":{"0":"post-371375","1":"post","2":"type-post","3":"status-publish","4":"format-standard","5":"has-post-thumbnail","7":"category-france","8":"tag-actualites","9":"tag-fr","10":"tag-france","11":"tag-news","12":"tag-republique-francaise"},"share_on_mastodon":{"url":"https:\/\/pubeurope.com\/@fr\/115159125439142465","error":""},"_links":{"self":[{"href":"https:\/\/www.europesays.com\/fr\/wp-json\/wp\/v2\/posts\/371375","targetHints":{"allow":["GET"]}}],"collection":[{"href":"https:\/\/www.europesays.com\/fr\/wp-json\/wp\/v2\/posts"}],"about":[{"href":"https:\/\/www.europesays.com\/fr\/wp-json\/wp\/v2\/types\/post"}],"author":[{"embeddable":true,"href":"https:\/\/www.europesays.com\/fr\/wp-json\/wp\/v2\/users\/2"}],"replies":[{"embeddable":true,"href":"https:\/\/www.europesays.com\/fr\/wp-json\/wp\/v2\/comments?post=371375"}],"version-history":[{"count":0,"href":"https:\/\/www.europesays.com\/fr\/wp-json\/wp\/v2\/posts\/371375\/revisions"}],"wp:featuredmedia":[{"embeddable":true,"href":"https:\/\/www.europesays.com\/fr\/wp-json\/wp\/v2\/media\/371376"}],"wp:attachment":[{"href":"https:\/\/www.europesays.com\/fr\/wp-json\/wp\/v2\/media?parent=371375"}],"wp:term":[{"taxonomy":"category","embeddable":true,"href":"https:\/\/www.europesays.com\/fr\/wp-json\/wp\/v2\/categories?post=371375"},{"taxonomy":"post_tag","embeddable":true,"href":"https:\/\/www.europesays.com\/fr\/wp-json\/wp\/v2\/tags?post=371375"}],"curies":[{"name":"wp","href":"https:\/\/api.w.org\/{rel}","templated":true}]}}