{"id":371377,"date":"2025-09-06T19:59:14","date_gmt":"2025-09-06T19:59:14","guid":{"rendered":"https:\/\/www.europesays.com\/fr\/371377\/"},"modified":"2025-09-06T19:59:14","modified_gmt":"2025-09-06T19:59:14","slug":"top-14-les-notes-de-castres-pau-jimi-maximin-omnipresent-abraham-papalii-sest-manque","status":"publish","type":"post","link":"https:\/\/www.europesays.com\/fr\/371377\/","title":{"rendered":"Top 14 \u2013 Les notes de Castres \u2013 Pau\u00a0: Jimi Maximin omnipr\u00e9sent, Abraham Papali\u2019i s\u2019est manqu\u00e9"},"content":{"rendered":"<p>\n                La Section paloise a r\u00e9ussi un gros coup sur la pelouse de Castres (17-15). Dans cette rencontre, Jimi Maximin et Aaron Grandidier-Nkanang ont rendu une magnifique copie. Du c\u00f4t\u00e9 du CO, Abraham Papali\u2019i s\u2019est manqu\u00e9.\n            <\/p>\n<p>Les tops<\/p>\n<p>Le huit de devant palois a fait un tr\u00e8s bon match dans le Tarn. Et ce bonhomme y est pour beaucoup. D\u00e9j\u00e0 vu \u00e0 plusieurs reprises la saison pass\u00e9e, le deuxi\u00e8me ligne a prouv\u00e9 ce samed apr\u00e8s-midi qu\u2019il va falloir compter sur lui ces prochains mois. Le num\u00e9rp cinq a \u00e9t\u00e9 omnipr\u00e9sent lors des offensives b\u00e9arnaises. Souvent utilis\u00e9 en premier attaquant, Maximin a fait mal \u00e0 la d\u00e9fense castraise. Il est le Palois qui a effectu\u00e9 le plus de courses ballon en main (12). Un vrai roc.<\/p>\n<ul>\n<li><strong>Aaron Grandidier-Nkanang\u00a0: 7,5\/10<\/strong><\/li>\n<\/ul>\n<p>L\u2019ailier a tout bien fait sur la pelouse de Pierre-Fabre. Parfois sous pression dans son camp, il s\u2019en est toujours sorti avec brio. En d\u00e9fense, le Palois a notamment vol\u00e9 un ballon important aux Castrais en fin de rencontre. Sur le plan offensif, les espaces n\u2019\u00e9taient pas nombreux mais l\u2019ancien de Brive a su se rendre disponible avec huit courses pour deux plaquages cass\u00e9s. Le septiste a su se rendre utile lors d\u2019une rencontre qui n\u2019\u00e9tait pas vraiment faite pour lui.<\/p>\n<p><strong>\u00c0 lire aussi :\u00a0<a data-xiti-action=\"home::colgauche::article1::article-titre,N\" href=\"https:\/\/www.rugbyrama.fr\/2025\/09\/06\/top-14-pau-frappe-un-grand-coup-en-simposant-a-castres-12914970.php\" rel=\"nofollow noopener\" target=\"_blank\">Pau frappe un grand coup en s\u2019imposant \u00e0 Castres<\/a><\/strong><\/p>\n<p>Une des rares satisfactions individuelles de ce match d\u2019ouverture du CO. Propre dans toutes ses interventions, l\u2019arri\u00e8re a inscrit le seul essai castrais de la rencontre au terme d\u2019une action o\u00f9 il fit \u00e9talage de toute sa vitesse. Repositionn\u00e9 tr\u00e8s t\u00f4t sur une aile apr\u00e8s la sortie de R\u00e9my Baget, le gamin a aussi donn\u00e9 \u00e0 voir toute sa polyvalence.<\/p>\n<p>Les flops<\/p>\n<ul>\n<li><strong>Abraham Papali\u2019i\u00a0: 3,5\/10<\/strong><\/li>\n<\/ul>\n<p>Alors qu\u2019il avait livr\u00e9 de tr\u00e8s belles prestations lors des matchs amicaux dans la lign\u00e9e de son exercice 2024-2025 de haute vol\u00e9e, le colosse tarnais a cette fois sembl\u00e9 marquer le pas face aux Palois. Moins tranchant qu\u2019\u00e0 l\u2019accoutum\u00e9e dans son r\u00f4le de gros porteur perce-murailles, il a aussi commis de nombreuses scories et perdu des ballons au contact.<\/p>\n<p>Malgr\u00e9 une belle d\u00e9bauche d\u2019\u00e9nergie, Antoine Tichit n\u2019a pu stabiliser l\u2019\u00e9difice tarnais qui a globalement souffert tout au long de la partie. Le gaucher v\u00e9t\u00e9ran qui \u00e9tait dans le collimateur de M. Gasnier, l\u2019arbitre de la rencontre. Le num\u00e9ro\u00a01 du CO a \u00e9t\u00e9 p\u00e9nalis\u00e9 quatre fois lors des 54 minutes qu\u2019il a pass\u00e9es sur la pelouse.<\/p>\n<p>Il y avait beaucoup de vent ce samedi \u00e0 Castres. Le demi de m\u00eal\u00e9e a eu du mal \u00e0 se r\u00e9gler en d\u00e9but de rencontre. \u00c0 la 10\u00e8 minute, il a essay\u00e9 d\u2019occuper mais a tap\u00e9 directement sur un co\u00e9quipier devant lui. Cinq minutes plus tard, l\u2019Anglais s\u2019est rendu coupable d\u2019un coup de pied directement en touche. En difficult\u00e9, l\u2019ancien des Wasps est aussi \u00e0 l\u2019origine de l\u2019essai du CO puisque, sous pression, il\u00a0a perdu le ballon dans un ruck. Robson a tout de m\u00eame bien termin\u00e9 sa partie en servant sur un plateau Maddocks afin de lib\u00e9rer les siens. Ce fut tout de m\u00eame une prestation mitig\u00e9e.<\/p>\n<p>    Les notes de Pau<\/p>\n<ul>\n<li>15. Jack Maddocks\u00a0: 7\/10<\/li>\n<li>14. Aaron Grandidier-Nkanang\u00a0: 7,5\/10<\/li>\n<li>13. Nathan Decron\u00a0: 5,5\/10<\/li>\n<li>12. Fabien Brau-Boirie\u00a0: 6\/10<\/li>\n<li>11. Aymeric Luc (non not\u00e9), remplac\u00e9 par Axel Desperes\u00a0: 5\/10<\/li>\n<li>10. Joe Simmonds\u00a0: 6,5\/10<\/li>\n<li>9. Dan Robson\u00a0: 4,5\/10<\/li>\n<li>8. Beka Gorgadze\u00a0: 7\/10<\/li>\n<li>7. Lo\u00efc Credoz\u00a0: 6,5\/10<\/li>\n<li>6. Luke Whitelock\u00a0: 5,5\/10<\/li>\n<li>5. Jimi Maximin\u00a0: 7,5\/10<\/li>\n<li>4. Hugo Auradou\u00a0: 5\/10<\/li>\n<li>3. Thomas Laclayat\u00a0: 6,5\/10<\/li>\n<li>2. Youri Delhommel\u00a0: 5,5\/10<\/li>\n<li>1. Daniel Bibi Biziwu\u00a0: 4,5\/10<\/li>\n<\/ul>\n<p>    Les notes de Castres<\/p>\n<ul>\n<li>15. Th\u00e9o Chabouni\u00a0: 7\/10<\/li>\n<li>14. Nathana\u00ebl Hulleu\u00a0: 5\/10<\/li>\n<li>13. Adrien S\u00e9guret\u00a0: 5,5\/10<\/li>\n<li>12. Jack Goodhue\u00a0: 5\/10<\/li>\n<li>11. R\u00e9my Baget (non not\u00e9), remplac\u00e9 \u00e0 la 14e par Pierre Popelin\u00a0: 4\/10<\/li>\n<li>10. Louis Le Brun\u00a0: 4,5\/10<\/li>\n<li>9. Gauthier Doubr\u00e8re\u00a0: 5\/10<\/li>\n<li>8. Abraham Papali\u2019i\u00a0: 3,5\/10<\/li>\n<li>7. Tyler Ardron\u00a0: 3,5\/10<\/li>\n<li>6. Mathieu Babillot\u00a0: 5\/10<\/li>\n<li>5. Florent Vanverberghe\u00a0: 5,5\/10<\/li>\n<li>4. Gauthier Maravat\u00a0: 4\/10<\/li>\n<li>3. Aur\u00e9lien Azar\u00a0: 4\/10<\/li>\n<li>2. Teddy Durand\u00a0: 5\/10<\/li>\n<li>1. Antoine Tichit\u00a0: 4\/10<\/li>\n<\/ul>\n","protected":false},"excerpt":{"rendered":"La Section paloise a r\u00e9ussi un gros coup sur la pelouse de Castres (17-15). Dans cette rencontre, Jimi&hellip;\n","protected":false},"author":2,"featured_media":371378,"comment_status":"","ping_status":"","sticky":false,"template":"","format":"standard","meta":{"footnotes":""},"categories":[2],"tags":[11,1011,27,12],"class_list":{"0":"post-371377","1":"post","2":"type-post","3":"status-publish","4":"format-standard","5":"has-post-thumbnail","7":"category-actualites","8":"tag-actualites","9":"tag-fr","10":"tag-france","11":"tag-news"},"share_on_mastodon":{"url":"https:\/\/pubeurope.com\/@fr\/115159129391972299","error":""},"_links":{"self":[{"href":"https:\/\/www.europesays.com\/fr\/wp-json\/wp\/v2\/posts\/371377","targetHints":{"allow":["GET"]}}],"collection":[{"href":"https:\/\/www.europesays.com\/fr\/wp-json\/wp\/v2\/posts"}],"about":[{"href":"https:\/\/www.europesays.com\/fr\/wp-json\/wp\/v2\/types\/post"}],"author":[{"embeddable":true,"href":"https:\/\/www.europesays.com\/fr\/wp-json\/wp\/v2\/users\/2"}],"replies":[{"embeddable":true,"href":"https:\/\/www.europesays.com\/fr\/wp-json\/wp\/v2\/comments?post=371377"}],"version-history":[{"count":0,"href":"https:\/\/www.europesays.com\/fr\/wp-json\/wp\/v2\/posts\/371377\/revisions"}],"wp:featuredmedia":[{"embeddable":true,"href":"https:\/\/www.europesays.com\/fr\/wp-json\/wp\/v2\/media\/371378"}],"wp:attachment":[{"href":"https:\/\/www.europesays.com\/fr\/wp-json\/wp\/v2\/media?parent=371377"}],"wp:term":[{"taxonomy":"category","embeddable":true,"href":"https:\/\/www.europesays.com\/fr\/wp-json\/wp\/v2\/categories?post=371377"},{"taxonomy":"post_tag","embeddable":true,"href":"https:\/\/www.europesays.com\/fr\/wp-json\/wp\/v2\/tags?post=371377"}],"curies":[{"name":"wp","href":"https:\/\/api.w.org\/{rel}","templated":true}]}}