{"id":371381,"date":"2025-09-06T20:01:34","date_gmt":"2025-09-06T20:01:34","guid":{"rendered":"https:\/\/www.europesays.com\/fr\/371381\/"},"modified":"2025-09-06T20:01:34","modified_gmt":"2025-09-06T20:01:34","slug":"asse-benjamin-bouchouari-quitte-saint-etienne-pour-la-turquie","status":"publish","type":"post","link":"https:\/\/www.europesays.com\/fr\/371381\/","title":{"rendered":"ASSE : Benjamin Bouchouari quitte Saint-\u00c9tienne pour la Turquie"},"content":{"rendered":"<p>L&rsquo;AS Saint-\u00c9tienne a officialis\u00e9 vendredi 5 septembre le d\u00e9part de Benjamin Bouchouari. Le club lig\u00e9rien et Trabzonspor, club du championnat turc, sont parvenus \u00e0 un accord pour le transfert du milieu de terrain marocain de 23 ans.<\/p>\n<p><b>Benjamin Bouchouari<\/b> quitte <b>l&rsquo;AS Saint-\u00c9tienne.<\/b><\/p>\n<p>Arriv\u00e9 dans le Forez en 2022, le jeune milieu de terrain aura disput\u00e9 <b>96 matchs<\/b> toutes comp\u00e9titions confondues dont 25 rencontres en Ligue 1 sous le maillot Vert avec 2 buts inscrits.\u00a0<\/p>\n<p>\u00ab\u00a0Bonne route Benji !\u00a0\u00bb Le message de l&rsquo;ASSE \u00e0 Bouchouari<\/p>\n<p>Appr\u00e9ci\u00e9 pour sa combativit\u00e9 et sa r\u00e9gularit\u00e9, le joueur marocain laisse une empreinte marquante aupr\u00e8s des supporters st\u00e9phanois.<\/p>\n<p>L&rsquo;ASSE lui a adress\u00e9 un message de remerciement et de bonne continuation. \u00ab\u00a0Bonne route Benji !\u00a0\u00bb<\/p>\n<p><img loading=\"lazy\" decoding=\"async\" src=\"https:\/\/www.europesays.com\/fr\/wp-content\/uploads\/2025\/09\/1757188894_940_img\" width=\"350\" height=\"200\" border=\"0\" title=\"Jo\u00c3\u00a3o Ferreira s'est engag\u00c3\u00a9 avec l'AS Saint-\u00c3\u0089tienne jusqu'en 2029.\"\/><\/p>\n<p>\u25baFootball<\/p>\n<p style=\"font-size: 22px;\"><b>Douze d\u00e9parts, dix arriv\u00e9es : que faut-il retenir du mercato de l&rsquo;ASSE ?<\/b><\/p>\n<p>Apr\u00e8s son retour en Ligue 2 en fin de saison derni\u00e8re,&#8230;<\/p>\n<p><\/p>\n","protected":false},"excerpt":{"rendered":"L&rsquo;AS Saint-\u00c9tienne a officialis\u00e9 vendredi 5 septembre le d\u00e9part de Benjamin Bouchouari. Le club lig\u00e9rien et Trabzonspor, club&hellip;\n","protected":false},"author":2,"featured_media":371382,"comment_status":"","ping_status":"","sticky":false,"template":"","format":"standard","meta":{"footnotes":""},"categories":[9653],"tags":[1111,11,17064,461,2430,17067,50546,17066,1777,674,1011,27,1434,12,25,9920,4001,46223,3496],"class_list":{"0":"post-371381","1":"post","2":"type-post","3":"status-publish","4":"format-standard","5":"has-post-thumbnail","7":"category-saint-etienne","8":"tag-actu","9":"tag-actualites","10":"tag-as-saint-tienne","11":"tag-asse","12":"tag-auvergne-rhone-alpes","13":"tag-benjamin-bouchouari","14":"tag-bouchouari","15":"tag-eirik-horneland","16":"tag-eu","17":"tag-europe","18":"tag-fr","19":"tag-france","20":"tag-mercato","21":"tag-news","22":"tag-republique-francaise","23":"tag-saint-tienne","24":"tag-saint-etienne","25":"tag-trabzonspor","26":"tag-turquie"},"share_on_mastodon":{"url":"https:\/\/pubeurope.com\/@fr\/115159137671739714","error":""},"_links":{"self":[{"href":"https:\/\/www.europesays.com\/fr\/wp-json\/wp\/v2\/posts\/371381","targetHints":{"allow":["GET"]}}],"collection":[{"href":"https:\/\/www.europesays.com\/fr\/wp-json\/wp\/v2\/posts"}],"about":[{"href":"https:\/\/www.europesays.com\/fr\/wp-json\/wp\/v2\/types\/post"}],"author":[{"embeddable":true,"href":"https:\/\/www.europesays.com\/fr\/wp-json\/wp\/v2\/users\/2"}],"replies":[{"embeddable":true,"href":"https:\/\/www.europesays.com\/fr\/wp-json\/wp\/v2\/comments?post=371381"}],"version-history":[{"count":0,"href":"https:\/\/www.europesays.com\/fr\/wp-json\/wp\/v2\/posts\/371381\/revisions"}],"wp:featuredmedia":[{"embeddable":true,"href":"https:\/\/www.europesays.com\/fr\/wp-json\/wp\/v2\/media\/371382"}],"wp:attachment":[{"href":"https:\/\/www.europesays.com\/fr\/wp-json\/wp\/v2\/media?parent=371381"}],"wp:term":[{"taxonomy":"category","embeddable":true,"href":"https:\/\/www.europesays.com\/fr\/wp-json\/wp\/v2\/categories?post=371381"},{"taxonomy":"post_tag","embeddable":true,"href":"https:\/\/www.europesays.com\/fr\/wp-json\/wp\/v2\/tags?post=371381"}],"curies":[{"name":"wp","href":"https:\/\/api.w.org\/{rel}","templated":true}]}}