{"id":371383,"date":"2025-09-06T20:02:11","date_gmt":"2025-09-06T20:02:11","guid":{"rendered":"https:\/\/www.europesays.com\/fr\/371383\/"},"modified":"2025-09-06T20:02:11","modified_gmt":"2025-09-06T20:02:11","slug":"grand-est-pour-connemara-alex-lutz-a-reinterprete-nicolas-mathieu","status":"publish","type":"post","link":"https:\/\/www.europesays.com\/fr\/371383\/","title":{"rendered":"Grand Est. Pour Connemara, Alex Lutz a r\u00e9interpr\u00e9t\u00e9 Nicolas Mathieu"},"content":{"rendered":"<blockquote class=\"question\"><p>Commen\u00e7ons par l\u2019\u00e9motion, unique, que vous avez v\u00e9cue, ensemble, \u00e0 \u00c9pinal lors des avant-premi\u00e8res de Connemara  \u00e0 domicile\u2026<\/p><\/blockquote>\n<p><strong><a href=\"https:\/\/www.estrepublicain.fr\/p\/alex-lutz\" target=\"_blank\" rel=\"nofollow noopener\">Alex Lutz<\/a>. <\/strong> \u00ab\u00a0C\u2019\u00e9tait \u00e0 la fois familial et excitant de montrer le travail accompli. Et de l\u2019\u00e9motion pure de voir ces visages connus et inconnus qui ont particip\u00e9 au projet. J\u2019ai facilement les larmes aux yeux, surtout quand le public partage ensuite ses \u00e9motions. Quand les gens reconnaissent des \u00e9l\u00e9ments de leurs propres vies dans le film.\u00a0\u00bb<\/p>\n<p><strong><a href=\"https:\/\/www.estrepublicain.fr\/p\/nicolas-mathieu\" target=\"_blank\" rel=\"nofollow noopener\">Nicolas Mathieu<\/a>.<\/strong> \u00ab\u00a0Il y avait forc\u00e9ment une forme de trac. J\u2019ai \u00e9t\u00e9 tr\u00e8s touch\u00e9 par les messages que j\u2019ai re\u00e7us. Ma tante, boulevers\u00e9e, m\u2019a \u00e9crit\u00a0: j\u2019ai cru voir ton p\u00e8re. \u00c7a me donne encore des frissons\u2026 Vous savez,<a href=\"https:\/\/www.vosgesmatin.fr\/culture-loisirs\/2025\/05\/24\/tournage-des-granges-gueules-dans-les-vosges-il-y-a-60-ans-dans-l-oeuvre-de-bourvil-c-est-un-film-a-part-un-film-a-part\" target=\"_blank\" rel=\"nofollow noopener\"> mon papa a fait une apparition \u00e9clair dans Les grandes gueules<\/a> , un film des ann\u00e9es 60 tourn\u00e9 dans les Vosges avec Lino Ventura et Bourvil<a href=\"https:\/\/www.vosgesmatin.fr\/culture-loisirs\/2025\/05\/24\/tournage-des-granges-gueules-dans-les-vosges-il-y-a-60-ans-dans-l-oeuvre-de-bourvil-c-est-un-film-a-part-un-film-a-part\" target=\"_blank\" rel=\"nofollow noopener\">.<\/a> C\u2019est fugitif, mais il est l\u00e0 pour toujours. C\u2019est \u00e7a, le cin\u00e9ma. Il fixe quelque chose de nos vies d\u00e9finitivement.\u00a0\u00bb<\/p>\n<blockquote class=\"question\"><p>Avant de vous rencontrer, quel regard portiez-vous, l\u2019un&#8230;<\/p><\/blockquote>\n","protected":false},"excerpt":{"rendered":"Commen\u00e7ons par l\u2019\u00e9motion, unique, que vous avez v\u00e9cue, ensemble, \u00e0 \u00c9pinal lors des avant-premi\u00e8res de Connemara \u00e0 domicile\u2026&hellip;\n","protected":false},"author":2,"featured_media":371384,"comment_status":"","ping_status":"","sticky":false,"template":"","format":"standard","meta":{"footnotes":""},"categories":[9635],"tags":[1111,11,650,1687,33,1777,674,1011,27,775,2410,1702,12,3456,25,104,2205,216],"class_list":{"0":"post-371383","1":"post","2":"type-post","3":"status-publish","4":"format-standard","5":"has-post-thumbnail","7":"category-nancy","8":"tag-actu","9":"tag-actualites","10":"tag-cinema","11":"tag-culture-loisirs","12":"tag-economie","13":"tag-eu","14":"tag-europe","15":"tag-fr","16":"tag-france","17":"tag-grand-est","18":"tag-livres-bd","19":"tag-nancy","20":"tag-news","21":"tag-region-lorraine","22":"tag-republique-francaise","23":"tag-societe","24":"tag-television-medias","25":"tag-vie-des-entreprises"},"share_on_mastodon":{"url":"https:\/\/pubeurope.com\/@fr\/115159141110717711","error":""},"_links":{"self":[{"href":"https:\/\/www.europesays.com\/fr\/wp-json\/wp\/v2\/posts\/371383","targetHints":{"allow":["GET"]}}],"collection":[{"href":"https:\/\/www.europesays.com\/fr\/wp-json\/wp\/v2\/posts"}],"about":[{"href":"https:\/\/www.europesays.com\/fr\/wp-json\/wp\/v2\/types\/post"}],"author":[{"embeddable":true,"href":"https:\/\/www.europesays.com\/fr\/wp-json\/wp\/v2\/users\/2"}],"replies":[{"embeddable":true,"href":"https:\/\/www.europesays.com\/fr\/wp-json\/wp\/v2\/comments?post=371383"}],"version-history":[{"count":0,"href":"https:\/\/www.europesays.com\/fr\/wp-json\/wp\/v2\/posts\/371383\/revisions"}],"wp:featuredmedia":[{"embeddable":true,"href":"https:\/\/www.europesays.com\/fr\/wp-json\/wp\/v2\/media\/371384"}],"wp:attachment":[{"href":"https:\/\/www.europesays.com\/fr\/wp-json\/wp\/v2\/media?parent=371383"}],"wp:term":[{"taxonomy":"category","embeddable":true,"href":"https:\/\/www.europesays.com\/fr\/wp-json\/wp\/v2\/categories?post=371383"},{"taxonomy":"post_tag","embeddable":true,"href":"https:\/\/www.europesays.com\/fr\/wp-json\/wp\/v2\/tags?post=371383"}],"curies":[{"name":"wp","href":"https:\/\/api.w.org\/{rel}","templated":true}]}}