{"id":371385,"date":"2025-09-06T20:03:22","date_gmt":"2025-09-06T20:03:22","guid":{"rendered":"https:\/\/www.europesays.com\/fr\/371385\/"},"modified":"2025-09-06T20:03:22","modified_gmt":"2025-09-06T20:03:22","slug":"le-dernier-a-perdurer-quand-metz-thionville-et-nancy-ont-abandonne","status":"publish","type":"post","link":"https:\/\/www.europesays.com\/fr\/371385\/","title":{"rendered":"le dernier \u00e0 perdurer quand Metz, Thionville et Nancy ont abandonn\u00e9"},"content":{"rendered":"<p>Des salons de l&rsquo;auto, il n&rsquo;y en a plus, ni \u00e0 Metz, ni \u00e0 Thionville, ni \u00e0 Nancy. Port\u00e9 par l&rsquo;Association des commer\u00e7ants et artisans de Briey, celui qui se tient au plan d&rsquo;eau tout ce week-end perdure. Une quinzaine de concessionnaires ont sorti leurs derniers mod\u00e8les afin de cr\u00e9er le coup de c\u0153ur chez les visiteurs. On vous emm\u00e8ne dans les all\u00e9es !<\/p>\n","protected":false},"excerpt":{"rendered":"Des salons de l&rsquo;auto, il n&rsquo;y en a plus, ni \u00e0 Metz, ni \u00e0 Thionville, ni \u00e0 Nancy.&hellip;\n","protected":false},"author":2,"featured_media":371386,"comment_status":"","ping_status":"","sticky":false,"template":"","format":"standard","meta":{"footnotes":""},"categories":[9635],"tags":[1111,11,646,4406,130,1687,15834,1777,674,107,1011,27,2798,775,1702,12,2922,25,23616,1631],"class_list":{"0":"post-371385","1":"post","2":"type-post","3":"status-publish","4":"format-standard","5":"has-post-thumbnail","7":"category-nancy","8":"tag-actu","9":"tag-actualites","10":"tag-automobile","11":"tag-commerce-et-services","12":"tag-consommation","13":"tag-culture-loisirs","14":"tag-edition-briey","15":"tag-eu","16":"tag-europe","17":"tag-fil-info","18":"tag-fr","19":"tag-france","20":"tag-galerie-photo","21":"tag-grand-est","22":"tag-nancy","23":"tag-news","24":"tag-pouvoir-dachat","25":"tag-republique-francaise","26":"tag-val-de-briey","27":"tag-vie-associative"},"share_on_mastodon":{"url":"https:\/\/pubeurope.com\/@fr\/115159145137817560","error":""},"_links":{"self":[{"href":"https:\/\/www.europesays.com\/fr\/wp-json\/wp\/v2\/posts\/371385","targetHints":{"allow":["GET"]}}],"collection":[{"href":"https:\/\/www.europesays.com\/fr\/wp-json\/wp\/v2\/posts"}],"about":[{"href":"https:\/\/www.europesays.com\/fr\/wp-json\/wp\/v2\/types\/post"}],"author":[{"embeddable":true,"href":"https:\/\/www.europesays.com\/fr\/wp-json\/wp\/v2\/users\/2"}],"replies":[{"embeddable":true,"href":"https:\/\/www.europesays.com\/fr\/wp-json\/wp\/v2\/comments?post=371385"}],"version-history":[{"count":0,"href":"https:\/\/www.europesays.com\/fr\/wp-json\/wp\/v2\/posts\/371385\/revisions"}],"wp:featuredmedia":[{"embeddable":true,"href":"https:\/\/www.europesays.com\/fr\/wp-json\/wp\/v2\/media\/371386"}],"wp:attachment":[{"href":"https:\/\/www.europesays.com\/fr\/wp-json\/wp\/v2\/media?parent=371385"}],"wp:term":[{"taxonomy":"category","embeddable":true,"href":"https:\/\/www.europesays.com\/fr\/wp-json\/wp\/v2\/categories?post=371385"},{"taxonomy":"post_tag","embeddable":true,"href":"https:\/\/www.europesays.com\/fr\/wp-json\/wp\/v2\/tags?post=371385"}],"curies":[{"name":"wp","href":"https:\/\/api.w.org\/{rel}","templated":true}]}}