{"id":371387,"date":"2025-09-06T20:04:07","date_gmt":"2025-09-06T20:04:07","guid":{"rendered":"https:\/\/www.europesays.com\/fr\/371387\/"},"modified":"2025-09-06T20:04:07","modified_gmt":"2025-09-06T20:04:07","slug":"des-milliers-de-visiteurs-attendus-a-ce-rendez-vous-incontournable-de-la-rentree-a-clermont-ferrand-la-montagne","status":"publish","type":"post","link":"https:\/\/www.europesays.com\/fr\/371387\/","title":{"rendered":"Des milliers de visiteurs attendus \u00e0 ce rendez-vous incontournable de la rentr\u00e9e \u00e0 Clermont-Ferrand &#8211; La Montagne"},"content":{"rendered":"<ol>\n<li><a href=\"https:\/\/news.google.com\/rss\/articles\/CBMi-AFBVV95cUxNcDc1X3VjdC1mT2p2T2NWNm4wUDc1RmFPSllfeERCRXBaUXRiZEhPSEstZ2pvamJqMkY5Z3hudnVJWk1MVnd2a0hwWTY1MjFDYlhoSEMzb3dsWFg0Y0F0X29QbUJ1TXFQN09nU2p4LUI5MWFla25Qa1lvWnJqc2NSVHJqZk94dmtBWGxHblJtMzlYZ0x1WnAtaklMcG5BVHZQS0FVY29ZaDkzNmFJbGVNVVV5TzRKMU50WGlsMDVZMkVHbEdtZGhaUXcyVzROSHV2QXk4MDF5OFd2SWlGNjQwMDZ4OHA3bVBkMWZoS1dUdlpMQWtIdUo0eg?oc=5\" target=\"_blank\" rel=\"nofollow noopener\">Des milliers de visiteurs attendus \u00e0 ce rendez-vous incontournable de la rentr\u00e9e \u00e0 Clermont-Ferrand<\/a>&nbsp;&nbsp;La Montagne<\/li>\n<li><a href=\"https:\/\/news.google.com\/rss\/articles\/CBMipwFBVV95cUxPTTg1Y3hBS01zd1JBODJiaFJpUWlBRFNoa3l0UU53SHlwMGR3SGJrOTJlamhTdHhwMHg2T0g3UlEtOTI4VnhLenZmd0FvbTU2M0hnU1lmNDh4cVczNkpaTjFyLTk1eGg5UmN5WTVqRUN3Vi1aT09EOVc4elUyLW1lT3NwWkg5QnRGTHYzbWV0bUdjZkRhU2VOaF9hRlFwSlY3d3lrSUVfcw?oc=5\" target=\"_blank\" rel=\"nofollow noopener\">Cl\u00e9on-d\u2019Andran. Forum des associations : quelles sont les nouveaut\u00e9s ?<\/a>&nbsp;&nbsp;Le Dauphin\u00e9 Lib\u00e9r\u00e9<\/li>\n<li><a href=\"https:\/\/news.google.com\/rss\/articles\/CBMivgFBVV95cUxOdkVwSzR6YWpqc3ZXZ0NBaXh3NWo3UHlDQTRlbWMxMVJaOS00cTBILUpGREhIVVJCNk5nM2lzRkcwT2RDNmRpc1FMZ2puSzgzaF9ZQWdPX242bnpxeTJoSGNGcjNxLWdIaHE0T25uOFcxMlZvSXltOU0yZXlUZ2RWdEduQmx5cVhHZGpJSVRvNnZaOTN5eVpYdXcwblJrMlltcWx0N0VjTW1fWkhRQ0RmMnRIb3JFdXlRNHowa09B?oc=5\" target=\"_blank\" rel=\"nofollow noopener\">\u00c0 Foug\u00e8res, des milliers de visiteurs se pressent au Forum des assos<\/a>&nbsp;&nbsp;Actu.fr<\/li>\n<li><a href=\"https:\/\/news.google.com\/rss\/articles\/CBMi3AFBVV95cUxPSnRRWVJ4SURHbjhncGRKZUFrblp2OENZWHRZOVdqVGtqdzE2SU92bmw2SWlkYVB5WlBJOGhwS0QzbWdMdXZjYzE2bGg4a0pVd3BzMEJKMFpSVmVpbjZQaTBRZUNZMWcxYW5WOHFzTUE0SzhsS2dtY1NpejFWRVczVDJraDl5SnJ3Mlh0c213Q3UtM1MtdzQyV3gwZmdHU0wxdXp6SktLc1dMbnRjRkJnOXhyUnF5R1d2UHpRdlBlRlJBZFl1SFFuN0JmcnZIeV81dE9NYjYycEN2c1c3?oc=5\" target=\"_blank\" rel=\"nofollow noopener\">Les activit\u00e9s de 300 associations pr\u00e9sent\u00e9es ce week-end au parc des expos de Limoges<\/a>&nbsp;&nbsp;Le Populaire du Centre<\/li>\n<\/ol>\n","protected":false},"excerpt":{"rendered":"Des milliers de visiteurs attendus \u00e0 ce rendez-vous incontournable de la rentr\u00e9e \u00e0 Clermont-Ferrand&nbsp;&nbsp;La Montagne Cl\u00e9on-d\u2019Andran. Forum des&hellip;\n","protected":false},"author":2,"featured_media":1445,"comment_status":"","ping_status":"","sticky":false,"template":"","format":"standard","meta":{"footnotes":""},"categories":[9619],"tags":[1111,11,1777,674,1011,27,12,882,25,2310],"class_list":{"0":"post-371387","1":"post","2":"type-post","3":"status-publish","4":"format-standard","5":"has-post-thumbnail","7":"category-toulon","8":"tag-actu","9":"tag-actualites","10":"tag-eu","11":"tag-europe","12":"tag-fr","13":"tag-france","14":"tag-news","15":"tag-provence-alpes-cote-dazur","16":"tag-republique-francaise","17":"tag-toulon"},"share_on_mastodon":{"url":"https:\/\/pubeurope.com\/@fr\/115159149014611042","error":""},"_links":{"self":[{"href":"https:\/\/www.europesays.com\/fr\/wp-json\/wp\/v2\/posts\/371387","targetHints":{"allow":["GET"]}}],"collection":[{"href":"https:\/\/www.europesays.com\/fr\/wp-json\/wp\/v2\/posts"}],"about":[{"href":"https:\/\/www.europesays.com\/fr\/wp-json\/wp\/v2\/types\/post"}],"author":[{"embeddable":true,"href":"https:\/\/www.europesays.com\/fr\/wp-json\/wp\/v2\/users\/2"}],"replies":[{"embeddable":true,"href":"https:\/\/www.europesays.com\/fr\/wp-json\/wp\/v2\/comments?post=371387"}],"version-history":[{"count":0,"href":"https:\/\/www.europesays.com\/fr\/wp-json\/wp\/v2\/posts\/371387\/revisions"}],"wp:featuredmedia":[{"embeddable":true,"href":"https:\/\/www.europesays.com\/fr\/wp-json\/wp\/v2\/media\/1445"}],"wp:attachment":[{"href":"https:\/\/www.europesays.com\/fr\/wp-json\/wp\/v2\/media?parent=371387"}],"wp:term":[{"taxonomy":"category","embeddable":true,"href":"https:\/\/www.europesays.com\/fr\/wp-json\/wp\/v2\/categories?post=371387"},{"taxonomy":"post_tag","embeddable":true,"href":"https:\/\/www.europesays.com\/fr\/wp-json\/wp\/v2\/tags?post=371387"}],"curies":[{"name":"wp","href":"https:\/\/api.w.org\/{rel}","templated":true}]}}