{"id":371388,"date":"2025-09-06T20:05:14","date_gmt":"2025-09-06T20:05:14","guid":{"rendered":"https:\/\/www.europesays.com\/fr\/371388\/"},"modified":"2025-09-06T20:05:14","modified_gmt":"2025-09-06T20:05:14","slug":"mhr-rct-toulon-simpose-en-ouverture","status":"publish","type":"post","link":"https:\/\/www.europesays.com\/fr\/371388\/","title":{"rendered":"MHR &#8211; RCT : Toulon s&rsquo;impose en ouverture !"},"content":{"rendered":"<p>Au terme d\u2019un match maitris\u00e9, le RCT s\u2019impose pour cette premi\u00e8re journ\u00e9e du Top 14. Dominants, les Varois ont su prendre l\u2019ascendant sur les locaux d\u00e8s le d\u00e9but du match.\u00a0<\/p>\n<p>Sur son aile, l\u2019in\u00e9vitable Gael Dr\u00e9an allume la premi\u00e8re m\u00e8che gr\u00e2ce \u00e0 un festival en solitaire et permet \u00e0 Toulon de prendre l\u2019avantage.\u00a0<\/p>\n<p>Dans son sillage, Zach Mercer, puis Marius Domon trouvent eux aussi la terre promise. \u00c0 la pause, le Rugby Club Toulonnais m\u00e8ne largement 3 \u00e0 24.\u00a0<\/p>\n<p>Dans le deuxi\u00e8me acte, les Toulonnais n\u2019inscriront que trois points, toujours par la botte de leur arri\u00e8re du soir, mais ne se verront jamais inqui\u00e9ter par le retour des Cistes.\u00a0<\/p>\n<p>\u00a0<\/p>\n<p>Score final : 17 \u00e0 27 pour le RCT qui d\u00e9marre cet exercice 2025\/2026 de la meilleure des mani\u00e8res. Prochain rendez-vous pour les hommes de Pierre Mignoni d\u00e8s samedi prochain au Stade Mayol.<\/p>\n<p>\u00a0<\/p>\n<p>\u00a0<\/p>\n","protected":false},"excerpt":{"rendered":"Au terme d\u2019un match maitris\u00e9, le RCT s\u2019impose pour cette premi\u00e8re journ\u00e9e du Top 14. Dominants, les Varois&hellip;\n","protected":false},"author":2,"featured_media":371389,"comment_status":"","ping_status":"","sticky":false,"template":"","format":"standard","meta":{"footnotes":""},"categories":[9619],"tags":[1111,11,1777,674,1011,27,12,882,25,2310],"class_list":{"0":"post-371388","1":"post","2":"type-post","3":"status-publish","4":"format-standard","5":"has-post-thumbnail","7":"category-toulon","8":"tag-actu","9":"tag-actualites","10":"tag-eu","11":"tag-europe","12":"tag-fr","13":"tag-france","14":"tag-news","15":"tag-provence-alpes-cote-dazur","16":"tag-republique-francaise","17":"tag-toulon"},"share_on_mastodon":{"url":"https:\/\/pubeurope.com\/@fr\/115159152988058373","error":""},"_links":{"self":[{"href":"https:\/\/www.europesays.com\/fr\/wp-json\/wp\/v2\/posts\/371388","targetHints":{"allow":["GET"]}}],"collection":[{"href":"https:\/\/www.europesays.com\/fr\/wp-json\/wp\/v2\/posts"}],"about":[{"href":"https:\/\/www.europesays.com\/fr\/wp-json\/wp\/v2\/types\/post"}],"author":[{"embeddable":true,"href":"https:\/\/www.europesays.com\/fr\/wp-json\/wp\/v2\/users\/2"}],"replies":[{"embeddable":true,"href":"https:\/\/www.europesays.com\/fr\/wp-json\/wp\/v2\/comments?post=371388"}],"version-history":[{"count":0,"href":"https:\/\/www.europesays.com\/fr\/wp-json\/wp\/v2\/posts\/371388\/revisions"}],"wp:featuredmedia":[{"embeddable":true,"href":"https:\/\/www.europesays.com\/fr\/wp-json\/wp\/v2\/media\/371389"}],"wp:attachment":[{"href":"https:\/\/www.europesays.com\/fr\/wp-json\/wp\/v2\/media?parent=371388"}],"wp:term":[{"taxonomy":"category","embeddable":true,"href":"https:\/\/www.europesays.com\/fr\/wp-json\/wp\/v2\/categories?post=371388"},{"taxonomy":"post_tag","embeddable":true,"href":"https:\/\/www.europesays.com\/fr\/wp-json\/wp\/v2\/tags?post=371388"}],"curies":[{"name":"wp","href":"https:\/\/api.w.org\/{rel}","templated":true}]}}