{"id":371390,"date":"2025-09-06T20:06:10","date_gmt":"2025-09-06T20:06:10","guid":{"rendered":"https:\/\/www.europesays.com\/fr\/371390\/"},"modified":"2025-09-06T20:06:10","modified_gmt":"2025-09-06T20:06:10","slug":"primark-bientot-ouvert-a-montpellier-des-fresques-de-ouf-a-nimes-les-cuves-gourmandes-bien-lancees-lessentiel-de-lactu-en-region","status":"publish","type":"post","link":"https:\/\/www.europesays.com\/fr\/371390\/","title":{"rendered":"Primark bient\u00f4t ouvert \u00e0 Montpellier, des fresques de Ouf \u00e0 N\u00eemes, les Cuves gourmandes bien lanc\u00e9es\u2026 l\u2019essentiel de l\u2019actu en r\u00e9gion"},"content":{"rendered":"<p>\n                                                                Chaque soir \u00e0 20\u00a0h\u00a030, retrouvez les 5 informations r\u00e9gionales de la journ\u00e9e qu\u2019il ne fallait pas rater.\n                            <\/p>\n<p>L\u2019ancien maire candidat<\/p>\n<p><strong>#MILLAU \u2013 <\/strong>Christophe Saint-Pierre, ancien maire de 2014 \u00e0 2020, a annonc\u00e9 sa candidature aux \u00e9lections municipales de mars\u00a02026. En t\u00eate d\u2019une liste qu\u2019il veut \u00ab\u00a0sans \u00e9tiquette\u00a0\u00bb et \u00ab\u00a0rassembleuse\u00a0\u00bb, le pr\u00e9d\u00e9cesseur d\u2019Emmanuelle Gazel estime que le mandat actuel \u00ab\u00a0a manqu\u00e9 de cap\u00a0\u00bb\u00a0accumulant \u00ab\u00a0opportunisme\u00a0\u00bb et \u00ab\u00a0reculade\u00a0\u00bb\u00a0au d\u00e9triment des Millavois. Il motive son retour par \u00ab\u00a0une passion\u00a0\u00bb\u00a0pour Millau et \u00ab\u00a0une col\u00e8re\u00a0\u00bb. \u00ab\u00a0Le temps du projet, c\u2019est fin 2025\u00a0\u00bb, pr\u00e9cise-t-il en esquissant des pistes comme la gestion concert\u00e9e de l\u2019urbanisme ou l\u2019attractivit\u00e9 sportive.<\/p>\n<p>Primark d\u00e9barque<\/p>\n<p><strong>#MONTPELLIER \u2013<\/strong> La marque irlandaise de pr\u00eat-\u00e0-porter ouvrira mercredi 10\u00a0septembre 2025\u00a0son 30e magasin en France \u00e0 Odysseum, un centre commercial qui \u00ab\u00a0s\u2019est impos\u00e9 comme la meilleure option\u00a0\u00bb, selon la directrice France, Christine Loizy. Fid\u00e8le \u00e0 son concept de \u00ab\u00a0proposer une gamme de produits de bonne qualit\u00e9 \u00e0 un prix tr\u00e8s bas\u00a0\u00bb, la marque emploiera 200 personnes en CDI \u00e0 Montpellier. Le magasin occupera une surface de 5\u00a0000 m\u00e8tres carr\u00e9s sur trois \u00e9tages et a n\u00e9cessit\u00e9 un investissement de 20\u00a0millions d\u2019euros. Le magasin montpelli\u00e9rain est la deuxi\u00e8me implantation en Occitanie, apr\u00e8s celle de Toulouse en 2018. Primark ambitionne de doubler ses points de vente en France dans les prochaines ann\u00e9es.<\/p>\n<p>Pr\u00e9vention des inondations\u00a0: le public consult\u00e9<\/p>\n<p><strong>#BASSIN DE THAU \u2013 <\/strong>En ce mois de septembre\u00a02025, le <a href=\"https:\/\/www.smbt.fr\/\" target=\"_self\" rel=\"nofollow noopener\">Syndicat mixte du bassin de Thau<\/a> (SMBT), avec l\u2019appui des collectivit\u00e9s locales, a \u00e9labor\u00e9 un nouveau Programme d\u2019actions de pr\u00e9vention des inondations (Papi) pour la p\u00e9riode 2026-2031. Ce programme, dot\u00e9 d\u2019un budget de 6,8\u00a0millions d\u2019euros, est ainsi mis \u00e0 la consultation du public \u2013 en ligne \u2013 afin de recueillir son avis. \u00ab\u00a0Ces ph\u00e9nom\u00e8nes concernent pr\u00e8s d\u2019un quart de la population locale, 13\u00a0000 habitations sont en zone inondable, pour un co\u00fbt historique estim\u00e9 \u00e0 32\u00a0millions d\u2019euros entre\u00a01995 et\u00a02019\u00a0\u00bb, note Peter Muller, charg\u00e9 de mission Papi au SMBT. Certaines communes sont m\u00eame particuli\u00e8rement vuln\u00e9rables, avec respectivement 49\u00a0% et 36\u00a0% de la population situ\u00e9e en zone inondable \u00e0 Frontignan et Marseillan. Outre \u00e9laborer un programme au plus pr\u00e8s des besoins, la d\u00e9marche initi\u00e9e par le SMBT jusqu\u2019au 30\u00a0septembre vise \u00e9galement \u00e0 sensibiliser les habitants \u00e0 la culture du risque alors que \u00ab\u00a0la m\u00e9moire humaine oublie tr\u00e8s vite les \u00e9v\u00e9nements climatiques\u00a0\u00bb, selon Peter Muller.<\/p>\n<p>Le chiffre du jour\u00a0: 5<\/p>\n<blockquote data-instgrm-captioned=\"\" data-instgrm-permalink=\"https:\/\/www.instagram.com\/p\/DOJREXcjDeF\/?utm_source=ig_embed&amp;utm_campaign=loading\" data-instgrm-version=\"14\" style=\" background:#FFF; border:0; border-radius:3px; box-shadow:0 0 1px 0 rgba(0,0,0,0.5),0 1px 10px 0 rgba(0,0,0,0.15); margin: 1px; max-width:540px; min-width:326px; padding:0; width:99.375%; width:-webkit-calc(100% - 2px); width:calc(100% - 2px);\" data-class=\"instagram-media\"\/>\n<p><strong>#H\u00c9RAULT \u2013 <\/strong>C\u2019est en millions d\u2019euros l\u2019investissement consacr\u00e9 au projet des Cuves gourmandes de P\u00e9rols, pr\u00e8s de Montpellier. Ce nouveau \u201cfood court\u201d install\u00e9 dans un ancien chai a \u00e9t\u00e9 inaugur\u00e9 ce jeudi en pr\u00e9sence des fr\u00e8res Pourcel. L\u2019espace de 2\u00a0000 m\u00e8tres carr\u00e9s accueille une vingtaine de stands, une cave \u00e0 vin et trois restaurants, le tout pour une capacit\u00e9 de 600 couverts en int\u00e9rieur et autant en ext\u00e9rieur. Ce nouvel acteur \u00e9conomique devrait g\u00e9n\u00e9rer 150 emplois.<\/p>\n<p>L\u2019Expo de Ouf reprend ses quartiers dans les rues<\/p>\n<blockquote data-instgrm-captioned=\"\" data-instgrm-permalink=\"https:\/\/www.instagram.com\/reel\/DOLxqdOiDsu\/?utm_source=ig_embed&amp;utm_campaign=loading\" data-instgrm-version=\"14\" style=\" background:#FFF; border:0; border-radius:3px; box-shadow:0 0 1px 0 rgba(0,0,0,0.5),0 1px 10px 0 rgba(0,0,0,0.15); margin: 1px; max-width:540px; min-width:326px; padding:0; width:99.375%; width:-webkit-calc(100% - 2px); width:calc(100% - 2px);\" data-class=\"instagram-media\"\/>\n<p><strong>#N\u00ceMES \u2013<\/strong> Cela fait un peu plus de dix ans que l\u2019Expo de Ouf, \u00e9v\u00e9nement street-art, a m\u00e9tamorphos\u00e9 les quartiers n\u00eemois de Gambetta et Richelieu. Et depuis l\u2019an dernier, l\u2019inauguration a lieu en grande pompe avec spectacles de rue de la compagnie Dynamog\u00e8ne, musique et comptoir sur le trottoir. Samedi 6\u00a0septembre 2025, les visiteurs ont pu d\u00e9couvrir la centaine de fresques spectaculaires qui donnent des couleurs au quartier. Pour Laurent Kilani, directeur artistique, cette po\u00e9sie modeste est une \u00ab\u00a0r\u00e9ponse positive\u00a0\u00bb\u00a0au pessimisme ambiant. Des pinceaux de FOA aux bricolages de Brokovich, c\u2019est un autre regard sur l\u2019art urbain que donne \u00e0 voir cette Expo de Ouf.<\/p>\n<p>                                                                                                                                                                                                        <script async src=\"\/\/www.instagram.com\/embed.js\"><\/script><\/p>\n","protected":false},"excerpt":{"rendered":"Chaque soir \u00e0 20\u00a0h\u00a030, retrouvez les 5 informations r\u00e9gionales de la journ\u00e9e qu\u2019il ne fallait pas rater. L\u2019ancien&hellip;\n","protected":false},"author":2,"featured_media":371391,"comment_status":"","ping_status":"","sticky":false,"template":"","format":"standard","meta":{"footnotes":""},"categories":[9599],"tags":[1111,11,1777,674,1011,27,2208,12,2680,25],"class_list":{"0":"post-371390","1":"post","2":"type-post","3":"status-publish","4":"format-standard","5":"has-post-thumbnail","7":"category-montpellier","8":"tag-actu","9":"tag-actualites","10":"tag-eu","11":"tag-europe","12":"tag-fr","13":"tag-france","14":"tag-montpellier","15":"tag-news","16":"tag-occitanie","17":"tag-republique-francaise"},"share_on_mastodon":{"url":"https:\/\/pubeurope.com\/@fr\/115159156915157219","error":""},"_links":{"self":[{"href":"https:\/\/www.europesays.com\/fr\/wp-json\/wp\/v2\/posts\/371390","targetHints":{"allow":["GET"]}}],"collection":[{"href":"https:\/\/www.europesays.com\/fr\/wp-json\/wp\/v2\/posts"}],"about":[{"href":"https:\/\/www.europesays.com\/fr\/wp-json\/wp\/v2\/types\/post"}],"author":[{"embeddable":true,"href":"https:\/\/www.europesays.com\/fr\/wp-json\/wp\/v2\/users\/2"}],"replies":[{"embeddable":true,"href":"https:\/\/www.europesays.com\/fr\/wp-json\/wp\/v2\/comments?post=371390"}],"version-history":[{"count":0,"href":"https:\/\/www.europesays.com\/fr\/wp-json\/wp\/v2\/posts\/371390\/revisions"}],"wp:featuredmedia":[{"embeddable":true,"href":"https:\/\/www.europesays.com\/fr\/wp-json\/wp\/v2\/media\/371391"}],"wp:attachment":[{"href":"https:\/\/www.europesays.com\/fr\/wp-json\/wp\/v2\/media?parent=371390"}],"wp:term":[{"taxonomy":"category","embeddable":true,"href":"https:\/\/www.europesays.com\/fr\/wp-json\/wp\/v2\/categories?post=371390"},{"taxonomy":"post_tag","embeddable":true,"href":"https:\/\/www.europesays.com\/fr\/wp-json\/wp\/v2\/tags?post=371390"}],"curies":[{"name":"wp","href":"https:\/\/api.w.org\/{rel}","templated":true}]}}