{"id":371398,"date":"2025-09-06T20:12:03","date_gmt":"2025-09-06T20:12:03","guid":{"rendered":"https:\/\/www.europesays.com\/fr\/371398\/"},"modified":"2025-09-06T20:12:03","modified_gmt":"2025-09-06T20:12:03","slug":"a-grenoble-lencadrement-des-loyers-peine-encore-a-simposer","status":"publish","type":"post","link":"https:\/\/www.europesays.com\/fr\/371398\/","title":{"rendered":"\u00c0 Grenoble, l&rsquo;encadrement des loyers peine encore \u00e0 s&rsquo;imposer"},"content":{"rendered":"<p>Depuis janvier 2025, la m\u00e9tropole de Grenoble applique l&rsquo;encadrement des loyers. Pour l&rsquo;heure la mesure est seulement incitative, aussi \u00e0 l&rsquo;heure du barom\u00e8tre de la Fondation pour le logement des d\u00e9favoris\u00e9s, la capitale is\u00e9roise fait encore office de mauvaise \u00e9l\u00e8ve. <\/p>\n<p>L&rsquo;encadrement des loyers est actuellement appliqu\u00e9 dans 69 villes en France, dont Paris, Lyon, Bordeaux, Lille, Grenoble ou encore Montpellier et au Pays Basque, mais de nombreuses annonces immobili\u00e8res sont toujours au-dessus de la limite. En effet, selon le barom\u00e8tre annuel de la Fondation pour le logement r\u00e9v\u00e9l\u00e9 ce jeudi en exclusivit\u00e9 par\u00a0<a target=\"_blank\" rel=\"external nofollow noopener\" class=\"IciLink ici-link IciArticleLink g-ici-body-regular-1 underline brand svelte-lu7k6w\" href=\"https:\/\/www.franceinfo.fr\/economie\/pouvoir-achat\/logement\/info-franceinfo-32-des-annonces-immobilieres-locatives-ne-respectent-pas-l-encadrement-des-loyers-dans-les-villes-concernees-en-2025_7471255.html\">franceinfo<\/a>, 32% des annonces immobili\u00e8res locatives ne respectent pas l&rsquo;encadrement des loyers en 2025.\u00a0\u00c0 Grenoble, 45 % des loyers du arc immobilier priv\u00e9 d\u00e9passent encore les prix \u00e9tablis par la pr\u00e9fecture comme le pr\u00e9voit la loi.<\/p>\n<p>Pour Michelle Daran, pr\u00e9sidente de l&rsquo;association \u00ab\u00a0Un Toit pour tous\u00a0\u00bb, \u00a0\u00bb il est un peu t\u00f4t pour commencer \u00e0 faire des bilans.\u00a0 M\u00eame si le rapport de la Fondation a donn\u00e9 quelques chiffres qui font r\u00e9agir, notamment le fait que pr\u00e8s de 40% des loyers observ\u00e9s sont au-dessus du loyer m\u00e9dian. On parle l\u00e0 de petits logements, les T1, les T2\u00a0 qui presque par d\u00e9finition sont plus chers que les grands logements au m\u00e8tre carr\u00e9.\u00a0\u00bb<\/p>\n<p>\u00c0 lire aussi   <img decoding=\"async\" src=\"https:\/\/www.europesays.com\/fr\/wp-content\/uploads\/2025\/09\/1757189522_780_200x200\" alt=\"Des personnes consultent les annonces immobili\u00e8res (photo d'illustration).\" style=\"--_image-preview:url('data:image\/jpeg;base64,\/9j\/2wBDACgcHiMeGSgjISMtKygwPGRBPDc3PHtYXUlkkYCZlo+AjIqgtObDoKrarYqMyP\/L2u71\/\/\/\/m8H\/\/\/\/6\/+b9\/\/j\/2wBDASstLTw1PHZBQXb4pYyl+Pj4+Pj4+Pj4+Pj4+Pj4+Pj4+Pj4+Pj4+Pj4+Pj4+Pj4+Pj4+Pj4+Pj4+Pj4+Pj4+Pj\/wAARCAAqACoDASIAAhEBAxEB\/8QAGAABAQEBAQAAAAAAAAAAAAAAAgMEAQD\/xAAZEAEBAQEBAQAAAAAAAAAAAAAAAQIREgP\/xAAWAQEBAQAAAAAAAAAAAAAAAAABAAL\/xAAUEQEAAAAAAAAAAAAAAAAAAAAA\/9oADAMBAAIRAxEAPwCXgbhouRuUme5G5XuQuQkblzyrYPCm6jSriQWBYrYGoClRLQdaDdxzhPMkbE9K1PYKG0uqfRJoP\/\/Z');\" loading=\"lazy\" fetchpriority=\"low\" aria-hidden=\"true\" class=\"svelte-1pnmlwx rounded\" onload=\"this.__e=event\" onerror=\"this.__e=event\"\/>\u00c0 \u00e9couter aussi   <img decoding=\"async\" src=\"https:\/\/www.europesays.com\/fr\/wp-content\/uploads\/2025\/09\/1757189523_139_200x200\" alt=\"Michelle Daran, pr\u00e9sidente de l'association Un Toit pour Tous\" style=\"--_image-preview:url('data:image\/jpeg;base64,\/9j\/2wBDACgcHiMeGSgjISMtKygwPGRBPDc3PHtYXUlkkYCZlo+AjIqgtObDoKrarYqMyP\/L2u71\/\/\/\/m8H\/\/\/\/6\/+b9\/\/j\/2wBDASstLTw1PHZBQXb4pYyl+Pj4+Pj4+Pj4+Pj4+Pj4+Pj4+Pj4+Pj4+Pj4+Pj4+Pj4+Pj4+Pj4+Pj4+Pj4+Pj4+Pj\/wAARCAAqACoDASIAAhEBAxEB\/8QAFwABAQEBAAAAAAAAAAAAAAAAAQIAA\/\/EABgQAQEBAQEAAAAAAAAAAAAAAAABEQIS\/8QAFwEAAwEAAAAAAAAAAAAAAAAAAAEDAv\/EABYRAQEBAAAAAAAAAAAAAAAAAAAREv\/aAAwDAQACEQMRAD8ArGOCq1CANawpxmwyHDpRdc+nSuXSdVibTKmmFRHTlWJ5Xp0so1NELCicYsAZW9IoAf\/Z');\" loading=\"lazy\" fetchpriority=\"low\" aria-hidden=\"true\" class=\"svelte-1pnmlwx rounded\" onload=\"this.__e=event\" onerror=\"this.__e=event\"\/> <\/p>\n","protected":false},"excerpt":{"rendered":"Depuis janvier 2025, la m\u00e9tropole de Grenoble applique l&rsquo;encadrement des loyers. Pour l&rsquo;heure la mesure est seulement incitative,&hellip;\n","protected":false},"author":2,"featured_media":371399,"comment_status":"","ping_status":"","sticky":false,"template":"","format":"standard","meta":{"footnotes":""},"categories":[9566],"tags":[1111,11,2430,1777,674,1011,27,2731,12,25],"class_list":{"0":"post-371398","1":"post","2":"type-post","3":"status-publish","4":"format-standard","5":"has-post-thumbnail","7":"category-grenoble","8":"tag-actu","9":"tag-actualites","10":"tag-auvergne-rhone-alpes","11":"tag-eu","12":"tag-europe","13":"tag-fr","14":"tag-france","15":"tag-grenoble","16":"tag-news","17":"tag-republique-francaise"},"share_on_mastodon":{"url":"https:\/\/pubeurope.com\/@fr\/115159180837984709","error":""},"_links":{"self":[{"href":"https:\/\/www.europesays.com\/fr\/wp-json\/wp\/v2\/posts\/371398","targetHints":{"allow":["GET"]}}],"collection":[{"href":"https:\/\/www.europesays.com\/fr\/wp-json\/wp\/v2\/posts"}],"about":[{"href":"https:\/\/www.europesays.com\/fr\/wp-json\/wp\/v2\/types\/post"}],"author":[{"embeddable":true,"href":"https:\/\/www.europesays.com\/fr\/wp-json\/wp\/v2\/users\/2"}],"replies":[{"embeddable":true,"href":"https:\/\/www.europesays.com\/fr\/wp-json\/wp\/v2\/comments?post=371398"}],"version-history":[{"count":0,"href":"https:\/\/www.europesays.com\/fr\/wp-json\/wp\/v2\/posts\/371398\/revisions"}],"wp:featuredmedia":[{"embeddable":true,"href":"https:\/\/www.europesays.com\/fr\/wp-json\/wp\/v2\/media\/371399"}],"wp:attachment":[{"href":"https:\/\/www.europesays.com\/fr\/wp-json\/wp\/v2\/media?parent=371398"}],"wp:term":[{"taxonomy":"category","embeddable":true,"href":"https:\/\/www.europesays.com\/fr\/wp-json\/wp\/v2\/categories?post=371398"},{"taxonomy":"post_tag","embeddable":true,"href":"https:\/\/www.europesays.com\/fr\/wp-json\/wp\/v2\/tags?post=371398"}],"curies":[{"name":"wp","href":"https:\/\/api.w.org\/{rel}","templated":true}]}}