{"id":371402,"date":"2025-09-06T20:14:54","date_gmt":"2025-09-06T20:14:54","guid":{"rendered":"https:\/\/www.europesays.com\/fr\/371402\/"},"modified":"2025-09-06T20:14:54","modified_gmt":"2025-09-06T20:14:54","slug":"tennis-stan-wawrinka-adrian-mannarino-et-hugo-gaston-presents-a-rennes","status":"publish","type":"post","link":"https:\/\/www.europesays.com\/fr\/371402\/","title":{"rendered":"Tennis. Stan Wawrinka, Adrian Mannarino et Hugo Gaston pr\u00e9sents \u00e0 Rennes"},"content":{"rendered":"<p><img decoding=\"async\" class=\"\" style=\"width:100%\" src=\"https:\/\/www.europesays.com\/fr\/wp-content\/uploads\/2025\/09\/500627241_18507865057039309_2674933417431832181_n1757005990351.jpg\" alt=\"Hugo Gaston pr\u00e9sent \u00e0 l'Open Blot de Rennes\"\/><\/p>\n<p>Cr\u00e9dit : Open Blot Rennes<\/p>\n<p>C&rsquo;est l&rsquo;un des \u00e9v\u00e9nements sportifs de la rentr\u00e9e, l&rsquo;Open Blot de Rennes se d\u00e9roule jusqu&rsquo;au 14 septembre. Pour sa 19\u00e8me \u00e9dition, le tournoi breton a su attirer une l\u00e9gende du tennis mondial, le Suisse Stan Wawrinka.  <\/p>\n<p style=\"text-align: justify;\">\u00ab\u00a0Avec Stan Wawrinka, nous prenons encore une dimension sup\u00e9rieure\u00a0\u00bb, se r\u00e9jouit Matthieu Blesteau, le directeur du tournoi \u00e0 quelques jours du d\u00e9but de la comp\u00e9tition, le week-end du 7 septembre. Apr\u00e8s avoir re\u00e7u Andy Murray, Dominic Thiem ou encore Richard Gasquet, l&rsquo;Open de Rennes r\u00e9alise un gros coup pour cette \u00e9dition 2025.<\/p>\n<blockquote><p>\nStan, roi de Roland Garros en 2015\n<\/p><\/blockquote>\n<p style=\"text-align: justify;\">\u00ab\u00a0Stan, c&rsquo;est trois tournoi du Grand Chelem dont Roland Garros en 2015. C&rsquo;est une m\u00e9daille d&rsquo;or aux Jeux Olympiques, une coupe Davis. C&rsquo;est un jeu fabuleux et une personnalit\u00e9 avec beaucoup de charisme. On est extr\u00eament fiers\u00a0\u00bb de le revevoir. Et si le Suisse sera l&rsquo;une des stars de cette ann\u00e9e, n&rsquo;oublions pas nos Fran\u00e7ais. Adrian Mannarino, qui a \u00e9t\u00e9 jusqu&rsquo;en 8\u00e8me de finale de l&rsquo;US Open, il y a quelques jours, sera la t\u00eate de s\u00e9rie num\u00e9ro 1 ,et Hugo Gaston sera aussi de la partie, au Libert\u00e9.<\/p>\n<p>Matthieu Blesteau, directeur de l&rsquo;Open Blot de RennesMatthieu Blesteau, directeur de l&rsquo;Open Blot de Rennes<\/p>\n<p>Cr\u00e9dit : Romain H<\/p>\n<blockquote>\n<p><strong>Du tennis, mais pas seulement\u00a0<\/strong><\/p>\n<\/blockquote>\n<p style=\"text-align: justify;\">\u00ab\u00a0L&rsquo;\u00e9v\u00e9nement n&rsquo;est pas r\u00e9serv\u00e9 qu&rsquo;aux fans de tennis,\u00a0\u00bb lance le Directeur du Tournoi. Au fil des \u00e9ditions, l&rsquo;Open Blot de Rennes a su se diversifier en proposant pendant une semaine un village avec des animations. \u00ab\u00a0C&rsquo;est devenu un \u00e9v\u00e9nement populaire, il s&rsquo;est bien install\u00e9 \u00e0 Rennes et nous avons une belle politique de prix. <strong>Les qualifications \u00e0 Colette Besson, dimanche 7, seront par exemple gratuites. <\/strong><\/p>\n<p style=\"text-align: justify;\">On a aussi tout un programme avec le village ouvert \u00e0 tous, un restaurant, des concerts, du mini tennis ou du padel. Vous n&rsquo;\u00eates pas oblig\u00e9 d&rsquo;acheter un billet pour l&rsquo;Open, vous pouvez venir juste au village pour profiter de l&rsquo;ambiance,<strong>\u00a0<\/strong>explique Matthieu Blesteau.<\/p>\n<p style=\"text-align: justify;\">\u00a0<\/p>\n<p style=\"text-align: justify;\">\u00a0<\/p>\n<p style=\"text-align: center;\">\n<p style=\"text-align: center;\">L&rsquo;Open Blot de Rennes, du 8 au 14 septembre au Libert\u00e9.<\/p>\n<p><strong>Le tirage du tableau principal se d\u00e9roule ce samedi 6 septembre, \u00e0 18h30. <\/strong><\/p>\n<p>Les matchs de qualifications, du dimanche 7 septembre, sont gratuits \u00e0 la salle Colette Besson. Gratuit aussi, le village de l\u2019Open Blot sur l&rsquo;Esplanade Charles de Gaulle.<\/p>\n","protected":false},"excerpt":{"rendered":"Cr\u00e9dit : Open Blot Rennes C&rsquo;est l&rsquo;un des \u00e9v\u00e9nements sportifs de la rentr\u00e9e, l&rsquo;Open Blot de Rennes se&hellip;\n","protected":false},"author":2,"featured_media":371403,"comment_status":"","ping_status":"","sticky":false,"template":"","format":"standard","meta":{"footnotes":""},"categories":[2821],"tags":[1111,11,829,1777,674,1011,27,18626,50547,12,10551,584,25,517,48572],"class_list":{"0":"post-371402","1":"post","2":"type-post","3":"status-publish","4":"format-standard","5":"has-post-thumbnail","7":"category-rennes","8":"tag-actu","9":"tag-actualites","10":"tag-bretagne","11":"tag-eu","12":"tag-europe","13":"tag-fr","14":"tag-france","15":"tag-gaston","16":"tag-mannarino","17":"tag-news","18":"tag-open","19":"tag-rennes","20":"tag-republique-francaise","21":"tag-sport","22":"tag-wawrinka"},"share_on_mastodon":{"url":"https:\/\/pubeurope.com\/@fr\/115159192294877655","error":""},"_links":{"self":[{"href":"https:\/\/www.europesays.com\/fr\/wp-json\/wp\/v2\/posts\/371402","targetHints":{"allow":["GET"]}}],"collection":[{"href":"https:\/\/www.europesays.com\/fr\/wp-json\/wp\/v2\/posts"}],"about":[{"href":"https:\/\/www.europesays.com\/fr\/wp-json\/wp\/v2\/types\/post"}],"author":[{"embeddable":true,"href":"https:\/\/www.europesays.com\/fr\/wp-json\/wp\/v2\/users\/2"}],"replies":[{"embeddable":true,"href":"https:\/\/www.europesays.com\/fr\/wp-json\/wp\/v2\/comments?post=371402"}],"version-history":[{"count":0,"href":"https:\/\/www.europesays.com\/fr\/wp-json\/wp\/v2\/posts\/371402\/revisions"}],"wp:featuredmedia":[{"embeddable":true,"href":"https:\/\/www.europesays.com\/fr\/wp-json\/wp\/v2\/media\/371403"}],"wp:attachment":[{"href":"https:\/\/www.europesays.com\/fr\/wp-json\/wp\/v2\/media?parent=371402"}],"wp:term":[{"taxonomy":"category","embeddable":true,"href":"https:\/\/www.europesays.com\/fr\/wp-json\/wp\/v2\/categories?post=371402"},{"taxonomy":"post_tag","embeddable":true,"href":"https:\/\/www.europesays.com\/fr\/wp-json\/wp\/v2\/tags?post=371402"}],"curies":[{"name":"wp","href":"https:\/\/api.w.org\/{rel}","templated":true}]}}