{"id":371404,"date":"2025-09-06T20:16:15","date_gmt":"2025-09-06T20:16:15","guid":{"rendered":"https:\/\/www.europesays.com\/fr\/371404\/"},"modified":"2025-09-06T20:16:15","modified_gmt":"2025-09-06T20:16:15","slug":"cest-vous-qui-le-dites-5","status":"publish","type":"post","link":"https:\/\/www.europesays.com\/fr\/371404\/","title":{"rendered":"c&rsquo;est vous qui le dites"},"content":{"rendered":"<p>  <strong>La place de l\u2019\u00eatre humain dans la for\u00eat du Neuhof<\/strong><\/p>\n<p><strong>Jean-Louis Martini\u00a0:<\/strong><\/p>\n<p>\u00ab\u00a0Je r\u00e9agis \u00e0 votre article publi\u00e9 dans <a href=\"https:\/\/www.dna.fr\/environnement\/2025\/08\/09\/une-fleche-bleue-vantee-pour-son-aerodynamisme\" target=\"_blank\" rel=\"nofollow noopener\">l\u2019\u00e9dition du 9\u00a0ao\u00fbt dernier<\/a>. \u00c0 sa lecture, je suis stup\u00e9fait de lire que la qui\u00e9tude de l\u2019autour des palombes l\u2019emporte sur celle des \u00eatres humains\u00a0!<\/p>\n<p>Dire qu\u2019il y a plus de 65 ans, le tramway de la ligne 14 d\u00e9versait les flots de Strasbourgeois au terminus du Coucou des bois au Stockfeld pour emprunter ensuite une desserte d\u2019un bus qui les emmenait \u00e0 la Ferme d\u2019Altenheim via la petite route goudronn\u00e9e au-del\u00e0 de l\u2019 Oberjaegerhof pour d\u00e9guster la friture du Rhin&#8230; Cela ne fait plus partie que des souvenirs. Quand bien m\u00eame beaucoup de marcheurs empruntaient le chemin des Dames pour rejoindre le m\u00eame lieu.<\/p>\n<p>Les Strasbourgeois appr\u00e9ciaient l\u2019espace bois\u00e9 de la for\u00eat du Rhin pour oxyg\u00e9ner leurs poumons et profiter de la nature ainsi accessible sans qu\u2019il soit n\u00e9cessaire de leur imposer une conduite par rapport aux esp\u00e8ces animales.<\/p>\n<p>Par ailleurs, l\u2019exploitation raisonn\u00e9e de la for\u00eat par la vente aux ench\u00e8res du bois d\u2019\u0153uvre constituait une recette non n\u00e9gligeable dans le budget de la Ville de Strasbourg.<\/p>\n<p>Depuis le changement de municipalit\u00e9 en 2020, haro sur les promeneurs o\u00f9 les chemins de traverse ont \u00e9t\u00e9 barr\u00e9s sauvagement par des troncs d\u2019arbres (avec l\u2019aide des \u00e9tudiants de l\u2019INSA), interdisant toute balade \u00e0 pied, \u00e0 bicyclette ou \u00e0 cheval.<\/p>\n<p>Quant \u00e0 la route bitum\u00e9e (tron\u00e7on du Coucou des bois jusqu\u2019\u00e0 l\u2019 Oberjaegerhof), elle a subi le m\u00eame sort que la route de la Schafhardt d\u00e9bitum\u00e9e (op\u00e9ration m\u00e9diatique de la maire de Strasbourg\u2026) ; de surcro\u00eet l\u00e0 encore des troncs d\u2019arbres interdisent la promenade apais\u00e9e et en toute qui\u00e9tude des familles poussant un landau\u00a0!<\/p>\n<p>Le Chemin des dames est devenu le principal axe de promenade o\u00f9 \u00e9voluent dans le m\u00eame espace les pi\u00e9tons, cyclistes et cavaliers\u00a0! Cherchez l\u2019erreur\u2026<\/p>\n<p>Je ne sais pas o\u00f9 sont vraiment les blaireaux (j\u2019ai ma petite id\u00e9e&#8230;), mais je connais les dindons de la farce.\u00a0\u00bb<\/p>\n<p><strong>Avis d\u2019imposition<\/strong><\/p>\n<p><strong>\u00c9ric Meyer, Ittenheim\u00a0:<\/strong><\/p>\n<p>\u00ab\u00a0J\u2019aimerais remercier la direction g\u00e9n\u00e9rale des finances publiques pour la pens\u00e9e chaleureuse qu\u2019elle porte r\u00e9guli\u00e8rement \u00e0 ma m\u00e8re.<\/p>\n<p>Tous les ans \u00e0 la m\u00eame p\u00e9riode, je suis r\u00e9ceptionnaire du courrier adress\u00e9 \u00e0 ma m\u00e8re, ici en l\u2019occurrence l\u2019avis d\u2019imposition.<\/p>\n<p>Revenus de ma m\u00e8re\u2026 z\u00e9ro euro. Imp\u00f4ts sur les revenus\u2026. z\u00e9ro euro. Et pour cause, cela fait presque cinq ans que ma m\u00e8re est d\u00e9c\u00e9d\u00e9e.<\/p>\n<p>Bien s\u00fbr, le service des finances a \u00e9t\u00e9 r\u00e9ceptionnaire des documents ad\u00e9quats apr\u00e8s la disparition de ma m\u00e8re.<\/p>\n<p>\u00c0 l\u2019ann\u00e9e prochaine pour une nouvelle pens\u00e9e chaleureuse du fisc.\u00a0\u00bb<\/p>\n<p>  Deux poids, deux mesures<\/p>\n<p><strong>Marc Heintz, Strasbourg\u00a0:<\/strong><\/p>\n<p>\u00ab\u00a0Indignez-vous, haranguait St\u00e9phane Hessel. Eh bien aujourd\u2019hui, oui, je veux bien entrer dans la ronde \u00e0 mon tour.<\/p>\n<p>Vendredi 8\u00a0ao\u00fbt, peu avant midi, j\u2019ai assist\u00e9 \u00e0 une triste sc\u00e8ne dans le tram de la ligne C qui m\u2019emmenait de \u00ab\u00a0Homme de Fer\u00a0\u00bb vers la gare. Vieil abonn\u00e9 de la glorieuse Compagnie des Transports Strasbourgeois, j\u2019appose mon Badgeo sur la borne devant ce qui fut \u00ab\u00a0le Printemps\u00a0\u00bb \u2013 m\u00eame si la nostalgie me commanderait un autre nom \u2013 \u00e7a bippe, valideur d\u00e9sactiv\u00e9. Je monte dans la rame pour rejoindre Faubourg de Saverne.<\/p>\n<p>Jour de chance, un contr\u00f4le\u00a0! Je sors mon titre de transport, le pr\u00e9sente en arguant le message du valideur et \u00e7a passe.<\/p>\n<p>H\u00e9las pour lui, un autre client assis \u00e0 c\u00f4t\u00e9 de moi n\u2019e\u00fbt pas la m\u00eame chance, il \u00e9tait \u00e9tranger en possession d\u2019un titre de transport certes mais ne l\u2019ayant pas compost\u00e9. \u00c0 un arr\u00eat du terminus, il fut entour\u00e9 de pr\u00e8s par les trois gaillards qui pas plus que lui en fran\u00e7ais ne s\u2019exprimaient en anglais. Un intense brainstorming fit qu\u2019ils s\u2019accord\u00e8rent avec peine sur un \u00ab\u00a0sixty euros\u00a0\u00bb au lieu d\u2019autoriser le client \u00e0 sortir \u00e0 Faubourg de Saverne pour valider son achat &#8211; \u00e0 condition que le valideur fut op\u00e9rationnel\u00a0! \u00c0 10 minutes de quitter la capitale europ\u00e9enne, quel dr\u00f4le de souvenir va emporter avec lui ce touriste.<\/p>\n<p>A contrario, ces m\u00eames bal\u00e8zes n\u2019osent aucune r\u00e9flexion aux squatteurs des abris de tram du Faubourg National qui occupent les lieux du matin au soir en emp\u00eachant les clients payants de prendre place entre deux correspondances [\u2026].\u00a0\u00bb<\/p>\n","protected":false},"excerpt":{"rendered":"La place de l\u2019\u00eatre humain dans la for\u00eat du Neuhof Jean-Louis Martini\u00a0: \u00ab\u00a0Je r\u00e9agis \u00e0 votre article publi\u00e9&hellip;\n","protected":false},"author":2,"featured_media":371405,"comment_status":"","ping_status":"","sticky":false,"template":"","format":"standard","meta":{"footnotes":""},"categories":[2820],"tags":[1111,11,1687,2880,1777,674,107,1011,27,775,12,25,640,2879],"class_list":{"0":"post-371404","1":"post","2":"type-post","3":"status-publish","4":"format-standard","5":"has-post-thumbnail","7":"category-strasbourg","8":"tag-actu","9":"tag-actualites","10":"tag-culture-loisirs","11":"tag-edition-strasbourg","12":"tag-eu","13":"tag-europe","14":"tag-fil-info","15":"tag-fr","16":"tag-france","17":"tag-grand-est","18":"tag-news","19":"tag-republique-francaise","20":"tag-strasbourg","21":"tag-strasbourg-ville"},"share_on_mastodon":{"url":"https:\/\/pubeurope.com\/@fr\/115159196198640731","error":""},"_links":{"self":[{"href":"https:\/\/www.europesays.com\/fr\/wp-json\/wp\/v2\/posts\/371404","targetHints":{"allow":["GET"]}}],"collection":[{"href":"https:\/\/www.europesays.com\/fr\/wp-json\/wp\/v2\/posts"}],"about":[{"href":"https:\/\/www.europesays.com\/fr\/wp-json\/wp\/v2\/types\/post"}],"author":[{"embeddable":true,"href":"https:\/\/www.europesays.com\/fr\/wp-json\/wp\/v2\/users\/2"}],"replies":[{"embeddable":true,"href":"https:\/\/www.europesays.com\/fr\/wp-json\/wp\/v2\/comments?post=371404"}],"version-history":[{"count":0,"href":"https:\/\/www.europesays.com\/fr\/wp-json\/wp\/v2\/posts\/371404\/revisions"}],"wp:featuredmedia":[{"embeddable":true,"href":"https:\/\/www.europesays.com\/fr\/wp-json\/wp\/v2\/media\/371405"}],"wp:attachment":[{"href":"https:\/\/www.europesays.com\/fr\/wp-json\/wp\/v2\/media?parent=371404"}],"wp:term":[{"taxonomy":"category","embeddable":true,"href":"https:\/\/www.europesays.com\/fr\/wp-json\/wp\/v2\/categories?post=371404"},{"taxonomy":"post_tag","embeddable":true,"href":"https:\/\/www.europesays.com\/fr\/wp-json\/wp\/v2\/tags?post=371404"}],"curies":[{"name":"wp","href":"https:\/\/api.w.org\/{rel}","templated":true}]}}