{"id":371406,"date":"2025-09-06T20:17:11","date_gmt":"2025-09-06T20:17:11","guid":{"rendered":"https:\/\/www.europesays.com\/fr\/371406\/"},"modified":"2025-09-06T20:17:11","modified_gmt":"2025-09-06T20:17:11","slug":"victoire-au-bout-du-suspens","status":"publish","type":"post","link":"https:\/\/www.europesays.com\/fr\/371406\/","title":{"rendered":"Victoire au bout du suspens"},"content":{"rendered":"<p class=\"chapo\">La SIG Strasbourg encha\u00eenait en back to back dans la Landolt Cup apr\u00e8s la d\u00e9faite de la veille contre Manchester. L\u2019objectif \u00e9tait de tr\u00e8s vite passer \u00e0 autre chose. Quoi de mieux qu\u2019une finale contre les Allemands du Chemnitz Niners pour ne pas ressasser cette d\u00e9faite apr\u00e8s une seconde p\u00e9riode frustrante ? Une magnifique occasion pour cl\u00f4turer de la meilleure des mani\u00e8res le premier tournoi de cette pr\u00e9 saison. Chose faite, puisque les Alsaciens se sont impos\u00e9s dans les derniers instants sur le score de 75 \u00e0 74. De bonne augure pour la suite.<\/p>\n<p class=\"titre\">LA DONNE :<\/p>\n<p>Apr\u00e8s son court revers d\u2019hier contre Manchester, la SIG Strasbourg remettait les baskets contre le Chemnitz Niners. Une rencontre int\u00e9ressante face au r\u00e9cent vainqueur de la FIBA Europe Cup. Ce duel allait donner un premier aper\u00e7u sur l\u2019\u00e9tat de forme des Strasbourgeois face \u00e0 un adversaire de gros calibre qui semble d\u00e9j\u00e0 tr\u00e8s en forme depuis le d\u00e9but de la Landolt. Ce match \u00e0 Yverdon-les-Bains pouvait \u00e9galement permettre aux hommes de coach Maffezzoli de remporter une premi\u00e8re comp\u00e9tition, tout en montant en puissance \u00e0 l\u2019or\u00e9e du d\u00e9but de la saison 2025-2026.<\/p>\n<p class=\"titre\">RESUME DU MATCH :<\/p>\n<p class=\"titre\">Q#1 : Entame douloureuse<\/p>\n<p>Le match d\u00e9butait difficilement pour les hommes de Maffezzoli qui devaient faire \u00e0 une \u00e9quipe de Niners Chemnitz qui \u00e9tait bien en place. Vaillants, les Strasbourgeois se battaient sur chaque rebond et profitaient d\u2019une belle ext\u00e9rieure pour ouvrir le compteur et prendre confiance. Cette adresse obligeait les Allemands \u00e0 sortir beaucoup plus fort sur les tireurs et les SIGmen alternaient bien avec le jeu int\u00e9rieur, par l\u2019interm\u00e9diaire d\u2019un Joseph au four et au moulin. Malheureusement, les trop nombreuses pertes de balles permettaient au collectif adverse de se r\u00e9galer (10-15, 6\u2019). Le r\u00e9cent champion d\u2019Europe haussait le curseur de l\u2019intensit\u00e9 et prenait petit \u00e0 petit le match en main, ce qui for\u00e7ait coach Maffezzoli \u00e0 prendre un premier temps-mort. Ce choix ne portait pas r\u00e9ellement ses fruits, puisque l\u2019attaque strasbourgeoise \u00e9tait totalement d\u00e9r\u00e9gl\u00e9e. Les Strasbourgeois ne scoraient pas le moindre point durant plus de 5 minutes, mais faisaient les efforts d\u00e9fensifs pour limiter la casse (12-19, 9\u2019). L\u2019adresse incroyable de Chemnitz dans la derni\u00e8re minute, leur permettait d\u2019avoir un petit matelas d\u2019avance \u00e0 l\u2019issue du premier quart-temps. 15-23<\/p>\n<p class=\"titre\">Q#2 : Le d\u00e9luge<\/p>\n<p>Le second acte repartait sur de meilleures bases, gr\u00e2ce aux exploits individuels de Markus Keene. Davis Jr d\u00e9cidait lui aussi de prendre les choses en main pour dynamiter la d\u00e9fense de Chemnitz. Coach Pastore d\u00e9cidait de prendre un temps-mort afin de refroidir la traction arri\u00e8re alsacienne (26-28, 14\u2019). L\u2019adresse insolente ne cessait pas pour autant, avec un Ben Gregg qui enfilait les perles dans le sillage d\u2019un back-court en tr\u00e8s grande forme. La d\u00e9fense adverse ne trouvait pas la solution et la rentr\u00e9e de Joseph permettait d\u2019appuyer o\u00f9 \u00e7a faisait mal avec une \u00e9nergie d\u00e9bordante, permettant de r\u00e9cup\u00e9rer une ribambelle de secondes chances. Ce beau passage permettait aux hommes de coach Maffezzoli de reprendre confiance et les Alsaciens d\u00e9roulaient en passant un 20-7 depuis le d\u00e9but du quart-temps (35-30, 18\u2019). Le second temps-mort de coach Pastore avait le m\u00e9rite de r\u00e9veiller les siens, redevenus plus agressifs. Pas vraiment de quoi inqui\u00e9ter des Sigmen qui voyaient le cercle comme une bassine (7\/14 de loin \u00e0 la pause). Le panier au buzzer d\u2019Adama Bal permettait de se cr\u00e9er un beau petit p\u00e9cule d\u2019avance \u00e0 la mi-temps. 43-32.<\/p>\n<p class=\"titre\">Q#3 : Souffrance<\/p>\n<p>Piqu\u00e9s dans leur orgueil, les nouveaux co\u00e9quipiers d\u2019Amadou Sow r\u00e9agissaient d\u00e8s le retour des vestiaires en passant un cinglant 7-0 qui n\u2019\u00e9tait pas du go\u00fbt de coach Maffezzoli. L\u2019Italien d\u00e9cidait de prendre tr\u00e8s rapidement un temps-mort pour remettre de l\u2019ordre dans le jeu strasbourgeois. Malheureusement, les SIGmen \u00e9taient pouss\u00e9s au bout des 24 secondes et les esprits commen\u00e7aient \u00e0 s\u2019\u00e9chauffer entre les deux \u00e9quipes. L\u2019attaque alsacienne \u00e9tait \u00e9touff\u00e9e par la grosse d\u00e9fense adverse et les co\u00e9quipiers de Joseph restaient fannys pendant de longues minutes (43-41, 24\u2019). La solution venait de Joseph qui concluait par deux fois sous le cercle apr\u00e8s une merveille de mouvement de balle. Gris\u00e9s par l\u2019adresse ext\u00e9rieure de la premi\u00e8re mi-temps, les SIGmen insistaient de loin, malgr\u00e9 une adresse qui les fuyait d\u00e9sormais. Les Alsaciens retombaient dans un jeu d\u2019isolation \u00e0 outrance et mettaient bien moins d\u2019\u00e9nergie et les Allemands en profitaient pour reprendre les commandes de la partie (49-50, 27\u2019). Sans solutions, les SIGmen s\u2019en remettaient aux exploits de Davis Jr pour rester au contact \u00e0 la fin du troisi\u00e8me quart-temps. 54-57.<\/p>\n<p class=\"titre\">Q#4 : Markus \u201cKing\u201d<\/p>\n<p>Le d\u00e9but de ce dernier acte ne se d\u00e9roulait pas vraiment comme esp\u00e9r\u00e9 avec deux marchers siffl\u00e9s cons\u00e9cutivement \u00e0 Jahel Tr\u00e8fle. Encore une fois, la SIG Strasbourg restait dans le match gr\u00e2ce \u00e0 ses individualit\u00e9s et deux coups de pattes dont seul Markus Keene avait le secret. Les talents \u00e9taient de sortie dans le money-time, et en termes de talent, Davis Jr n\u2019\u00e9tait pas en reste avec une \u00e9norme ficelle de loin pour \u00e0 nouveau faire un petit break (61-57, 34\u2019). Les d\u00e9fenses se durcissaient des deux c\u00f4t\u00e9s et la moindre position devait se m\u00e9riter pour les attaquants lors de cette fin de match. Jahel Trefle sortait de sa bo\u00eete pour aller \u00e9craser un \u00e9norme dunk ligne de fond. La fin de match s\u2019annon\u00e7ait irrespirable avec une v\u00e9ritable envie de sortir vainqueur de la confrontation, malgr\u00e9 un enjeu relatif (69-65, 38\u2019). Gabe Brown, jusque-l\u00e0 tr\u00e8s discret, d\u00e9cidait de prendre ses responsabilit\u00e9s avec deux gros tirs \u00e0 trois points dans le corner pour donner de l\u2019air \u00e0 son \u00e9quipe. La victoire finale des SIGmen se dessinait finalement gr\u00e2ce \u00e0 un tir ultra clutch pour la gagne de Markus\u201dKing\u201d. Score Final : 75-74.<\/p>\n<p>\u00a0<\/p>\n<p>LE MATCH EN VITESSE :<br \/>\nSIG Strasbourg &#8211; Niners Chemnitz : 75-74<br \/>\nLes p\u00e9riodes : 15-23, 28-9 (mi-temps : 43-32), 11-25, 21-17 (Fin du match : 75-74)<\/p>\n<p>\u00a0<\/p>\n","protected":false},"excerpt":{"rendered":"La SIG Strasbourg encha\u00eenait en back to back dans la Landolt Cup apr\u00e8s la d\u00e9faite de la veille&hellip;\n","protected":false},"author":2,"featured_media":371407,"comment_status":"","ping_status":"","sticky":false,"template":"","format":"standard","meta":{"footnotes":""},"categories":[2820],"tags":[1111,11,3146,1777,674,1011,27,775,3145,12,25,3144,640],"class_list":{"0":"post-371406","1":"post","2":"type-post","3":"status-publish","4":"format-standard","5":"has-post-thumbnail","7":"category-strasbourg","8":"tag-actu","9":"tag-actualites","10":"tag-betclic-elite","11":"tag-eu","12":"tag-europe","13":"tag-fr","14":"tag-france","15":"tag-grand-est","16":"tag-lnb","17":"tag-news","18":"tag-republique-francaise","19":"tag-sig","20":"tag-strasbourg"},"share_on_mastodon":{"url":"https:\/\/pubeurope.com\/@fr\/115159200201044570","error":""},"_links":{"self":[{"href":"https:\/\/www.europesays.com\/fr\/wp-json\/wp\/v2\/posts\/371406","targetHints":{"allow":["GET"]}}],"collection":[{"href":"https:\/\/www.europesays.com\/fr\/wp-json\/wp\/v2\/posts"}],"about":[{"href":"https:\/\/www.europesays.com\/fr\/wp-json\/wp\/v2\/types\/post"}],"author":[{"embeddable":true,"href":"https:\/\/www.europesays.com\/fr\/wp-json\/wp\/v2\/users\/2"}],"replies":[{"embeddable":true,"href":"https:\/\/www.europesays.com\/fr\/wp-json\/wp\/v2\/comments?post=371406"}],"version-history":[{"count":0,"href":"https:\/\/www.europesays.com\/fr\/wp-json\/wp\/v2\/posts\/371406\/revisions"}],"wp:featuredmedia":[{"embeddable":true,"href":"https:\/\/www.europesays.com\/fr\/wp-json\/wp\/v2\/media\/371407"}],"wp:attachment":[{"href":"https:\/\/www.europesays.com\/fr\/wp-json\/wp\/v2\/media?parent=371406"}],"wp:term":[{"taxonomy":"category","embeddable":true,"href":"https:\/\/www.europesays.com\/fr\/wp-json\/wp\/v2\/categories?post=371406"},{"taxonomy":"post_tag","embeddable":true,"href":"https:\/\/www.europesays.com\/fr\/wp-json\/wp\/v2\/tags?post=371406"}],"curies":[{"name":"wp","href":"https:\/\/api.w.org\/{rel}","templated":true}]}}