{"id":371408,"date":"2025-09-06T20:18:19","date_gmt":"2025-09-06T20:18:19","guid":{"rendered":"https:\/\/www.europesays.com\/fr\/371408\/"},"modified":"2025-09-06T20:18:19","modified_gmt":"2025-09-06T20:18:19","slug":"a-nice-ils-utilisaient-des-pigeons-pour-arnaquer-les-touristes-leur-petit-manege-stoppe","status":"publish","type":"post","link":"https:\/\/www.europesays.com\/fr\/371408\/","title":{"rendered":"\u00c0 Nice, ils utilisaient des pigeons pour arnaquer les touristes : leur petit man\u00e8ge stopp\u00e9"},"content":{"rendered":"<p>            Par<br \/>\n        <strong><br \/>\n            <a href=\"https:\/\/actu.fr\/auteur\/manon-reinhardt\" title=\"Consulter tous les articles de Manon Reinhardt\" target=\"_blank\" rel=\"noopener\">Manon Reinhardt<\/a><br \/>\n        <\/strong><\/p>\n<p>        Publi\u00e9 le<\/p>\n<p>            5 sept. 2025 \u00e0 6h10        <\/p>\n<p>Il s\u2019agit d\u2019une arnaque bien rod\u00e9e. Sur la colline du ch\u00e2teau qui surplombe <a href=\"https:\/\/actu.fr\/provence-alpes-cote-d-azur\/nice_06088\" target=\"_blank\" rel=\"noopener\">Nice<\/a> (<a href=\"https:\/\/actu.fr\/provence-alpes-cote-d-azur\/alpes-maritimes_06\" target=\"_blank\" rel=\"noopener\">Alpes-Maritimes<\/a>), des individus ont mis au point <strong>un petit man\u00e8ge<\/strong> qui leur permettait de soutirer de l\u2019argent aux passants. Ces derniers utilisaient des pigeons pour forcer les touristes \u00e0 prendre des photos \u2013 avec leur propre smartphone \u2013 puis demander jusqu\u2019\u00e0 20\u00a0euros ensuite, comme le r\u00e9v\u00e8le <a href=\"https:\/\/www.nicematin.com\/faits-divers\/arnaque-aux-touristes-et-trafic-d-oiseaux-au-chateau-de-nice-une-interpellation-1000385\" target=\"_blank\" rel=\"noopener\">Nice-Matin<\/a>.<\/p>\n<p class=\" wall-content\">Un business \u00ab\u2009tr\u00e8s lucratif\u2009\u00bb, selon l\u2019association St\u00e9phane Lamart, qui a permis l\u2019interpellation d\u2019un homme par la police municipale, ce mercredi 3\u00a0septembre 2025.<\/p>\n<p>Une photo avec son propre smartphone\u2026 pour 20\u00a0euros<\/p>\n<p class=\" wall-content\">C\u2019est sur la colline du ch\u00e2teau, lieu hautement fr\u00e9quent\u00e9 en p\u00e9riode estivale par les visiteurs, que l\u2019arnaque tr\u00e8s efficace se jouait quotidiennement. Des individus peu scrupuleux s\u2019attelaient \u00e0 utiliser des pigeons pour<strong> contraindre les touristes<\/strong> \u00e0 se prendre en photo. Une fois le moment immortalis\u00e9, avec le smartphone des victimes, ils en profitaient pour r\u00e9clamer de l\u2019argent. Jusqu\u2019\u00e0 20\u00a0euros.<\/p>\n<p>    <img   decoding=\"async\" loading=\"lazy\" src=\"https:\/\/www.europesays.com\/fr\/wp-content\/uploads\/2025\/09\/chateaux-oiseaux-nice-2-960x640.jpeg\" alt=\"Les pigeons \u00e9taient d\u00e9tenus dans de tr\u00e8s mauvaises conditions, selon les constatations de St\u00e9phane Lamart.\" width=\"960\" height=\"640\"\/><br \/>\n    Les pigeons \u00e9taient d\u00e9tenus dans de tr\u00e8s mauvaises conditions, selon les constatations de St\u00e9phane Lamart. (\u00a9Document remis \u00e0 actu Nice)<\/p>\n<p class=\" wall-content\">L\u2019association St\u00e9phane Lamart, reconnue d\u2019utilit\u00e9 publique, a permis l\u2019interpellation d\u2019un homme par la police municipale, ce mercredi 3\u00a0septembre.<\/p>\n<p class=\" wall-content\">\u00ab\u2009Nous avions rep\u00e9r\u00e9 l\u2019arnaque l\u2019ann\u00e9e derni\u00e8re d\u00e9j\u00e0. Il a fallu que je passe plusieurs journ\u00e9es \u00e0 observer sans me faire rep\u00e9rer car c\u2019est un vrai r\u00e9seau avec des personnes qui guettent.<strong> Je changeais de v\u00eatements<\/strong> toutes les heures, jusqu\u2019\u00e0 changer la couleur de mes chaussures\u2009\u00bb, raconte le pr\u00e9sident de l\u2019association, joint par actu Nice.<\/p>\n<p>Des conditions de d\u00e9tention d\u00e9plorables<\/p>\n<p class=\" wall-content\">Lors de l\u2019op\u00e9ration de sauvetage, six oiseaux ont \u00e9t\u00e9 saisis. L\u2019homme interpell\u00e9 avait 90\u00a0euros en liquide sur lui. \u00ab\u2009Et \u00e7a en une heure seulement. C\u2019est un vrai business tr\u00e8s lucratif\u2009\u00bb, d\u00e9plore St\u00e9phane Lamart. Les volatiles, eux, ont \u00e9t\u00e9 retrouv\u00e9s entass\u00e9s dans des cages et tr\u00e8s amaigris.<\/p>\n<p>Votre r\u00e9gion, votre actu !<\/p>\n<p>Recevez chaque jour les infos qui comptent pour vous.<\/p>\n<p>\t<a href=\"https:\/\/actu.fr\/newsletter\" class=\"ac-btn ac-btn--corner ac-btn--medium ac-btn--blue800\" target=\"_blank\" rel=\"noopener\">S&rsquo;incrire<\/a><\/p>\n<p class=\" wall-content\">Dans un certificat m\u00e9dical que nous avons pu consulter, une clinique v\u00e9t\u00e9rinaire a notamment constat\u00e9 \u00ab\u2009les mauvaises conditions de d\u00e9tention\u2009\u00bb. \u00ab\u2009Deux pigeons sont d\u00e9tenus dans une caisse \u00e0 chat sans eau. Deux pigeons <strong>dans un carton<\/strong> de petite dimension sans eau ni nourriture\u2009\u00bb, peut-on y lire. Ils sont porteurs de poux, leur plumage est <strong>\u00ab\u2009souill\u00e9\u2009\u00bb<\/strong> et des excr\u00e9ments se trouvent sur leurs pattes, est-il encore mentionn\u00e9.<\/p>\n<p>    <img   decoding=\"async\" loading=\"lazy\" src=\"https:\/\/www.europesays.com\/fr\/wp-content\/uploads\/2025\/09\/chateaux-oiseaux-nice-1-960x640.jpeg\" alt=\"La police municipale a saisi les volatiles avant de les confier \u00e0 l'association.\" width=\"960\" height=\"640\"\/><br \/>\n    La police municipale a saisi les volatiles avant de les confier \u00e0 l\u2019association. (\u00a9Document remis \u00e0 actu Nice)<\/p>\n<p class=\" wall-content\">Ce petit man\u00e8ge serait le fruit \u00ab\u2009d\u2019un gros r\u00e9seau\u2009\u00bb, d\u2019apr\u00e8s le d\u00e9fenseur des animaux. St\u00e9phane Lamart a d\u2019ailleurs <strong>d\u00e9pos\u00e9 plainte<\/strong> aupr\u00e8s du procureur de la R\u00e9publique.<\/p>\n<p>Pas la premi\u00e8re fois \u00e0 Nice<\/p>\n<p class=\" wall-content\">Dans un courrier, il avait demand\u00e9 \u00e0 la justice de \u00ab\u2009faire diligenter une enqu\u00eate sur ces faits, afin de v\u00e9rifier la r\u00e9gularit\u00e9 de cette activit\u00e9, les conditions de d\u00e9tention des animaux, leur origine, ainsi que les responsabilit\u00e9s des personnes impliqu\u00e9es\u2009\u00bb.<\/p>\n<p class=\" wall-content\">Ce n\u2019est pas la premi\u00e8re fois que ce type de syst\u00e8me est rep\u00e9r\u00e9 dans des lieux de la cit\u00e9 azur\u00e9enne. Un trafic similaire avait \u00e9t\u00e9 d\u00e9couvert il y a plusieurs ann\u00e9es, cette fois sur la place Mass\u00e9na, avec des oiseaux peints en diff\u00e9rentes couleurs. <strong>M\u00eame proc\u00e9d\u00e9, m\u00eame arnaque.<\/strong><\/p>\n<p class=\" wall-content\">\u00ab\u2009Ils ont choisi la colline du ch\u00e2teau car ils savent que la police passe moins que sur la place Mass\u00e9na.\u2009\u00bb St\u00e9phane Lamart esp\u00e8re que la mairie de Nice s\u2019empare davantage du sujet et s\u00e9visse.<\/p>\n<p class=\" wall-content\">Personnalisez votre actualit\u00e9 en ajoutant vos villes et m\u00e9dias en favori avec <a href=\"https:\/\/moncompte.actu.fr\" title=\"D\u00e9couvez Mon Actu\" rel=\"nofollow noopener\" data-trk=\"{&quot;cta&quot;:{&quot;action&quot;:&quot;https:\\\/\\\/moncompte.actu.fr&quot;,&quot;category&quot;:&quot;mon compte&quot;,&quot;from&quot;:&quot;article footer&quot;,&quot;name&quot;:&quot;Mon actu&quot;,&quot;type&quot;:&quot;cta&quot;}}\" target=\"_blank\">Mon Actu<\/a>.<\/p>\n","protected":false},"excerpt":{"rendered":"Par Manon Reinhardt Publi\u00e9 le 5 sept. 2025 \u00e0 6h10 Il s\u2019agit d\u2019une arnaque bien rod\u00e9e. Sur la&hellip;\n","protected":false},"author":2,"featured_media":371409,"comment_status":"","ping_status":"","sticky":false,"template":"","format":"standard","meta":{"footnotes":""},"categories":[2819],"tags":[1111,11,1867,1777,674,118,1011,27,303,12,2401,1072,882,25],"class_list":{"0":"post-371408","1":"post","2":"type-post","3":"status-publish","4":"format-standard","5":"has-post-thumbnail","7":"category-nice","8":"tag-actu","9":"tag-actualites","10":"tag-animaux","11":"tag-eu","12":"tag-europe","13":"tag-faits-divers","14":"tag-fr","15":"tag-france","16":"tag-justice","17":"tag-news","18":"tag-nice","19":"tag-police","20":"tag-provence-alpes-cote-dazur","21":"tag-republique-francaise"},"share_on_mastodon":{"url":"https:\/\/pubeurope.com\/@fr\/115159204700477427","error":""},"_links":{"self":[{"href":"https:\/\/www.europesays.com\/fr\/wp-json\/wp\/v2\/posts\/371408","targetHints":{"allow":["GET"]}}],"collection":[{"href":"https:\/\/www.europesays.com\/fr\/wp-json\/wp\/v2\/posts"}],"about":[{"href":"https:\/\/www.europesays.com\/fr\/wp-json\/wp\/v2\/types\/post"}],"author":[{"embeddable":true,"href":"https:\/\/www.europesays.com\/fr\/wp-json\/wp\/v2\/users\/2"}],"replies":[{"embeddable":true,"href":"https:\/\/www.europesays.com\/fr\/wp-json\/wp\/v2\/comments?post=371408"}],"version-history":[{"count":0,"href":"https:\/\/www.europesays.com\/fr\/wp-json\/wp\/v2\/posts\/371408\/revisions"}],"wp:featuredmedia":[{"embeddable":true,"href":"https:\/\/www.europesays.com\/fr\/wp-json\/wp\/v2\/media\/371409"}],"wp:attachment":[{"href":"https:\/\/www.europesays.com\/fr\/wp-json\/wp\/v2\/media?parent=371408"}],"wp:term":[{"taxonomy":"category","embeddable":true,"href":"https:\/\/www.europesays.com\/fr\/wp-json\/wp\/v2\/categories?post=371408"},{"taxonomy":"post_tag","embeddable":true,"href":"https:\/\/www.europesays.com\/fr\/wp-json\/wp\/v2\/tags?post=371408"}],"curies":[{"name":"wp","href":"https:\/\/api.w.org\/{rel}","templated":true}]}}