{"id":371412,"date":"2025-09-06T20:20:28","date_gmt":"2025-09-06T20:20:28","guid":{"rendered":"https:\/\/www.europesays.com\/fr\/371412\/"},"modified":"2025-09-06T20:20:28","modified_gmt":"2025-09-06T20:20:28","slug":"municipales-gestion-du-port-les-echos-de-la-redaction-de-presse-ocean","status":"publish","type":"post","link":"https:\/\/www.europesays.com\/fr\/371412\/","title":{"rendered":"Municipales, gestion du port\u2026 les \u00e9chos de la r\u00e9daction de Presse Oc\u00e9an"},"content":{"rendered":"<p>Le dessin de Frap de la semaine<\/p>\n<p>\t<img decoding=\"async\" src=\"https:\/\/www.europesays.com\/fr\/wp-content\/uploads\/2025\/09\/P35445614D6963464G_px_640_.jpg\" alt=\"photo le dessin de frap.  \u00a9  frap\" width=\"640\" title=\" Le dessin de Frap.   Frap \"\/><\/p>\n<p class=\"elmt-legende\"> Le dessin de Frap.   Frap <\/p>\n<p>Offensive<\/p>\n<p>Johanna Rolland, maire de Nantes, a donn\u00e9 de la voix lors de l\u2019universit\u00e9 d\u2019\u00e9t\u00e9 du PS, en qualit\u00e9 de n\u00b0\u00a02 du parti, \u00e0 Blois. Il n\u2019en fallait pas plus pour que son nom revienne en boucle dans les potentiel s ministrables. Une hypoth\u00e8se qui apporte un peu de baume au c\u0153ur \u00e0 ses adversaires nantais. Au centre, notamment, alors que l\u2019union avec la droite est loin d\u2019\u00eatre gagn\u00e9e\u00a0:\u00a0Johanna Rolland d\u00e9tach\u00e9e \u00e0 Paris, \u00e7a ouvrirait des perspectives diff\u00e9rentes\u00a0, note un \u00e9lu nantais.<\/p>\n<p><a href=\"https:\/\/nantes.maville.com\/actu\/actudet_-municipales-a-nantes.-lfi-engluee-dans-une-sequence-purge-et-rififi-_8-6962673_actu.Htm\" target=\"_blank\" rel=\"noopener\"> <strong>LIRE AUSSI.<\/strong> Municipales \u00e0 Nantes. LFI englu\u00e9e dans une s\u00e9quence \u00ab purge \u00bb et \u00ab rififi \u00bb<\/a><\/p>\n<p>Offensive (bis)<\/p>\n<p>Au moment o\u00f9 Johanna Rolland \u00e9tait \u00e0 Blois, \u00e0 60\u00a0km de l\u00e0, Agn\u00e8s Bourgeais, maire (DVG) de Rez\u00e9, se trouvait \u00e0 Ch\u00e2teaudun pour participer, aux c\u00f4t\u00e9s de Fran\u00e7ois Ruffin (du parti Debout\u00a0!), \u00e0 la journ\u00e9e d\u2019\u00e9t\u00e9 des Unitaires. L\u00e0 aussi, la politique du gouvernement a \u00e9t\u00e9 vilipend\u00e9e. Si les deux \u00e9lues de la m\u00e9tropole sont offensives sous des banni\u00e8res diff\u00e9rentes, le dialogue est toujours possible, puisque le PS de Johanna Rolland aspire \u00e0 une large union de la gauche allant de Ruffin \u00e0 Glucksmann.<\/p>\n<p>Mauvaise carte<\/p>\n<p>Gueule de bois pour les partisans de Julien Bainvel, favori de la primaire LR battu par Foulques Chombart de Lauwe. \u00a0Sa grande erreur a \u00e9t\u00e9 de reprendre sa carte \u00e0 LR (il avait quitt\u00e9 le parti \u00e0 l\u2019\u00e9poque de la pr\u00e9sidence d\u2019Eric Ciotti). S\u2019il n\u2019\u00e9tait pas revenu, il aurait pu enjamber la primaire et se positionner comme le candidat ind\u00e9pendant de la droite et du centre, au-dessus des partis\u00a0\u00bb.<\/p>\n<p>Mauvaise pioche<\/p>\n<p>Certains \u00e9lus de la droite et du centre n\u2019excluent pas de faire l\u2019impasse sur les municipales s\u2019ils doivent se ranger sous la banni\u00e8re Chombart de Lauwe. Le pari \u00e9quivaut \u00e0 dispara\u00eetre en grande partie du paysage politique local. L\u2019option Sarah El Ha\u00efry titille aussi des voix LR mais l\u00e0 encore, c\u2019est temp\u00eate sous un cr\u00e2ne. \u00a0C\u2019est compliqu\u00e9 de renoncer \u00e0 avoir une t\u00eate de liste dans la 6e ville de France, souffle un cadre.\u00a0Surtout que l\u2019on a besoin d\u2019avoir des \u00e9lus pour les s\u00e9natoriales\u2026\u00a0<\/p>\n<p>\u00ab\u00a0Mauvais coups\u00a0\u00bb<\/p>\n<p>Christelle Moran\u00e7ais, pr\u00e9sidente (Horizons) de la R\u00e9gion, est pr\u00e9venue\u00a0: pas mal d\u2019\u00e9lus de la droite m\u00e9tropolitaine ne cachent pas leur col\u00e8re face \u00e0 son absence de soutien, lors de la primaire LR \u00e0 Julien Bainvel, \u00e9lu r\u00e9gional \u00a0qui a \u00e9t\u00e9 hyper loyal et s\u2019est d\u00e9men\u00e9 pour assurer le service apr\u00e8s-vente du plan d\u2019\u00e9conomies de Moran\u00e7ais qui a touch\u00e9 la culture\u00a0. \u00a0C\u2019est la capitaine qui assassine son garde du corps\u00a0\u00bb, souffle, m\u00e9dus\u00e9, un cadre LR.<\/p>\n<p>Absence<\/p>\n<p>Dans son rapport accablant sur la gestion du port de Nantes St-Nazaire, la Cour des comptes pointe l\u2019absent\u00e9isme pr\u00e9occupant des personnels portuaires. En 2023, ils ont cumul\u00e9 12\u00a0188\u00a0jours d\u2019absence sur l\u2019ann\u00e9e, soit pr\u00e8s d\u2019un mois de travail par agent. Sans compter les jours de gr\u00e8ve ne donnant lieu qu\u2019\u00e0 des retenues sur salaires minimes pour le personnel terrestre, voire nulles pour les marins.<\/p>\n<p>Passoire<\/p>\n<p>La Cour pr\u00e9conise la suppression de l\u2019\u00e9quipe \u00ab\u00a0supervision du domaine\u00a0\u00bb (14\u00a0agents), qui fait doublon avec les soci\u00e9t\u00e9s de gardiennage priv\u00e9es employ\u00e9es. Sans que cela rel\u00e8ve le niveau de s\u00fbret\u00e9\u00a0: selon le d\u00e9compte r\u00e9alis\u00e9, il existerait 2\u00a0856\u00a0badges d\u2019acc\u00e8s pour le seul terminal roulier de Montoir. La moiti\u00e9 est li\u00e9e \u00e0 l\u2019usine General Electric \u00a0mais il en reste 1\u00a0638\u00a0relatifs \u00e0 l\u2019activit\u00e9 du terminal, soit pr\u00e8s de trois fois l\u2019effectif total des agents du port\u00a0, souligne la Cour.<\/p>\n<p>\u00a0<\/p>\n","protected":false},"excerpt":{"rendered":"Le dessin de Frap de la semaine Le dessin de Frap. Frap Offensive Johanna Rolland, maire de Nantes,&hellip;\n","protected":false},"author":2,"featured_media":371413,"comment_status":"","ping_status":"","sticky":false,"template":"","format":"standard","meta":{"footnotes":""},"categories":[2818],"tags":[1111,11,17611,1777,674,1011,27,2861,3554,766,12,12517,2636,5159,4048,1833,25],"class_list":{"0":"post-371412","1":"post","2":"type-post","3":"status-publish","4":"format-standard","5":"has-post-thumbnail","7":"category-nantes","8":"tag-actu","9":"tag-actualites","10":"tag-echos","11":"tag-eu","12":"tag-europe","13":"tag-fr","14":"tag-france","15":"tag-gestion","16":"tag-municipales","17":"tag-nantes","18":"tag-news","19":"tag-ocean","20":"tag-pays-de-la-loire","21":"tag-port","22":"tag-presse","23":"tag-redaction","24":"tag-republique-francaise"},"share_on_mastodon":{"url":"https:\/\/pubeurope.com\/@fr\/115159211997738984","error":""},"_links":{"self":[{"href":"https:\/\/www.europesays.com\/fr\/wp-json\/wp\/v2\/posts\/371412","targetHints":{"allow":["GET"]}}],"collection":[{"href":"https:\/\/www.europesays.com\/fr\/wp-json\/wp\/v2\/posts"}],"about":[{"href":"https:\/\/www.europesays.com\/fr\/wp-json\/wp\/v2\/types\/post"}],"author":[{"embeddable":true,"href":"https:\/\/www.europesays.com\/fr\/wp-json\/wp\/v2\/users\/2"}],"replies":[{"embeddable":true,"href":"https:\/\/www.europesays.com\/fr\/wp-json\/wp\/v2\/comments?post=371412"}],"version-history":[{"count":0,"href":"https:\/\/www.europesays.com\/fr\/wp-json\/wp\/v2\/posts\/371412\/revisions"}],"wp:featuredmedia":[{"embeddable":true,"href":"https:\/\/www.europesays.com\/fr\/wp-json\/wp\/v2\/media\/371413"}],"wp:attachment":[{"href":"https:\/\/www.europesays.com\/fr\/wp-json\/wp\/v2\/media?parent=371412"}],"wp:term":[{"taxonomy":"category","embeddable":true,"href":"https:\/\/www.europesays.com\/fr\/wp-json\/wp\/v2\/categories?post=371412"},{"taxonomy":"post_tag","embeddable":true,"href":"https:\/\/www.europesays.com\/fr\/wp-json\/wp\/v2\/tags?post=371412"}],"curies":[{"name":"wp","href":"https:\/\/api.w.org\/{rel}","templated":true}]}}