{"id":371414,"date":"2025-09-06T20:21:12","date_gmt":"2025-09-06T20:21:12","guid":{"rendered":"https:\/\/www.europesays.com\/fr\/371414\/"},"modified":"2025-09-06T20:21:12","modified_gmt":"2025-09-06T20:21:12","slug":"deux-choses-mont-surprise-a-mon-arrivee","status":"publish","type":"post","link":"https:\/\/www.europesays.com\/fr\/371414\/","title":{"rendered":"Deux choses m&rsquo;ont surprise \u00e0 mon arriv\u00e9e&#8230;"},"content":{"rendered":"<p>\n                Ces derni\u00e8res ann\u00e9es, Nantes est dans le top 10\u00a0des villes de France avec le plus fort afflux de franciliens. Un choix qu&rsquo;a aussi fait Carole, trentenaire qui s&rsquo;est install\u00e9e avec mari et enfants dans ce chef-lieu de la Loire-Atlantique. Elle nous raconte.            <\/p>\n<p>Sixi\u00e8me ville la plus peupl\u00e9e de France, Nantes attire de nombreux Parisiens et autres Franciliens en qu\u00eate d&rsquo;espace et de prix moins \u00e9lev\u00e9s. Alors que la r\u00e9putation de la ville a \u00e9t\u00e9 \u00e9corn\u00e9e ces derni\u00e8res ann\u00e9es dans la rubrique faits divers, ceux qui\u00a0ont saut\u00e9 le pas d&rsquo;un d\u00e9m\u00e9nagement de la capitale vers la province ont-ils des regrets ? On a pos\u00e9 la question \u00e0 Carole, trentenaire ayant choisi de s&rsquo;y installer apr\u00e8s \u00ab\u00a0la p\u00e9riode Covid, d\u00e9cisive dans [sa] d\u00e9cision.\u00a0\u00bb<\/p>\n<p>Originaire de Lyon, Carole a v\u00e9cu pendant des ann\u00e9es aux portes de la capitale. Alors, au moment de choisir avec son mari o\u00f9 d\u00e9m\u00e9nager face \u00e0 ses \u00ab\u00a0envies d&rsquo;ailleurs\u00a0\u00bb, elle s&rsquo;est logiquement pos\u00e9e la question d&rsquo;un retour aux sources. Finalement, c&rsquo;est sur Nantes que son choix s&rsquo;est port\u00e9. \u00ab\u00a0Nous avons d\u00e9cid\u00e9 que Nantes serait le meilleur compromis car nous avions besoin d&rsquo;espace, d&rsquo;une ville moins agit\u00e9e que Lyon, la possibilit\u00e9 d&rsquo;\u00eatre au bord de la mer en \u00e0 peine 1h et surtout la proximit\u00e9 avec notre famille [ses beaux-parents \u00e9tant au Mans, \u00e0 2h de voiture, ndlr]\u00a0\u00bb, dit-elle.<\/p>\n<p>Mais, sans surprise, une autre raison s&rsquo;est impos\u00e9e au couple : \u00ab\u00a0Le dernier crit\u00e8re d\u00e9cisif a \u00e9t\u00e9 le prix de l&rsquo;immobilier. Etant propri\u00e9taires d&rsquo;un appartement en r\u00e9gion parisienne, nous souhaitions nous installer en maison. Et cela n&rsquo;aurait pas \u00e9t\u00e9 possible sur Lyon\u00a0au vu des prix exorbitants pratiqu\u00e9s m\u00eame en p\u00e9riph\u00e9rie de la ville&#8230;.\u00a0\u00bb En effet, \u00e0 date, comme le rapportent nos confr\u00e8res du <a href=\"https:\/\/immobilier.lefigaro.fr\/prix-immobilier\/nantes\/ville-44109\" target=\"_blank\" rel=\"nofollow noopener\">Figaro Immobilier<\/a>, le prix m\u00e9dian d&rsquo;une maison \u00e0 Lyon est de\u00a04\u00a0705\u00a0\u20ac\/m2 alors qu&rsquo;\u00e0 Nantes il est de 3\u00a0901\u00a0\u20ac\/m2. De quoi s&rsquo;offrir une maison plus grande, surtout quand on a deux enfants comme c&rsquo;est le cas de Carole.<\/p>\n<p>Une fois le choix de la ville effectu\u00e9, Carole a eu la chance de pouvoir partir via une mutation, son entreprise ayant une antenne \u00e0 Nantes. Et quid de son salaire ? \u00ab\u00a0Mon salaire a tr\u00e8s l\u00e9g\u00e8rement baiss\u00e9 lors de ma mutation,\u00a0passant de 46K \u00e0 44K, en contrepartie mes frais de d\u00e9m\u00e9nagement \u00e9taient couverts par la soci\u00e9t\u00e9. J&rsquo;ai ensuite quitt\u00e9 mon travail peu de temps apr\u00e8s \u00eatre arriv\u00e9e sur Nantes en trouvant un nouvel emploi mieux pay\u00e9 que mon pr\u00e9c\u00e9dent en r\u00e9gion parisienne\u00a0\u00bb, explique-t-elle, ajoutant que\u00a0\u00ab\u00a0les possibilit\u00e9s de carri\u00e8re sont clairement plus limit\u00e9es.\u00a0\u00bb<\/p>\n<p>Aujourd&rsquo;hui, elle estime \u00ab\u00a0vivre convenablement\u00a0\u00bb mais alerte ceux qui pensent que la vie en r\u00e9gion serait beaucoup plus rentable : \u00ab\u00a0Lorsque je compare mon salaire nantais avec celui d&rsquo;un parisien, je constate des \u00e9carts consid\u00e9rables (de l&rsquo;ordre de 15-20K) alors qu&rsquo;un restaurant, un cin\u00e9ma, l&rsquo;essence ou m\u00eame les courses sont des postes de d\u00e9penses tout \u00e0 fait similaires avec la capitale&#8230;\u00a0\u00bb Si elle n&rsquo;a donc pas gagn\u00e9 \u00e9norm\u00e9ment en pouvoir d&rsquo;achat, elle ne regrette pas du tout son choix car elle a gagn\u00e9 en \u00ab\u00a0espace !\u00a0\u00bb<\/p>\n<p>\u00ab\u00a0Avoir une maison avec un jardin n&rsquo;a absolument pas de prix, surtout avec 2\u00a0enfants. La vie de quartier que je n&rsquo;ai pas connue pr\u00e9c\u00e9demment, la souplesse des horaires et pouvoir quitter son travail \u00e0 17h sans avoir \u00e0 se justifier. Le cadre de vie est litt\u00e9ralement plus doux, plus calme.\u00a0\u00bb En revanche, tout n&rsquo;est pas rose et comme point noir, elle souligne notamment la faiblesse des transports, surtout quand on souhaite se d\u00e9placer un peu loin, par exemple pour aller voir des amis qui vivent dans une autre r\u00e9gion. \u00ab\u00a0Un Nantes-Bordeaux nous prend par exemple 4h et il est parfois plus rapide de prendre la voiture. Il n&rsquo;y a pas de ligne de train nous permettant de rejoindre d&rsquo;autres grandes villes sans devoir forc\u00e9ment repasser par Paris&#8230;\u00a0\u00bb<\/p>\n<p>Maintenant qu&rsquo;elle vit depuis quelques ann\u00e9es sur Nantes, quel bilan tire Carole ? \u00ab\u00a0Deux\u00a0choses m&rsquo;ont surprise\u00a0lorsque je suis arriv\u00e9e\u00a0: les bouchons sur le p\u00e9riph\u00e9rique, tr\u00e8s souvent encombr\u00e9 lorsqu&rsquo;il y a de fortes pluies ou un match de football le soir en rentrant, et\u00a0la fr\u00e9quentation du centre-ville. Il y a certes des quartiers peu fr\u00e9quentables comme partout\u00a0mais Nantes \u00e9tant plus petite, cela donne l&rsquo;impression que toute la ville est peu s\u00fbre. Je n&rsquo;ai personnellement jamais eu de mauvaise exp\u00e9rience en me promenant en journ\u00e9e ou en soir\u00e9e avec des amis. Cela dit, les &lsquo;dires&rsquo;\u00a0et le ph\u00e9nom\u00e8ne de &lsquo;Nantes est devenue une ville dangereuse&rsquo;, cela\u00a0n&rsquo;aide pas \u00e0 se sentir compl\u00e8tement serein. Si j&rsquo;avais eu ces informations avant mon d\u00e9part, probablement que cela aurait jou\u00e9 sur la d\u00e9cision de venir.\u00a0\u00bb<\/p>\n","protected":false},"excerpt":{"rendered":"Ces derni\u00e8res ann\u00e9es, Nantes est dans le top 10\u00a0des villes de France avec le plus fort afflux de&hellip;\n","protected":false},"author":2,"featured_media":371415,"comment_status":"","ping_status":"","sticky":false,"template":"","format":"standard","meta":{"footnotes":""},"categories":[2818],"tags":[1111,11,1777,674,1011,27,766,12,2636,25],"class_list":{"0":"post-371414","1":"post","2":"type-post","3":"status-publish","4":"format-standard","5":"has-post-thumbnail","7":"category-nantes","8":"tag-actu","9":"tag-actualites","10":"tag-eu","11":"tag-europe","12":"tag-fr","13":"tag-france","14":"tag-nantes","15":"tag-news","16":"tag-pays-de-la-loire","17":"tag-republique-francaise"},"share_on_mastodon":{"url":"https:\/\/pubeurope.com\/@fr\/115159215930332377","error":""},"_links":{"self":[{"href":"https:\/\/www.europesays.com\/fr\/wp-json\/wp\/v2\/posts\/371414","targetHints":{"allow":["GET"]}}],"collection":[{"href":"https:\/\/www.europesays.com\/fr\/wp-json\/wp\/v2\/posts"}],"about":[{"href":"https:\/\/www.europesays.com\/fr\/wp-json\/wp\/v2\/types\/post"}],"author":[{"embeddable":true,"href":"https:\/\/www.europesays.com\/fr\/wp-json\/wp\/v2\/users\/2"}],"replies":[{"embeddable":true,"href":"https:\/\/www.europesays.com\/fr\/wp-json\/wp\/v2\/comments?post=371414"}],"version-history":[{"count":0,"href":"https:\/\/www.europesays.com\/fr\/wp-json\/wp\/v2\/posts\/371414\/revisions"}],"wp:featuredmedia":[{"embeddable":true,"href":"https:\/\/www.europesays.com\/fr\/wp-json\/wp\/v2\/media\/371415"}],"wp:attachment":[{"href":"https:\/\/www.europesays.com\/fr\/wp-json\/wp\/v2\/media?parent=371414"}],"wp:term":[{"taxonomy":"category","embeddable":true,"href":"https:\/\/www.europesays.com\/fr\/wp-json\/wp\/v2\/categories?post=371414"},{"taxonomy":"post_tag","embeddable":true,"href":"https:\/\/www.europesays.com\/fr\/wp-json\/wp\/v2\/tags?post=371414"}],"curies":[{"name":"wp","href":"https:\/\/api.w.org\/{rel}","templated":true}]}}