{"id":371416,"date":"2025-09-06T20:22:15","date_gmt":"2025-09-06T20:22:15","guid":{"rendered":"https:\/\/www.europesays.com\/fr\/371416\/"},"modified":"2025-09-06T20:22:15","modified_gmt":"2025-09-06T20:22:15","slug":"le-festival-cyclo-musical-bordelais-gratuit-continue-dimanche","status":"publish","type":"post","link":"https:\/\/www.europesays.com\/fr\/371416\/","title":{"rendered":"le festival cyclo-musical bordelais gratuit continue dimanche"},"content":{"rendered":"<p>On rappelle le principe d\u2019Ouvre la voix, ce festival organis\u00e9 par la Rock School Barbey (salle de concert et sc\u00e8ne de musiques actuelles \u00e0 Bordeaux)\u00a0: une boucle de trois jours de musique, v\u00e9lo et ripaille le long de la piste cyclable Roger-Lap\u00e9bie dans l\u2019Entre-deux-Mers. \u00c9ric Roux, cycliste et directeur de la Rock School Barbey, est l\u2019initiateur de cette \u00e9chapp\u00e9e musicale depuis vingt-trois\u00a0ans.<\/p>\n<p>Samedi 6\u00a0septembre, il y avait au menu\u00a0: d\u00e9part de Sauveterre, direction Frontenac avec en-cas et concert de Cumbia Chicharra \u00e0 la cl\u00e9, puis \u00e9tape go\u00fbter \u00e0 l\u2019ancienne gare d\u2019Espiet en musique avec Eggs. Suivaient le fameux concours de cri puis le concert de Dominique A, \u00e0 Cr\u00e9on. Exceptionnellement, il n\u2019a pas lieu \u00e0 l\u2019\u00e9glise Saint-Brice. \u00ab\u00a0Normalement, \u00e0 chaque \u00e9dition, je programme un artiste seul dans cette \u00e9glise, comme Albin de la Simone, Bertrand Belin ou Rodolphe Burger. Dominique A pouvait venir cette ann\u00e9e, mais avec des musiciens. Nous avons donc d\u00fb d\u00e9placer le concert \u00e0 l\u2019espace culturel Arcades de Cr\u00e9on\u00a0\u00bb, explique Emmanuel Ranceze, programmateur de la sc\u00e8ne de musiques actuelles bordelaise.<\/p>\n<p>        <img decoding=\"async\" id=\"25815591\" src=\"https:\/\/www.europesays.com\/fr\/wp-content\/uploads\/2025\/09\/emmanuel-ranceze.jpg\" alt=\"Emmanuel Ranceze est le programmateur de la Rock School Barbey, instigatrice de l\u2019\u00e9v\u00e9nement.\" itemprop=\"contentURL\"\/><\/p>\n<p>    Emmanuel Ranceze est le programmateur de la Rock School Barbey, instigatrice de l\u2019\u00e9v\u00e9nement.<\/p>\n<p>E.\u00a0D.<\/p>\n<p>    Des cyclistes venus de Belgique<\/p>\n<p>\u00c0 midi ce samedi, les halles de Frontenac ont peine \u00e0 accueillir tout le monde\u00a0: plus de 200\u00a0personnes s\u2019y pressent, attabl\u00e9es, en attendant le set de Cumbia Chicharra.<\/p>\n<p>        <img decoding=\"async\" id=\"25817307\" src=\"https:\/\/www.europesays.com\/fr\/wp-content\/uploads\/2025\/09\/ouvre-la-voix-2025.jpg\" alt=\"Les cyclistes ont fait halte \u00e0 la halle de Frontenac.\" itemprop=\"contentURL\"\/><\/p>\n<p>    Les cyclistes ont fait halte \u00e0 la halle de Frontenac.<\/p>\n<p>E.\u00a0D.<\/p>\n<p>Pierre, Richard et Cathy connaissaient d\u00e9j\u00e0 la piste Roger-Lap\u00e9bie, pas le festival. Venus de Gradignan et de Cestas, ils sont fans de l\u2019organisation \u00ab\u00a0et du groupe qu\u2019on a vu ce matin\u00a0: Les Goualeurs de Paludate\u00a0\u00bb, ajoute Pierre.<\/p>\n<p>        <img decoding=\"async\" id=\"25814816\" src=\"https:\/\/www.europesays.com\/fr\/wp-content\/uploads\/2025\/09\/les-qutre.jpg\" alt=\"Pierre, Richard, Cathy et Caroline connaissaient d\u00e9j\u00e0 la piste cyclable, mais pas le festival musical.\" itemprop=\"contentURL\"\/><\/p>\n<p>    Pierre, Richard, Cathy et Caroline connaissaient d\u00e9j\u00e0 la piste cyclable, mais pas le festival musical.<\/p>\n<p>E.\u00a0D.<\/p>\n<blockquote><p>\u00ab\u00a0C\u2019est un festival de groupes urbains en milieu rural. La programmation est \u00e9clectique, accessible, parle au public\u00a0\u00bb<\/p><\/blockquote>\n<p>Le public d\u00e9passe largement les fronti\u00e8res du d\u00e9partement\u00a0: Joris et Vicky sont venus de Belgique. Dans leur p\u00e9riple en camping-car, ils ont entendu parler d\u2019Ouvre la voix, et comptent bien \u00ab\u00a0rejoindre \u00e0 v\u00e9lo le tour de dimanche\u00a0\u00bb.<\/p>\n<p>        <img decoding=\"async\" id=\"25814809\" src=\"https:\/\/www.europesays.com\/fr\/wp-content\/uploads\/2025\/09\/vicky-et-joris-festival-ouvre-la-voix-2025.jpg\" alt=\"Vicky et Joris, un couple de touristes belges, s\u2019est joint au cort\u00e8ge.\" itemprop=\"contentURL\"\/><\/p>\n<p>    Vicky et Joris, un couple de touristes belges, s\u2019est joint au cort\u00e8ge.<\/p>\n<p>E.\u00a0D.<\/p>\n<p>    Artistes locaux<\/p>\n<p>Cumbia Chicharra fait chalouper le public \u00e0 coups de sonorit\u00e9s sud-am\u00e9ricaines. Le combo suivant, Eggs, plus vers\u00e9 indie pop, attend le peloton \u00e0 la gare d\u2019Espiet pour le go\u00fbter\u2026 \u00ab\u00a0C\u2019est un festival de groupes urbains en milieu rural, pose Emmanuel Ranceze. La programmation est \u00e9clectique, accessible, parle au public. Je fais en sorte d\u2019avoir des artistes locaux \u00e0 chaque \u00e9dition. Cette ann\u00e9e, nous avons Dinoh, Les Goualeurs de Paludate, Lemon Rose et Layday. C\u2019est le premier festival de la rentr\u00e9e, on prolonge la fin de l\u2019\u00e9t\u00e9.\u00a0\u00bb<\/p>\n<p>        <img decoding=\"async\" id=\"25817870\" src=\"https:\/\/www.europesays.com\/fr\/wp-content\/uploads\/2025\/09\/eggs-ouvre-la-voix.jpg\" alt=\"Eggs, venus de Paris pour un set indie pop.\" itemprop=\"contentURL\"\/><\/p>\n<p>    Eggs, venus de Paris pour un set indie pop.<\/p>\n<p>E.\u00a0D.<\/p>\n<p>Dimanche 6\u00a0septembre, pour le dernier jour, trois\u00a0pelotons prendront le d\u00e9part de trois\u00a0villes diff\u00e9rentes pour converger vers une ligne d\u2019arriv\u00e9e commune, l\u2019A\u00e9rocampus \u00e0 Latresne, pour une s\u00e9ance de Vaudou Game.<\/p>\n<p><a href=\"https:\/\/rockschool-barbey.com\/news\/416\/festival-ouvre-la-voix-2025-decouvrez-la-programmation\" target=\"_blank\" rel=\"nofollow noopener\">Renseignements et r\u00e9servations en ligne sur rockschool-barbey.com.<\/a><\/p>\n<p>    Trois parcours ce dimanche<br \/>\nD\u00e9part de Bordeaux \u00e0 10\u00a0h\u00a025 devant le Grand-Th\u00e9\u00e2tre, avec un concert du ch\u0153ur de l\u2019Op\u00e9ra national de Bordeaux. D\u00e9part de Lormont \u00e0 10\u00a0h\u00a015, station Le Bato Lormont Bas, avec la chanteuse Clara Dahlie. \u00c0\u00a012 heures, concert de Layday, impasse des Berges \u00e0 Bouliac. D\u00e9part de Cr\u00e9on, 10 heures, station V\u00e9lo. Petit d\u00e9jeuner (2\u00a0euros) et d\u00e9part collectif pour la gare de Sadirac, o\u00f9 les Lemon Rose joueront. \u00c0 midi, arriv\u00e9e au g\u00eete rural de C\u00e9nac sur les notes de Dinoh.<br \/>Final commun \u00e0 13 heures \u00e0 l\u2019A\u00e9rocampus de Latresne, avant le concert de Vaudou Game \u00e0 15\u00a0heures.<\/p>\n","protected":false},"excerpt":{"rendered":"On rappelle le principe d\u2019Ouvre la voix, ce festival organis\u00e9 par la Rock School Barbey (salle de concert&hellip;\n","protected":false},"author":2,"featured_media":371417,"comment_status":"","ping_status":"","sticky":false,"template":"","format":"standard","meta":{"footnotes":""},"categories":[2817],"tags":[1111,11,1997,1777,674,1011,27,12,2219,25],"class_list":{"0":"post-371416","1":"post","2":"type-post","3":"status-publish","4":"format-standard","5":"has-post-thumbnail","7":"category-bordeaux","8":"tag-actu","9":"tag-actualites","10":"tag-bordeaux","11":"tag-eu","12":"tag-europe","13":"tag-fr","14":"tag-france","15":"tag-news","16":"tag-nouvelle-aquitaine","17":"tag-republique-francaise"},"share_on_mastodon":{"url":"https:\/\/pubeurope.com\/@fr\/115159220008399933","error":""},"_links":{"self":[{"href":"https:\/\/www.europesays.com\/fr\/wp-json\/wp\/v2\/posts\/371416","targetHints":{"allow":["GET"]}}],"collection":[{"href":"https:\/\/www.europesays.com\/fr\/wp-json\/wp\/v2\/posts"}],"about":[{"href":"https:\/\/www.europesays.com\/fr\/wp-json\/wp\/v2\/types\/post"}],"author":[{"embeddable":true,"href":"https:\/\/www.europesays.com\/fr\/wp-json\/wp\/v2\/users\/2"}],"replies":[{"embeddable":true,"href":"https:\/\/www.europesays.com\/fr\/wp-json\/wp\/v2\/comments?post=371416"}],"version-history":[{"count":0,"href":"https:\/\/www.europesays.com\/fr\/wp-json\/wp\/v2\/posts\/371416\/revisions"}],"wp:featuredmedia":[{"embeddable":true,"href":"https:\/\/www.europesays.com\/fr\/wp-json\/wp\/v2\/media\/371417"}],"wp:attachment":[{"href":"https:\/\/www.europesays.com\/fr\/wp-json\/wp\/v2\/media?parent=371416"}],"wp:term":[{"taxonomy":"category","embeddable":true,"href":"https:\/\/www.europesays.com\/fr\/wp-json\/wp\/v2\/categories?post=371416"},{"taxonomy":"post_tag","embeddable":true,"href":"https:\/\/www.europesays.com\/fr\/wp-json\/wp\/v2\/tags?post=371416"}],"curies":[{"name":"wp","href":"https:\/\/api.w.org\/{rel}","templated":true}]}}