{"id":371420,"date":"2025-09-06T20:24:13","date_gmt":"2025-09-06T20:24:13","guid":{"rendered":"https:\/\/www.europesays.com\/fr\/371420\/"},"modified":"2025-09-06T20:24:13","modified_gmt":"2025-09-06T20:24:13","slug":"le-cluster-numerique-digital-113-obtient-une-labellisation-inedite-en-france","status":"publish","type":"post","link":"https:\/\/www.europesays.com\/fr\/371420\/","title":{"rendered":"le cluster num\u00e9rique Digital 113 obtient une labellisation in\u00e9dite en France"},"content":{"rendered":"<p>Une labellisation in\u00e9dite, obtenue en un temps record. Digital 113 vient de franchir une nouvelle \u00e9tape avec l\u2019obtention du label \u00ab\u00a0Num\u00e9rique Responsable\u00a0\u00bb. Le cluster d\u2019entreprises num\u00e9riques d\u2019<a href=\"https:\/\/lopinion.com\/\" rel=\"noopener noreferrer nofollow\" target=\"_blank\">Occitanie<\/a> devient ainsi<strong> le premier cluster num\u00e9rique de l\u2019Hexagone<\/strong> \u00e0 obtenir cette certification, le tout via un processus acc\u00e9l\u00e9r\u00e9. En effet, la d\u00e9marche de labellisation a \u00e9t\u00e9 lanc\u00e9e en 2024 et men\u00e9e <strong>en huit mois seulement<\/strong>, contre les 12 mois recommand\u00e9s.<\/p>\n<p>Les cl\u00e9s de cette r\u00e9compense<\/p>\n<p>\u00ab\u00a0Cette labellisation est une fiert\u00e9 collective. Elle d\u00e9montre que nous agissons concr\u00e8tement dans nos propres pratiques et que nous f\u00e9d\u00e9rons l\u2019ensemble de l\u2019\u00e9cosyst\u00e8me autour d\u2019un num\u00e9rique plus responsable\u00a0\u00bb, d\u00e9clare Fran\u00e7oise Nauton-Inglis, pr\u00e9sidente de Digital 113. Dans les faits, le cluster a pris <strong>12 engagements structurants <\/strong>pour r\u00e9duire son empreinte environnementale et renforcer son impact soci\u00e9tal, apr\u00e8s un audit approfondi et la collecte de donn\u00e9es.<\/p>\n<p>Des efforts \u00e0 poursuivre<\/p>\n<p>Gr\u00e2ce \u00e0 son plan d\u2019action, Digital 113 a obtenu un score de 652 points, soit plus du double du seuil attendu pour une certification de niveau 1 (300 points). D\u00e9sormais, le cluster <strong>dispose de deux ans pour mettre en pratique ses engagements <\/strong>et pr\u00e9parer le renouvellement de la labellisation. Lanc\u00e9 par l\u2019Institut du Num\u00e9rique Responsable (INR) en 2019, le label \u00e9ponyme a notamment le soutien de l\u2019ADEME, de WWF et du r\u00e9seau de clusters num\u00e9riques France IT.<\/p>\n<p>Un \u00e9v\u00e8nement autour des enjeux du num\u00e9rique<\/p>\n<p>En parall\u00e8le, Digital 113 rappelle le retour de l\u2019\u00e9v\u00e8nement<strong> The Green IT Day<\/strong>, avec une 11\u00e8 \u00e9dition sur le th\u00e8me \u00ab\u00a0Num\u00e9riques et vivants : virus ou vivus\u00a0\u00bb. Au programme\u00a0: conf\u00e9rences, tables rondes, ateliers\u2026 L\u2019\u00e9puisement des ressources naturelles, la cybers\u00e9curit\u00e9, et l\u2019inclusion num\u00e9rique seront notamment au c\u0153ur de ces temps d\u2019\u00e9change. Le rendez-vous se tiendra en deux temps\u00a0: le 2 octobre 2025 au KIASMA (Castelnau-le-Lez), puis le 3 octobre 2025 \u00e0 La Cit\u00e9 (Toulouse). Inscription gratuite.\u00a0<\/p>\n<p>&gt;&gt; \u00c0 LIRE AUSSI : <a href=\"https:\/\/lopinion.com\/articles\/actualite\/29407_toulouse-isae-supaero-recompense-strategie-environnementale-et-societale\" rel=\"noopener noreferrer nofollow\" target=\"_blank\">Toulouse : l\u2019ISAE-SUPAERO r\u00e9compens\u00e9 pour sa strat\u00e9gie environnementale et soci\u00e9tale<\/a><\/p>\n","protected":false},"excerpt":{"rendered":"Une labellisation in\u00e9dite, obtenue en un temps record. Digital 113 vient de franchir une nouvelle \u00e9tape avec l\u2019obtention&hellip;\n","protected":false},"author":2,"featured_media":371421,"comment_status":"","ping_status":"","sticky":false,"template":"","format":"standard","meta":{"footnotes":""},"categories":[2816],"tags":[1111,11,1777,674,1011,27,12,2680,25,2312],"class_list":{"0":"post-371420","1":"post","2":"type-post","3":"status-publish","4":"format-standard","5":"has-post-thumbnail","7":"category-toulouse","8":"tag-actu","9":"tag-actualites","10":"tag-eu","11":"tag-europe","12":"tag-fr","13":"tag-france","14":"tag-news","15":"tag-occitanie","16":"tag-republique-francaise","17":"tag-toulouse"},"share_on_mastodon":{"url":"https:\/\/pubeurope.com\/@fr\/115159227710789421","error":""},"_links":{"self":[{"href":"https:\/\/www.europesays.com\/fr\/wp-json\/wp\/v2\/posts\/371420","targetHints":{"allow":["GET"]}}],"collection":[{"href":"https:\/\/www.europesays.com\/fr\/wp-json\/wp\/v2\/posts"}],"about":[{"href":"https:\/\/www.europesays.com\/fr\/wp-json\/wp\/v2\/types\/post"}],"author":[{"embeddable":true,"href":"https:\/\/www.europesays.com\/fr\/wp-json\/wp\/v2\/users\/2"}],"replies":[{"embeddable":true,"href":"https:\/\/www.europesays.com\/fr\/wp-json\/wp\/v2\/comments?post=371420"}],"version-history":[{"count":0,"href":"https:\/\/www.europesays.com\/fr\/wp-json\/wp\/v2\/posts\/371420\/revisions"}],"wp:featuredmedia":[{"embeddable":true,"href":"https:\/\/www.europesays.com\/fr\/wp-json\/wp\/v2\/media\/371421"}],"wp:attachment":[{"href":"https:\/\/www.europesays.com\/fr\/wp-json\/wp\/v2\/media?parent=371420"}],"wp:term":[{"taxonomy":"category","embeddable":true,"href":"https:\/\/www.europesays.com\/fr\/wp-json\/wp\/v2\/categories?post=371420"},{"taxonomy":"post_tag","embeddable":true,"href":"https:\/\/www.europesays.com\/fr\/wp-json\/wp\/v2\/tags?post=371420"}],"curies":[{"name":"wp","href":"https:\/\/api.w.org\/{rel}","templated":true}]}}