{"id":371424,"date":"2025-09-06T20:26:32","date_gmt":"2025-09-06T20:26:32","guid":{"rendered":"https:\/\/www.europesays.com\/fr\/371424\/"},"modified":"2025-09-06T20:26:32","modified_gmt":"2025-09-06T20:26:32","slug":"audrey-fleurot-genee-par-cette-sequence-personnelle-devoilee-dans-quotidien","status":"publish","type":"post","link":"https:\/\/www.europesays.com\/fr\/371424\/","title":{"rendered":"Audrey Fleurot g\u00ean\u00e9e par cette s\u00e9quence personnelle d\u00e9voil\u00e9e dans Quotidien"},"content":{"rendered":"<p class=\"mb-4 text-lg md:leading-8 break-words\">Les aventures de Morgane Alvaro, c\u2019est bient\u00f4t fini. Jeudi 4 septembre, TF1 diffusait le premier \u00e9pisode de la deuxi\u00e8me partie de l\u2019ultime saison de HPI. Mais avant, Audrey Fleurot, Mehdi Nebbou, Bruno Sanchez et Marie Denarnaud se sont confi\u00e9s sur cette grande derni\u00e8re sur le plateau de Quotidien. \u00c0 cette occasion, Yann Barth\u00e8s a partag\u00e9 un aper\u00e7u des derniers moments sur le tournage de la s\u00e9rie \u00e0 succ\u00e8s. Apr\u00e8s avoir termin\u00e9 leur derni\u00e8re sc\u00e8ne, Audrey Fleurot et Mehdi Nebbou, visiblement \u00e9mus, se prennent dans les bras l\u2019un de l\u2019autre. Ce qui ne manque pas de d\u00e9clencher les larmes de Bruno Sanchez, touch\u00e9 par ces images. \u201cIl est tr\u00e8s sensible\u201d, s&rsquo;amuse Marie Denarnaud, pas moins \u00e9mue.<\/p>\n<p class=\"mb-4 text-lg md:leading-8 break-words\">Lors de ces derniers instants avec les \u00e9quipes de tournage, Audrey Fleurot leur avait lanc\u00e9 : \u201cVous \u00eates tr\u00e8s nombreux et c\u2019est compliqu\u00e9 de faire un cadeau \u00e0 chacun, et puis il y a ceux qui ne sont pas l\u00e0 mais qui ont \u00e9t\u00e9 avec nous sur d\u2019autres saisons, donc j\u2019essaie d\u2019organiser une f\u00eate en septembre en Normandie\u2026\u201d Amus\u00e9, Yann Barth\u00e8s lui demande : \u201cElle a lieu o\u00f9 exactement, cette f\u00eate, et quand ? Est-ce qu\u2019on est tous invit\u00e9s ?\u201d G\u00ean\u00e9e, l\u2019actrice r\u00e9pond : \u201cAlors, d\u00e9j\u00e0, je ne savais pas que c\u2019\u00e9tait film\u00e9. L\u00e0 on est vraiment sur de l\u2019intime.\u201d<\/p>\n<p class=\"mb-4 text-lg md:leading-8 break-words\">Bonne joueuse, elle pr\u00e9cise quand m\u00eame : \u201cCe n\u2019est pas ce week-end, mais celui d\u2019apr\u00e8s.\u201d Elle y attend \u201cune bonne partie de l\u2019\u00e9quipe\u201d : \u201cJ\u2019ai command\u00e9 les burgers et on en \u00e9tait \u00e0 70.\u201d Un chiffre qui \u00e9tonne l\u2019animateur de TMC, qui s\u2019attendait \u00e0 plus. \u201cTout (&#8230;)<\/p>\n<p class=\"mb-4 text-lg md:leading-8 break-words\">(&#8230;) <a href=\"https:\/\/www.femmeactuelle.fr\/actu\/news-actu\/je-ne-savais-pas-que-cetait-filme-audrey-fleurot-genee-face-a-une-sequence-intime-devoilee-dans-quotidien-2197963\" rel=\"nofollow noopener\" target=\"_blank\" data-ylk=\"slk:Cliquez ici pour voir la suite;elm:context_link;itc:0;sec:content-canvas\" class=\"link \">Cliquez ici pour voir la suite<\/a><\/p>\n<p class=\"mb-4 text-lg md:leading-8 break-words\"><a href=\"https:\/\/www.femmeactuelle.fr\/actu\/news-actu\/je-ne-peux-pas-regarder-ca-isabelle-ithurburu-et-marie-sophie-lacarrau-tres-surprises-par-cette-video-devoilee-dans-quoditien-2194354\" rel=\"nofollow noopener\" target=\"_blank\" data-ylk=\"slk:&quot;Je ne peux pas regarder \u00e7a&quot; : Isabelle Ithurburu et Marie-Sophie Lacarrau tr\u00e8s surprises par cette vid\u00e9o d\u00e9voil\u00e9e dans Quoditien;elm:context_link;itc:0;sec:content-canvas\" class=\"link \">\u00ab\u00a0Je ne peux pas regarder \u00e7a\u00a0\u00bb : Isabelle Ithurburu et Marie-Sophie Lacarrau tr\u00e8s surprises par cette vid\u00e9o d\u00e9voil\u00e9e dans Quoditien<\/a><br \/><a href=\"https:\/\/www.femmeactuelle.fr\/actu\/news-actu\/je-ne-savais-pas-ce-detail-qua-decouvert-muriel-en-visionnant-son-sejour-chez-pascal-de-lamour-est-dans-le-pre-2184675\" rel=\"nofollow noopener\" target=\"_blank\" data-ylk=\"slk:&quot;Je ne savais pas...&quot; : ce d\u00e9tail d\u00e9couvert par Muriel en visionnant son s\u00e9jour chez Pascal de &quot;L\u2019amour est dans le pr\u00e9&quot;;elm:context_link;itc:0;sec:content-canvas\" class=\"link \">\u00ab\u00a0Je ne savais pas&#8230;\u00a0\u00bb : ce d\u00e9tail d\u00e9couvert par Muriel en visionnant son s\u00e9jour chez Pascal de \u00ab\u00a0L\u2019amour est dans le pr\u00e9\u00a0\u00bb<\/a><br \/><a href=\"https:\/\/www.femmeactuelle.fr\/actu\/news-actu\/audrey-fleurot-revele-ce-quelle-ne-veut-surtout-pas-pour-la-fin-de-hpi-2182253\" rel=\"nofollow noopener\" target=\"_blank\" data-ylk=\"slk:Audrey Fleurot r\u00e9v\u00e8le ce qu\u2019elle ne veut surtout pas pour la fin de \u201cHPI\u201d;elm:context_link;itc:0;sec:content-canvas\" class=\"link \">Audrey Fleurot r\u00e9v\u00e8le ce qu\u2019elle ne veut surtout pas pour la fin de \u201cHPI\u201d<\/a><br \/><a href=\"https:\/\/www.femmeactuelle.fr\/actu\/news-actu\/je-ne-savais-pas-si-elle-etait-en-vie-20-ans-apres-avoir-trouve-un-bebe-dans-une-boite-a-chaussures-elles-sappretent-a-rencontrer-jade-2192015\" rel=\"nofollow noopener\" target=\"_blank\" data-ylk=\"slk:&quot;Je ne savais pas si elle \u00e9tait en vie&quot; : 20 ans apr\u00e8s avoir trouv\u00e9 un b\u00e9b\u00e9 dans une bo\u00eete \u00e0 chaussures, elles s\u2019appr\u00eatent \u00e0 rencontrer Jade;elm:context_link;itc:0;sec:content-canvas\" class=\"link \">\u00ab\u00a0Je ne savais pas si elle \u00e9tait en vie\u00a0\u00bb : 20 ans apr\u00e8s avoir trouv\u00e9 un b\u00e9b\u00e9 dans une bo\u00eete \u00e0 chaussures, elles s\u2019appr\u00eatent \u00e0 rencontrer Jade<\/a><br \/><a href=\"https:\/\/www.femmeactuelle.fr\/actu\/news-actu\/un-ptit-truc-en-plus-decouvrez-cette-sequence-hilarante-coupee-au-montage-devoilee-par-artus-2186283\" rel=\"nofollow noopener\" target=\"_blank\" data-ylk=\"slk:&quot;Un p\u2019tit truc en plus&quot; : d\u00e9couvrez cette s\u00e9quence hilarante coup\u00e9e au montage, d\u00e9voil\u00e9e par Artus;elm:context_link;itc:0;sec:content-canvas\" class=\"link \">\u00ab\u00a0Un p\u2019tit truc en plus\u00a0\u00bb : d\u00e9couvrez cette s\u00e9quence hilarante coup\u00e9e au montage, d\u00e9voil\u00e9e par Artus<\/a><\/p>\n","protected":false},"excerpt":{"rendered":"Les aventures de Morgane Alvaro, c\u2019est bient\u00f4t fini. Jeudi 4 septembre, TF1 diffusait le premier \u00e9pisode de la&hellip;\n","protected":false},"author":2,"featured_media":371425,"comment_status":"","ping_status":"","sticky":false,"template":"","format":"standard","meta":{"footnotes":""},"categories":[2815],"tags":[1111,11,21259,50548,1777,674,1011,27,811,1307,25751,21258,12,25,199],"class_list":{"0":"post-371424","1":"post","2":"type-post","3":"status-publish","4":"format-standard","5":"has-post-thumbnail","7":"category-lille","8":"tag-actu","9":"tag-actualites","10":"tag-audrey-fleurot","11":"tag-bruno-sanchez","12":"tag-eu","13":"tag-europe","14":"tag-fr","15":"tag-france","16":"tag-hauts-de-france","17":"tag-lille","18":"tag-marie-denarnaud","19":"tag-mehdi-nebbou","20":"tag-news","21":"tag-republique-francaise","22":"tag-tf1"},"share_on_mastodon":{"url":"https:\/\/pubeurope.com\/@fr\/115159235498459389","error":""},"_links":{"self":[{"href":"https:\/\/www.europesays.com\/fr\/wp-json\/wp\/v2\/posts\/371424","targetHints":{"allow":["GET"]}}],"collection":[{"href":"https:\/\/www.europesays.com\/fr\/wp-json\/wp\/v2\/posts"}],"about":[{"href":"https:\/\/www.europesays.com\/fr\/wp-json\/wp\/v2\/types\/post"}],"author":[{"embeddable":true,"href":"https:\/\/www.europesays.com\/fr\/wp-json\/wp\/v2\/users\/2"}],"replies":[{"embeddable":true,"href":"https:\/\/www.europesays.com\/fr\/wp-json\/wp\/v2\/comments?post=371424"}],"version-history":[{"count":0,"href":"https:\/\/www.europesays.com\/fr\/wp-json\/wp\/v2\/posts\/371424\/revisions"}],"wp:featuredmedia":[{"embeddable":true,"href":"https:\/\/www.europesays.com\/fr\/wp-json\/wp\/v2\/media\/371425"}],"wp:attachment":[{"href":"https:\/\/www.europesays.com\/fr\/wp-json\/wp\/v2\/media?parent=371424"}],"wp:term":[{"taxonomy":"category","embeddable":true,"href":"https:\/\/www.europesays.com\/fr\/wp-json\/wp\/v2\/categories?post=371424"},{"taxonomy":"post_tag","embeddable":true,"href":"https:\/\/www.europesays.com\/fr\/wp-json\/wp\/v2\/tags?post=371424"}],"curies":[{"name":"wp","href":"https:\/\/api.w.org\/{rel}","templated":true}]}}