{"id":371428,"date":"2025-09-06T20:28:10","date_gmt":"2025-09-06T20:28:10","guid":{"rendered":"https:\/\/www.europesays.com\/fr\/371428\/"},"modified":"2025-09-06T20:28:10","modified_gmt":"2025-09-06T20:28:10","slug":"musique-maestra-trio-co-met-en-lumiere-cinq-compositrices-sur-le-cd-musical-bounce-back","status":"publish","type":"post","link":"https:\/\/www.europesays.com\/fr\/371428\/","title":{"rendered":"Musique maestra ! Trio &#038; Co met en lumi\u00e8re cinq compositrices sur le CD \u00ab\u00a0Musical bounce back\u00a0\u00bb"},"content":{"rendered":"<p>Musicienne et f\u00e9ministe depuis toujours &#8211; \u00ab\u00a0\u00e0 comp\u00e9tence \u00e9gale, je choisirai une r\u00e9gisseuse\u00a0\u00bb, affirme-t-elle &#8211; <a href=\"https:\/\/www.laprovence.com\/article\/loisirs\/2608850\/80-000-000-de-vues-sur-le-net-et-une-revolution.html\" target=\"_blank\" rel=\"nofollow noopener\">la pianiste marseillaise Nathalie N\u00e9gro<\/a> est fi\u00e8re de son nouveau b\u00e9b\u00e9\u00a0: l\u2019album Musical bounce back, disponible sur les plateformes de streaming, enregistr\u00e9 au Th\u00e9\u00e2tre Durance. Cette sortie d\u2019album sera c\u00e9l\u00e9br\u00e9e par un concert le 20\u00a0septembre au Module du GMEM, Centre national de cr\u00e9ation musicale, <a href=\"https:\/\/www.laprovence.com\/article\/societe\/1901980358224314\/ancienne-manufacture-des-tabacs-plateforme-culturelle-la-folle-histoire-de-la-friche-la-belle-de-mai\" target=\"_blank\" rel=\"nofollow noopener\">\u00e0 La Friche la Belle-de-Mai<\/a>. Sur ce CD figurent cinq compositrices europ\u00e9ennes d\u2019aujourd\u2019hui, Lisa Heute (France), Christina Athinodorou (Chypre), Angela Da Ponte (Portugal), Sara Carvalho (Portugal), Narine Mkhitaryan (Arm\u00e9nie), ainsi que le trio de C\u00e9cile Chaminade, pianiste et compositrice qui marqua les sc\u00e8nes de la fin du XIXe\u00a0si\u00e8cle, avant de tomber dans l\u2019oubli. \u00ab\u00a0Ce\u00a0trio me fait pleurer\u00a0! s\u2019exclame Nathalie N\u00e9gro. C\u2019est une fa\u00e7on de montrer que l\u2019histoire se poursuit. On a effac\u00e9 de l\u2019histoire les compositrices femmes, mais elles sont toujours l\u00e0. C\u2019est pourquoi on a nomm\u00e9 l\u2019album Musical bounce back, le rebond musical.\u00a0\u00bb<\/p>\n<p>Un projet europ\u00e9en<\/p>\n<p>Ce dernier est le fruit du projet europ\u00e9en \u00e9ponyme, soutenu par Erasmus +, projet de sensibilisation sur la visibilit\u00e9 des femmes en musi&#8230;<\/p>\n","protected":false},"excerpt":{"rendered":"Musicienne et f\u00e9ministe depuis toujours &#8211; \u00ab\u00a0\u00e0 comp\u00e9tence \u00e9gale, je choisirai une r\u00e9gisseuse\u00a0\u00bb, affirme-t-elle &#8211; la pianiste marseillaise&hellip;\n","protected":false},"author":2,"featured_media":371429,"comment_status":"","ping_status":"","sticky":false,"template":"","format":"standard","meta":{"footnotes":""},"categories":[2814],"tags":[17,1111,11,3216,50550,251,1777,674,1011,27,15926,50549,884,3736,873,12,882,25,13538],"class_list":{"0":"post-371428","1":"post","2":"type-post","3":"status-publish","4":"format-standard","5":"has-post-thumbnail","7":"category-marseille","8":"tag-17","9":"tag-actu","10":"tag-actualites","11":"tag-cinq","12":"tag-compositrices","13":"tag-culture","14":"tag-eu","15":"tag-europe","16":"tag-fr","17":"tag-france","18":"tag-lumiere","19":"tag-maestra","20":"tag-marseille","21":"tag-met","22":"tag-musique","23":"tag-news","24":"tag-provence-alpes-cote-dazur","25":"tag-republique-francaise","26":"tag-trio"},"share_on_mastodon":{"url":"https:\/\/pubeurope.com\/@fr\/115159243689435270","error":""},"_links":{"self":[{"href":"https:\/\/www.europesays.com\/fr\/wp-json\/wp\/v2\/posts\/371428","targetHints":{"allow":["GET"]}}],"collection":[{"href":"https:\/\/www.europesays.com\/fr\/wp-json\/wp\/v2\/posts"}],"about":[{"href":"https:\/\/www.europesays.com\/fr\/wp-json\/wp\/v2\/types\/post"}],"author":[{"embeddable":true,"href":"https:\/\/www.europesays.com\/fr\/wp-json\/wp\/v2\/users\/2"}],"replies":[{"embeddable":true,"href":"https:\/\/www.europesays.com\/fr\/wp-json\/wp\/v2\/comments?post=371428"}],"version-history":[{"count":0,"href":"https:\/\/www.europesays.com\/fr\/wp-json\/wp\/v2\/posts\/371428\/revisions"}],"wp:featuredmedia":[{"embeddable":true,"href":"https:\/\/www.europesays.com\/fr\/wp-json\/wp\/v2\/media\/371429"}],"wp:attachment":[{"href":"https:\/\/www.europesays.com\/fr\/wp-json\/wp\/v2\/media?parent=371428"}],"wp:term":[{"taxonomy":"category","embeddable":true,"href":"https:\/\/www.europesays.com\/fr\/wp-json\/wp\/v2\/categories?post=371428"},{"taxonomy":"post_tag","embeddable":true,"href":"https:\/\/www.europesays.com\/fr\/wp-json\/wp\/v2\/tags?post=371428"}],"curies":[{"name":"wp","href":"https:\/\/api.w.org\/{rel}","templated":true}]}}