{"id":371430,"date":"2025-09-06T20:29:10","date_gmt":"2025-09-06T20:29:10","guid":{"rendered":"https:\/\/www.europesays.com\/fr\/371430\/"},"modified":"2025-09-06T20:29:10","modified_gmt":"2025-09-06T20:29:10","slug":"100-feminin-de-provence-les-favorites-repondent-present-a-marseille","status":"publish","type":"post","link":"https:\/\/www.europesays.com\/fr\/371430\/","title":{"rendered":"100% f\u00e9minin de Provence : les favorites r\u00e9pondent pr\u00e9sent \u00e0 Marseille"},"content":{"rendered":"<p>Un d\u00e9cor de carte postale. Nich\u00e9s entre le Mucem, la cath\u00e9drale de la Major et plac\u00e9s sous le regard bienveillant de la Bonne M\u00e8re, les jeux du <a href=\"https:\/\/www.laprovence.com\/article\/sports\/47340365327943\/petanque-les-femmes-a-lhonneur-au-pied-du-mucem\" target=\"_blank\" rel=\"noopener\">100% f\u00e9minin de Provence<\/a> offrent un point de vue in\u00e9galable sur la Grande Bleue.<\/p>\n<p>Le d\u00e9cor, idyllique, \u00e9tait plant\u00e9 d&rsquo;autant que, contrairement \u00e0 l&rsquo;an dernier o\u00f9 la comp\u00e9tition s&rsquo;\u00e9tait d\u00e9roul\u00e9e avec du vent en ouverture et la pluie par intermittence pour sa conclusion, la m\u00e9t\u00e9o s&rsquo;est cette fois mise au diapason. \u00ab\u00a0C&rsquo;est sans doute l&rsquo;un des plus endroits pour jouer en France\u00a0\u00bb, osait Cindy Peyrot, qui pourtant, dans sa riche carri\u00e8re en a vu d&rsquo;autres. Sportivement, si l&rsquo;internationale tricolore, multiple championne de France et r\u00e9cente laur\u00e9ate du Mondial La Marseillaise \u00e0 p\u00e9tanque a fait le n\u00e9cessaire pour s&rsquo;inviter \u00e0 l&rsquo;appel des quarts de finale, elle a d\u00fb s&#8217;employer pour franchir un \u00e0 un les obstacles avec ses co\u00e9quipi\u00e8res, <a href=\"https:\/\/www.laprovence.com\/article\/sports\/1948485947514514\/petanque-anna-maillard-defendra-son-titre-a-marseille-sur-le-100-feminin-de-provence\" target=\"_blank\" rel=\"noopener\">la tenante du titre Anna Maillard<\/a> et Florence Schopp.<\/p>\n<p>Anna Maillard sans ses \u00ab\u00a0outils\u00a0\u00bb habituels<\/p>\n<p>Un parcours beaucoup plus agit\u00e9 que la mer d&rsquo;huile \u00e0 laquelle font face les jeux. \u00ab\u00a0Autant l&rsquo;an dernier (avec \u00c9milie Vign\u00e8res et Ana\u00efs Lapoutge, ndlr), on n&rsquo;avait pas \u00e9t\u00e9 accroch\u00e9es sur le concours, autant cette ann\u00e9e on a d\u00fb davantage batailler, reconnaissait en fin de journ\u00e9e Anna Maillard, la qualification en poche. On a m\u00eame perdu une partie en poule&#8230;\u00a0\u00bb Battues (13-5) par la formation emmen\u00e9e par V\u00e9ronique Radrianarizafy, elles ont d\u00fb ensuite s&#8217;employer pour prendre le meilleur sur la redoutable triplette form\u00e9e par Laura Vierjon, Christelle Silve et Christel Paille (13-10) en huiti\u00e8mes de finale.<\/p>\n<p>Pas si mal pour une \u00e9quipe form\u00e9e il y a quelques jours \u00e0 peine et aussi pour Anna Maillard qui, anecdote amusante, avait presque oubli\u00e9 l&rsquo;essentiel, \u00e0 savoir ses \u00ab\u00a0outils\u00a0\u00bb, pour prendre part \u00e0 la comp\u00e9tition. \u00ab\u00a0Je n&rsquo;ai pas mes boules habituelles et j&rsquo;ai pr\u00eat\u00e9 celles avec lesquelles je jouais l&rsquo;an dernier \u00e0 une partenaire de club, confiait-elle dans un sourire. On m&rsquo;en a donc pr\u00eat\u00e9 mais elles sont neuves et ont tendance \u00e0 fuser.\u00a0\u00bb<\/p>\n<p>Promettant de lui rendre ses int\u00e9grales en cas d&rsquo;\u00e9limination, Cyntia Cantiget les conservera encore quelque temps, puisque avec ses partenaires de la Boule Trop\u00e9zienne, Emmanuelle Goffoz et Malory Guillaumont Navaro, elle s&rsquo;est elle aussi hiss\u00e9e en quarts de finale en prenant le meilleur sur St\u00e9phanie Arnaud, Estelle Cros et Ana\u00efs Barghamian (13-6). \u00ab\u00a0On peut dire qu&rsquo;elles sont \u00e0 moi maintenant, non\u00a0?\u00a0\u00bb, s&rsquo;amusait-elle d&rsquo;ailleurs en fin de journ\u00e9e, soulag\u00e9e de n&rsquo;avoir pas \u00e0 affronter Anna Maillard et les siennes ce dimanche matin puisque le sort lui a d\u00e9sign\u00e9 S\u00e9verine Roche, Sabine Fara et St\u00e9phanie Fournier en quarts de finale. \u00ab\u00a0Je pr\u00e9f\u00e8re \u00e7a \u00e0 une opposition contre des filles de notre club\u00a0\u00bb, ajoutait Cyntia Cantiget. \u00ab\u00a0Comme l&rsquo;an dernier, on est en quart, maintenant il faut passer\u00a0\u00bb, glissait Sabine Fara, r\u00e9cente demi-finaliste du championnat de France t\u00eate \u00e0 t\u00eate f\u00e9minin et d\u00e9sireuse de briller \u00e0 domicile avec ses partenaires du Cercle de Saint-Barnab\u00e9.\u00a0<\/p>\n<p>Tous les espoirs sont permis.<\/p>\n<p>Huiti\u00e8mes de finale :<\/p>\n<p>J. Tronche bat C. Brondino 13-5<\/p>\n<p>A. Morico bat J. Jouanneau 13-1<\/p>\n<p>C. Trijas bat V. Coquet 13-7<\/p>\n<p>A. Maillard bat L. Vierjon 13-10<\/p>\n<p>A. Francou bat M. Pellissier 13-10<\/p>\n<p>E. Goffoz Durand bat S. Arnaud 13-10<\/p>\n<p>N. Szczotkowski bat C. Matt\u00e9i 13-11<\/p>\n<p>S. Roche bat A.-M. Valmonte 13-6.<\/p>\n<p>Quarts de finale, dimanche 7 septembre \u00e0 partir de 9h :<\/p>\n<p>N. Szczotkowsiki &#8211; Maillard<\/p>\n<p>J. Tronche &#8211; A. Francou<\/p>\n<p>C. Trujas &#8211; A. Morico<\/p>\n<p>S. Roche &#8211; E. Goffoz Durand.<\/p>\n<p>Suivis des demi-finales.<\/p>\n<p>Finale \u00e0 15h, Esplanade du Mucem \u00e0 Marseille.<\/p>\n<p>Entr\u00e9e libre.<\/p>\n","protected":false},"excerpt":{"rendered":"Un d\u00e9cor de carte postale. Nich\u00e9s entre le Mucem, la cath\u00e9drale de la Major et plac\u00e9s sous le&hellip;\n","protected":false},"author":2,"featured_media":371431,"comment_status":"","ping_status":"","sticky":false,"template":"","format":"standard","meta":{"footnotes":""},"categories":[2814],"tags":[20747,17,1111,11,1777,674,50551,1295,1011,27,151,884,12,6426,1186,882,40464,25,60],"class_list":{"0":"post-371430","1":"post","2":"type-post","3":"status-publish","4":"format-standard","5":"has-post-thumbnail","7":"category-marseille","8":"tag-20747","9":"tag-17","10":"tag-actu","11":"tag-actualites","12":"tag-eu","13":"tag-europe","14":"tag-favorites","15":"tag-feminin","16":"tag-fr","17":"tag-france","18":"tag-les","19":"tag-marseille","20":"tag-news","21":"tag-petanque","22":"tag-provence","23":"tag-provence-alpes-cote-dazur","24":"tag-repondent","25":"tag-republique-francaise","26":"tag-sports"},"share_on_mastodon":{"url":"https:\/\/pubeurope.com\/@fr\/115159247393086488","error":""},"_links":{"self":[{"href":"https:\/\/www.europesays.com\/fr\/wp-json\/wp\/v2\/posts\/371430","targetHints":{"allow":["GET"]}}],"collection":[{"href":"https:\/\/www.europesays.com\/fr\/wp-json\/wp\/v2\/posts"}],"about":[{"href":"https:\/\/www.europesays.com\/fr\/wp-json\/wp\/v2\/types\/post"}],"author":[{"embeddable":true,"href":"https:\/\/www.europesays.com\/fr\/wp-json\/wp\/v2\/users\/2"}],"replies":[{"embeddable":true,"href":"https:\/\/www.europesays.com\/fr\/wp-json\/wp\/v2\/comments?post=371430"}],"version-history":[{"count":0,"href":"https:\/\/www.europesays.com\/fr\/wp-json\/wp\/v2\/posts\/371430\/revisions"}],"wp:featuredmedia":[{"embeddable":true,"href":"https:\/\/www.europesays.com\/fr\/wp-json\/wp\/v2\/media\/371431"}],"wp:attachment":[{"href":"https:\/\/www.europesays.com\/fr\/wp-json\/wp\/v2\/media?parent=371430"}],"wp:term":[{"taxonomy":"category","embeddable":true,"href":"https:\/\/www.europesays.com\/fr\/wp-json\/wp\/v2\/categories?post=371430"},{"taxonomy":"post_tag","embeddable":true,"href":"https:\/\/www.europesays.com\/fr\/wp-json\/wp\/v2\/tags?post=371430"}],"curies":[{"name":"wp","href":"https:\/\/api.w.org\/{rel}","templated":true}]}}