{"id":371432,"date":"2025-09-06T20:30:18","date_gmt":"2025-09-06T20:30:18","guid":{"rendered":"https:\/\/www.europesays.com\/fr\/371432\/"},"modified":"2025-09-06T20:30:18","modified_gmt":"2025-09-06T20:30:18","slug":"trafic-tcl-fortement-perturbe-ce-lundi-a-cause-dun-mouvement-social","status":"publish","type":"post","link":"https:\/\/www.europesays.com\/fr\/371432\/","title":{"rendered":"trafic TCL fortement perturb\u00e9 ce lundi \u00e0 cause d\u2019un mouvement social"},"content":{"rendered":"<p itemprop=\"description\"><strong>La semaine d\u00e9butera difficilement pour les usagers des transports en commun lyonnais.<\/strong><\/p>\n<p>En raison d\u2019un mouvement social g\u00e9n\u00e9ralis\u00e9, le r\u00e9seau TCL sera tr\u00e8s perturb\u00e9 ce lundi 8 septembre dans les zones 1 et 2, a annonc\u00e9 Keolis Lyon.<\/p>\n<p><strong>M\u00e9tro et funiculaires<\/strong><br \/>\u00a0 \u00a0 \u2022 \u00a0 \u00a0Les m\u00e9tros A et C circuleront normalement, tout comme les funiculaires F1 et F2.<br \/>\u00a0 \u00a0 \u2022 \u00a0 \u00a0Le m\u00e9tro B ne fonctionnera que de 5h30 \u00e0 19h30, sur un tron\u00e7on r\u00e9duit entre Stade de Gerland\u2013Le Lou et Charpennes\u2013Charles Hernu. Les stations Gare d\u2019Oullins, Oullins Centre et Saint-Genis-Laval H\u00f4pital Lyon Sud resteront ferm\u00e9es.<br \/>\u00a0 \u00a0 \u2022 \u00a0 \u00a0Le m\u00e9tro D sera en service de 5h \u00e0 19h30 entre Gare de Vaise et Grange-Blanche, mais sans desservir Laennec, Mermoz-Pinel, Parilly et Gare de V\u00e9nissieux.<\/p>\n<p><strong>Tramways<\/strong><br \/>\u00a0 \u00a0 \u2022 \u00a0 \u00a0La ligne T2 circulera toutes les 10 minutes de 5h \u00e0 19h.<br \/>\u00a0 \u00a0 \u2022 \u00a0 \u00a0La ligne T3 assurera une fr\u00e9quence de 7 minutes entre Meyzieu Les Panettes et Vaulx-en-Velin La Soie, de 4h30 \u00e0 19h.<br \/>\u00a0 \u00a0 \u2022 \u00a0 \u00a0En revanche, aucune circulation n\u2019est pr\u00e9vue sur les lignes T1, T4, T5, T6 et T7.<\/p>\n<p><strong>Bus<\/strong><\/p>\n<p>Les perturbations seront \u00e9galement massives sur le r\u00e9seau bus :<br \/>\u00a0 \u00a0 \u2022 \u00a0 \u00a0Certaines lignes resteront actives normalement (C200, C201, 6, 11, 12, 23, 30, 32, 47, 72, 86, 97, etc.).<br \/>\u00a0 \u00a0 \u2022 \u00a0 \u00a0D\u2019autres fonctionneront uniquement entre 6h30 et 19h30, avec des passages espac\u00e9s (C2, C3, C8, C10, C11, C13, C15, C19, C20, 9, 15, 24, 37, 59, 63, etc.).<br \/>\u00a0 \u00a0 \u2022 \u00a0 \u00a0Plusieurs lignes ne rouleront pas du tout, notamment C1, C5, C9, C15E, C16, 3, 7, 10, 25, 26, 34, 39, 49, 55, 62, 64, 71, 78, 81, 87, 90, 93, 98, ainsi que les navettes S1, S4 et diverses lignes Zi.<\/p>\n<p><strong>Services maintenus<\/strong><\/p>\n<p>Bonne nouvelle : les lignes scolaires Junior Direct, les bus des zones 3, 4 et 5, ainsi que les services Navig\u00f4ne (navette fluviale) et Rh\u00f4nexpress (vers l\u2019a\u00e9roport Saint-Exup\u00e9ry) fonctionneront normalement. Les parcs relais et agences TCL resteront \u00e9galement ouverts aux horaires habituels.<\/p>\n<p>La direction des TCL invite les voyageurs \u00e0 anticiper leurs trajets, \u00e0 envisager des alternatives et \u00e0 consulter en temps r\u00e9el l\u2019\u00e9tat du trafic sur tcl.fr, l\u2019application mobile et le compte TCL Lyon InfoTrafic sur X (Twitter).<\/p>\n","protected":false},"excerpt":{"rendered":"La semaine d\u00e9butera difficilement pour les usagers des transports en commun lyonnais. En raison d\u2019un mouvement social g\u00e9n\u00e9ralis\u00e9,&hellip;\n","protected":false},"author":2,"featured_media":371433,"comment_status":"","ping_status":"","sticky":false,"template":"","format":"standard","meta":{"footnotes":""},"categories":[1889],"tags":[1111,11,2430,650,7734,2889,2263,386,1777,674,1011,27,6417,1114,4662,2428,12,3725,1825,10688,25,2429],"class_list":{"0":"post-371432","1":"post","2":"type-post","3":"status-publish","4":"format-standard","5":"has-post-thumbnail","7":"category-lyon","8":"tag-actu","9":"tag-actualites","10":"tag-auvergne-rhone-alpes","11":"tag-cinema","12":"tag-ecoute","13":"tag-emission","14":"tag-equipe","15":"tag-espace","16":"tag-eu","17":"tag-europe","18":"tag-fr","19":"tag-france","20":"tag-information","21":"tag-infos","22":"tag-journal","23":"tag-lyon","24":"tag-news","25":"tag-podcast","26":"tag-radio","27":"tag-radioespace","28":"tag-republique-francaise","29":"tag-rhone"},"share_on_mastodon":{"url":"https:\/\/pubeurope.com\/@fr\/115159251385203199","error":""},"_links":{"self":[{"href":"https:\/\/www.europesays.com\/fr\/wp-json\/wp\/v2\/posts\/371432","targetHints":{"allow":["GET"]}}],"collection":[{"href":"https:\/\/www.europesays.com\/fr\/wp-json\/wp\/v2\/posts"}],"about":[{"href":"https:\/\/www.europesays.com\/fr\/wp-json\/wp\/v2\/types\/post"}],"author":[{"embeddable":true,"href":"https:\/\/www.europesays.com\/fr\/wp-json\/wp\/v2\/users\/2"}],"replies":[{"embeddable":true,"href":"https:\/\/www.europesays.com\/fr\/wp-json\/wp\/v2\/comments?post=371432"}],"version-history":[{"count":0,"href":"https:\/\/www.europesays.com\/fr\/wp-json\/wp\/v2\/posts\/371432\/revisions"}],"wp:featuredmedia":[{"embeddable":true,"href":"https:\/\/www.europesays.com\/fr\/wp-json\/wp\/v2\/media\/371433"}],"wp:attachment":[{"href":"https:\/\/www.europesays.com\/fr\/wp-json\/wp\/v2\/media?parent=371432"}],"wp:term":[{"taxonomy":"category","embeddable":true,"href":"https:\/\/www.europesays.com\/fr\/wp-json\/wp\/v2\/categories?post=371432"},{"taxonomy":"post_tag","embeddable":true,"href":"https:\/\/www.europesays.com\/fr\/wp-json\/wp\/v2\/tags?post=371432"}],"curies":[{"name":"wp","href":"https:\/\/api.w.org\/{rel}","templated":true}]}}