{"id":371434,"date":"2025-09-06T20:31:11","date_gmt":"2025-09-06T20:31:11","guid":{"rendered":"https:\/\/www.europesays.com\/fr\/371434\/"},"modified":"2025-09-06T20:31:11","modified_gmt":"2025-09-06T20:31:11","slug":"mercato-le-milieu-de-terrain-de-lyon-mahamadou-diawara-prete-a-antwerp","status":"publish","type":"post","link":"https:\/\/www.europesays.com\/fr\/371434\/","title":{"rendered":"Mercato\u00a0: le milieu de terrain de Lyon Mahamadou Diawara pr\u00eat\u00e9 \u00e0 Antwerp"},"content":{"rendered":"<p class=\"paragraph text_align_left lp-f-body-02\">Comme attendu, Mahamadou Diawara va trouver une porte de sortie en Belgique o\u00f9 le march\u00e9 des transferts est ouvert jusqu\u2019\u00e0 ce lundi 8 septembre. En manque de temps de jeu sous les ordres de Paulo Fonseca (20 ans, sous contrat jusqu\u2019en 2028), le milieu de terrain de l\u2019Olympique lyonnais va quitter la <a href=\"https:\/\/www.leparisien.fr\/sports\/football\/ligue-1\/\" target=\"_blank\" rel=\"noreferrer nofollow noopener\">Ligue 1<\/a> pour rejoindre le Royal Antwerp.<\/p>\n<p class=\"paragraph text_align_left lp-f-body-02\">L\u2019op\u00e9ration va prendre la forme d\u2019un pr\u00eat payant de 250 000 euros assorti d\u2019une option d\u2019achat de 3 millions d\u2019euros et d\u2019un pourcentage de 15 % sur la plus-value d\u2019une future vente. Selon nos informations, le club belge prendra en charge l\u2019int\u00e9gralit\u00e9 du salaire du joueur form\u00e9 au <a href=\"https:\/\/www.leparisien.fr\/sports\/football\/psg\/\" target=\"_blank\" rel=\"noreferrer nofollow noopener\">PSG<\/a>.<\/p>\n<p class=\"paragraph text_align_left lp-f-body-02\">Mahamadou Diawara doit passer sa visite m\u00e9dicale ce dimanche avant de s\u2019engager avec sa nouvelle \u00e9quipe qui pointe \u00e0 la sixi\u00e8me place de Jupiler Pro League apr\u00e8s six journ\u00e9es.<\/p>\n","protected":false},"excerpt":{"rendered":"Comme attendu, Mahamadou Diawara va trouver une porte de sortie en Belgique o\u00f9 le march\u00e9 des transferts est&hellip;\n","protected":false},"author":2,"featured_media":371435,"comment_status":"","ping_status":"","sticky":false,"template":"","format":"standard","meta":{"footnotes":""},"categories":[1889],"tags":[1111,11,2430,1777,674,63,1011,27,66,2428,12,25,60],"class_list":{"0":"post-371434","1":"post","2":"type-post","3":"status-publish","4":"format-standard","5":"has-post-thumbnail","7":"category-lyon","8":"tag-actu","9":"tag-actualites","10":"tag-auvergne-rhone-alpes","11":"tag-eu","12":"tag-europe","13":"tag-football","14":"tag-fr","15":"tag-france","16":"tag-ligue-1","17":"tag-lyon","18":"tag-news","19":"tag-republique-francaise","20":"tag-sports"},"share_on_mastodon":{"url":"https:\/\/pubeurope.com\/@fr\/115159255109872783","error":""},"_links":{"self":[{"href":"https:\/\/www.europesays.com\/fr\/wp-json\/wp\/v2\/posts\/371434","targetHints":{"allow":["GET"]}}],"collection":[{"href":"https:\/\/www.europesays.com\/fr\/wp-json\/wp\/v2\/posts"}],"about":[{"href":"https:\/\/www.europesays.com\/fr\/wp-json\/wp\/v2\/types\/post"}],"author":[{"embeddable":true,"href":"https:\/\/www.europesays.com\/fr\/wp-json\/wp\/v2\/users\/2"}],"replies":[{"embeddable":true,"href":"https:\/\/www.europesays.com\/fr\/wp-json\/wp\/v2\/comments?post=371434"}],"version-history":[{"count":0,"href":"https:\/\/www.europesays.com\/fr\/wp-json\/wp\/v2\/posts\/371434\/revisions"}],"wp:featuredmedia":[{"embeddable":true,"href":"https:\/\/www.europesays.com\/fr\/wp-json\/wp\/v2\/media\/371435"}],"wp:attachment":[{"href":"https:\/\/www.europesays.com\/fr\/wp-json\/wp\/v2\/media?parent=371434"}],"wp:term":[{"taxonomy":"category","embeddable":true,"href":"https:\/\/www.europesays.com\/fr\/wp-json\/wp\/v2\/categories?post=371434"},{"taxonomy":"post_tag","embeddable":true,"href":"https:\/\/www.europesays.com\/fr\/wp-json\/wp\/v2\/tags?post=371434"}],"curies":[{"name":"wp","href":"https:\/\/api.w.org\/{rel}","templated":true}]}}