{"id":371440,"date":"2025-09-06T20:35:18","date_gmt":"2025-09-06T20:35:18","guid":{"rendered":"https:\/\/www.europesays.com\/fr\/371440\/"},"modified":"2025-09-06T20:35:18","modified_gmt":"2025-09-06T20:35:18","slug":"ufc-paris-nassourdine-imavov-vs-caio-borralho-tous-les-resultats","status":"publish","type":"post","link":"https:\/\/www.europesays.com\/fr\/371440\/","title":{"rendered":"UFC Paris &#8211; Nassourdine Imavov vs. Caio Borralho : tous les r\u00e9sultats"},"content":{"rendered":"<p>MMA \u2013 Voici les r\u00e9sultats de la carte du quatri\u00e8me \u00e9v\u00e9nement de l\u2019UFC \u00e0 Paris : Nassourdine Imavov vs. Caio Borralho.<\/p>\n<p>C\u2019est l\u2019\u00e9v\u00e9nement de MMA le plus attendu par les fans fran\u00e7ais. <strong>Chaque ann\u00e9e, l\u2019UFC pose ses valises dans la capitale fran\u00e7aise pour un \u00e9v\u00e9nement exceptionnel<\/strong>. T\u00eate d\u2019affiche des deux premi\u00e8res \u00e9ditions, <strong>Ciryl Gane<\/strong> ne va pas performer devant son public. Toutefois, <strong>Benoit Saint-Denis<\/strong>, <strong>Oumar Sy<\/strong> et encore bien d\u2019autres combattants francophones auront \u00e0 c\u0153ur de s\u2019illustrer devant leurs fans. En main event cette ann\u00e9e, <a href=\"https:\/\/lasueur.com\/fighter\/nassourdine-imavov\" target=\"_blank\" rel=\"noreferrer noopener nofollow\"><strong>Nassourdine Imavov<\/strong><\/a> a rendez-vous avec <strong>Caio Borralho<\/strong>. \u00c0 la cl\u00e9 de ce choc au sommet, une chance pour le titre middleweight de l\u2019organisation am\u00e9ricaine. Un titre aujourd\u2019hui d\u00e9tenu par l\u2019inarr\u00eatable <strong>Khamzat Chimaev<\/strong>.<\/p>\n<p><a href=\"https:\/\/www.winamax.fr\/registration\/landing\/la-sueur?banid=73716\" target=\"_blank\" rel=\"noopener nofollow\"><img decoding=\"async\" class=\"aligncenter size-full wp-image-220701\" src=\"data:image\/svg+xml,%3Csvg%20xmlns=\" http:=\"\" alt=\"\" data-lazy-src=\"https:\/\/www.europesays.com\/fr\/wp-content\/uploads\/2025\/08\/Winamax_MMA_Generique_1160x180-5.jpg\"\/><\/a><\/p>\n<\/p>\n<p>L\u2019UFC Paris sera diffus\u00e9 ce samedi 6 septembre \u00e0 partir de 21h sur RMC Sport<a href=\"https:\/\/www.actirise.com\/?utm_source=lasueur.com&amp;utm_campaign=intext\" rel=\"nofollow noopener\" target=\"_blank\"><a href=\"https:\/\/www.actirise.com\/?utm_source=lasueur.com&amp;utm_campaign=intext\" rel=\"nofollow noopener\" target=\"_blank\"><\/p>\n<p>Les r\u00e9sultats : <\/p>\n<p><strong>Carte principale (RMC Sport 2, 21h)<\/strong><br \/>Nassourdine Imavov vs. Caio Borralho (aux alentours de 22h55)<br \/>Beno\u00eet Saint-Denis vs. Mauricio Ruffy (aux alentours de 22h35)<br \/>Modestas Bukauskas vs. Paul Craig (aux alentours de 22h15)<br \/>Mason Jones vs. Bolaji Oki (aux alentours de 21h55)<br \/>Axel Sola bat Rhys McKee par TKO au troisi\u00e8me round <br \/>William Gomis bat Robert Ruchala par d\u00e9cision unanime (30-27, 29-28, 29-28)<\/p>\n<p class=\"etiqtitle\" style=\"font-size:18px;text-align:center;color:#fff;\">SUR LE M\u00caME SUJET :<\/p>\n<p><strong>Carte principale (RMC Sport Twitch, 18h)<\/strong><br \/>Oumar Sy bat Brendson Ribeiro par TKO au premier round<br \/>Ante Delija bat Marcin Tybura par TKO au premier round<br \/>Kaue Fernandes bat Harry Hardwick par TKO au premier round<br \/>Sam Patterson bat Trey Waters par TKO au premier round<br \/>Robert Bryczek bat Brad Tavares par TKO au troisi\u00e8me round<br \/>Rinat Fakhretdinov bat Andreas Gustafsson par TKO au premier round<br \/>Sam Hughes bat Shauna Bannon par soumission au premier round<\/p>\n","protected":false},"excerpt":{"rendered":"MMA \u2013 Voici les r\u00e9sultats de la carte du quatri\u00e8me \u00e9v\u00e9nement de l\u2019UFC \u00e0 Paris : Nassourdine Imavov&hellip;\n","protected":false},"author":2,"featured_media":371441,"comment_status":"","ping_status":"","sticky":false,"template":"","format":"standard","meta":{"footnotes":""},"categories":[1888],"tags":[1111,1928,11,1927,50552,1777,674,1011,27,23882,12,1926,626,1925,25,23883],"class_list":{"0":"post-371440","1":"post","2":"type-post","3":"status-publish","4":"format-standard","5":"has-post-thumbnail","7":"category-paris","8":"tag-actu","9":"tag-actu-paris","10":"tag-actualites","11":"tag-actualites-paris","12":"tag-caio-borralho","13":"tag-eu","14":"tag-europe","15":"tag-fr","16":"tag-france","17":"tag-nassourdine-imavov","18":"tag-news","19":"tag-news-paris","20":"tag-paris","21":"tag-paris-news","22":"tag-republique-francaise","23":"tag-ufc-paris"},"share_on_mastodon":{"url":"https:\/\/pubeurope.com\/@fr\/115159270942808145","error":""},"_links":{"self":[{"href":"https:\/\/www.europesays.com\/fr\/wp-json\/wp\/v2\/posts\/371440","targetHints":{"allow":["GET"]}}],"collection":[{"href":"https:\/\/www.europesays.com\/fr\/wp-json\/wp\/v2\/posts"}],"about":[{"href":"https:\/\/www.europesays.com\/fr\/wp-json\/wp\/v2\/types\/post"}],"author":[{"embeddable":true,"href":"https:\/\/www.europesays.com\/fr\/wp-json\/wp\/v2\/users\/2"}],"replies":[{"embeddable":true,"href":"https:\/\/www.europesays.com\/fr\/wp-json\/wp\/v2\/comments?post=371440"}],"version-history":[{"count":0,"href":"https:\/\/www.europesays.com\/fr\/wp-json\/wp\/v2\/posts\/371440\/revisions"}],"wp:featuredmedia":[{"embeddable":true,"href":"https:\/\/www.europesays.com\/fr\/wp-json\/wp\/v2\/media\/371441"}],"wp:attachment":[{"href":"https:\/\/www.europesays.com\/fr\/wp-json\/wp\/v2\/media?parent=371440"}],"wp:term":[{"taxonomy":"category","embeddable":true,"href":"https:\/\/www.europesays.com\/fr\/wp-json\/wp\/v2\/categories?post=371440"},{"taxonomy":"post_tag","embeddable":true,"href":"https:\/\/www.europesays.com\/fr\/wp-json\/wp\/v2\/tags?post=371440"}],"curies":[{"name":"wp","href":"https:\/\/api.w.org\/{rel}","templated":true}]}}