{"id":371442,"date":"2025-09-06T20:36:20","date_gmt":"2025-09-06T20:36:20","guid":{"rendered":"https:\/\/www.europesays.com\/fr\/371442\/"},"modified":"2025-09-06T20:36:20","modified_gmt":"2025-09-06T20:36:20","slug":"clichy-un-quinquagenaire-blesse-au-couteau-trois-suspects-en-garde-a-vue","status":"publish","type":"post","link":"https:\/\/www.europesays.com\/fr\/371442\/","title":{"rendered":"Clichy\u00a0: un quinquag\u00e9naire bless\u00e9 au couteau, trois suspects en garde \u00e0 vue"},"content":{"rendered":"<p class=\"paragraph text_align_left lp-f-body-02\">Branle-bas de combat ce samedi matin, rue Stepney \u00e0 <a href=\"https:\/\/www.leparisien.fr\/hauts-de-seine-92\/clichy-92110\/\" target=\"_blank\" rel=\"noreferrer nofollow noopener\">Clichy<\/a> (Hauts-de-Seine). Un quinquag\u00e9naire a \u00e9t\u00e9 bless\u00e9 au couteau dans un appartement. Trois suspects ont \u00e9t\u00e9 plac\u00e9s en garde \u00e0 vue au commissariat. Pour l\u2019heure, les forces de l\u2019ordre ignorent dans quel contexte cette agression s\u2019est produite.<\/p>\n<p class=\"paragraph text_align_left lp-f-body-02\">Vers 11h30, les policiers ont \u00e9t\u00e9 appel\u00e9s dans cette tour de la rue Stepney pour un homme retranch\u00e9 et arm\u00e9 \u00e0 son domicile et un bless\u00e9 par arme blanche. Selon les premi\u00e8res d\u00e9clarations des t\u00e9moins, ce suspect \u00e2g\u00e9 de 54\u00a0ans et arm\u00e9 d\u2019un couteau aurait bless\u00e9 un occupant de cet appartement du dixi\u00e8me \u00e9tage avant de s\u2019enfermer dans le logement.<\/p>\n<p>Un voisin pr\u00e9vient les secours<\/p>\n<p class=\"paragraph text_align_left lp-f-body-02\">\u00ab\u00a0Le bless\u00e9 aurait \u00e9t\u00e9 recueilli sur le palier par un voisin qui a pr\u00e9venu les secours\u00a0\u00bb, pr\u00e9cise une source proche de l\u2019affaire. La victime s\u2019est rendue \u00e0 l\u2019h\u00f4pital sans attendre les pompiers.<\/p>\n<p class=\"paragraph text_align_left lp-f-body-02\">\u00ab\u00a0Il m\u2019a racont\u00e9 qu\u2019il avait \u00e9t\u00e9 violemment frapp\u00e9 par un des deux hommes et avoir re\u00e7u un coup de couteau \u00e0 l\u2019oreille par un autre. Il a eu peur et estime que le r\u00e9flexe de quitter l\u2019appartement lui a sauv\u00e9 la vie\u00a0\u00bb, confie le voisin qui l\u2019a recueilli et mis dans un premier temps \u00e0 l\u2019abri.<\/p>\n<p class=\"lp-card-podcast-highlighting__title  lp-f-subtitle-05\">[1\/6] Jubillar\u00a0: de la disparition au proc\u00e8s, une affaire sans corps ni aveux<\/p>\n<p class=\"lp-card-podcast-highlighting__description lp-f-ui-05\">Crime story raconte chaque semaine les grandes affaires criminelles.<\/p>\n<p><a class=\"lp-card-podcast-highlighting__call-to-action\" data-page-type=\"HP\" data-block-name=\"podcast-highlight\">\u00c9couter<\/a><\/p>\n<p class=\"paragraph text_align_left lp-f-body-02\">Ce dernier poursuit\u00a0: \u00ab\u00a0Il \u00e9tait choqu\u00e9 et quand nous sommes arriv\u00e9s au pied de l\u2019immeuble, il regardait autour de lui pour \u00eatre s\u00fbr qu\u2019un autre agresseur ne surgisse pas. Vu que nous sommes \u00e0 quelques minutes de l\u2019h\u00f4pital Beaujon de Clichy et que ses blessures n\u2019\u00e9taient pas vitales, je lui ai conseill\u00e9 d\u2019y aller \u00e0 pied sans attendre les secours\u00a0\u00bb.<\/p>\n<p>Traces de sang sur le mur<\/p>\n<p class=\"paragraph text_align_left lp-f-body-02\">La victime avait donc d\u00e9j\u00e0 quitt\u00e9 les lieux \u00e0 l\u2019arriv\u00e9e des pompiers et les forces de l\u2019ordre. \u00ab\u00a0Cet homme raconte qu\u2019il \u00e9tait avec un ami dans cet appartement quand un homme a fait irruption dans la pi\u00e8ce, arm\u00e9 d\u2019un couteau, avant de le blesser \u00e0 l\u2019oreille\u00a0\u00bb, confirme une source proche du dossier.<\/p>\n<p class=\"paragraph text_align_left lp-f-body-02\">L\u2019origine du diff\u00e9rend et les liens entre les diff\u00e9rentes personnes pr\u00e9sentes dans cet appartement demeurent pour le moment inconnus.<\/p>\n<p class=\"paragraph text_align_left lp-f-body-02\">Les forces de l\u2019ordre ont convaincu deux occupants de l\u2019appartement suspect du dixi\u00e8me \u00e9tage de sortir et de se rendre. Des traces de sang ont \u00e9t\u00e9 constat\u00e9es sur les murs. Trois suspects, dont un \u00e9tait endormi, ont \u00e9t\u00e9 interpell\u00e9s et plac\u00e9s en garde \u00e0 vue pour les besoins de l\u2019enqu\u00eate, ce qui ne pr\u00e9juge en rien de leur implication dans les faits.<\/p>\n<p class=\"paragraph text_align_left lp-f-body-02\">Sur place les locataires de cet immeuble de logements sociaux g\u00e9r\u00e9 par le bailleur Hauts-de-Seine Habitat, qu\u2019ils jugent par ailleurs tranquille, indiquent souvent entendre des bagarres sur fond de soir\u00e9es alcoolis\u00e9es provenant de cet appartement.<\/p>\n<p class=\"paragraph text_align_left lp-f-body-02\">\u00ab\u00a0Je suis souvent r\u00e9veill\u00e9 par des bruits de bagarre dans la nuit vers 3\u00a0heures du matin dans cet appartement o\u00f9 une partie des occupants sont h\u00e9berg\u00e9s par le locataire des lieux. Il y a beaucoup de va-et-vient de personnes, dont on voit parfois qu\u2019elles ont bu quand on les croise dans la cage d\u2019escalier\u00a0\u00bb.<\/p>\n<p class=\"paragraph text_align_left lp-f-body-02\">\u00ab\u00a0Je vis depuis 34\u00a0ans dans cet immeuble et en dehors de cet appartement, il n\u2019y a jamais eu de probl\u00e8me dans cet immeuble\u00a0\u00bb, tient \u00e0 ajouter une r\u00e9sidente.<\/p>\n","protected":false},"excerpt":{"rendered":"Branle-bas de combat ce samedi matin, rue Stepney \u00e0 Clichy (Hauts-de-Seine). Un quinquag\u00e9naire a \u00e9t\u00e9 bless\u00e9 au couteau&hellip;\n","protected":false},"author":2,"featured_media":371443,"comment_status":"","ping_status":"","sticky":false,"template":"","format":"standard","meta":{"footnotes":""},"categories":[1888],"tags":[11,1777,674,118,1011,27,12,626,25],"class_list":{"0":"post-371442","1":"post","2":"type-post","3":"status-publish","4":"format-standard","5":"has-post-thumbnail","7":"category-paris","8":"tag-actualites","9":"tag-eu","10":"tag-europe","11":"tag-faits-divers","12":"tag-fr","13":"tag-france","14":"tag-news","15":"tag-paris","16":"tag-republique-francaise"},"share_on_mastodon":{"url":"https:\/\/pubeurope.com\/@fr\/115159274973379839","error":""},"_links":{"self":[{"href":"https:\/\/www.europesays.com\/fr\/wp-json\/wp\/v2\/posts\/371442","targetHints":{"allow":["GET"]}}],"collection":[{"href":"https:\/\/www.europesays.com\/fr\/wp-json\/wp\/v2\/posts"}],"about":[{"href":"https:\/\/www.europesays.com\/fr\/wp-json\/wp\/v2\/types\/post"}],"author":[{"embeddable":true,"href":"https:\/\/www.europesays.com\/fr\/wp-json\/wp\/v2\/users\/2"}],"replies":[{"embeddable":true,"href":"https:\/\/www.europesays.com\/fr\/wp-json\/wp\/v2\/comments?post=371442"}],"version-history":[{"count":0,"href":"https:\/\/www.europesays.com\/fr\/wp-json\/wp\/v2\/posts\/371442\/revisions"}],"wp:featuredmedia":[{"embeddable":true,"href":"https:\/\/www.europesays.com\/fr\/wp-json\/wp\/v2\/media\/371443"}],"wp:attachment":[{"href":"https:\/\/www.europesays.com\/fr\/wp-json\/wp\/v2\/media?parent=371442"}],"wp:term":[{"taxonomy":"category","embeddable":true,"href":"https:\/\/www.europesays.com\/fr\/wp-json\/wp\/v2\/categories?post=371442"},{"taxonomy":"post_tag","embeddable":true,"href":"https:\/\/www.europesays.com\/fr\/wp-json\/wp\/v2\/tags?post=371442"}],"curies":[{"name":"wp","href":"https:\/\/api.w.org\/{rel}","templated":true}]}}