{"id":371444,"date":"2025-09-06T20:37:11","date_gmt":"2025-09-06T20:37:11","guid":{"rendered":"https:\/\/www.europesays.com\/fr\/371444\/"},"modified":"2025-09-06T20:37:11","modified_gmt":"2025-09-06T20:37:11","slug":"psg-handball-dunkerque-32-28-paris-commence-bien-sa-saison-en-starligue-et-profite-du-faux-pas-de-nantes","status":"publish","type":"post","link":"https:\/\/www.europesays.com\/fr\/371444\/","title":{"rendered":"PSG Handball &#8211; Dunkerque (32-28)\u00a0: Paris commence bien sa saison en Starligue et profite du faux pas de Nantes"},"content":{"rendered":"<p class=\"paragraph text_align_left lp-f-body-02\">Il fallait relever la t\u00eate et surtout bien commencer le nouvel exercice. C\u2019est chose faite. Ce samedi, une semaine apr\u00e8s sa d\u00e9faite contre Montpellier <a href=\"https:\/\/www.leparisien.fr\/sports\/handball\/psg-hand-montpellier-23-29-les-parisiens-commencent-la-saison-par-une-defaite-au-trophee-des-champions-30-08-2025-PJUH5ZEL3NAOVDS6ZNVARSUYKM.php\" target=\"_blank\" rel=\"noreferrer nofollow noopener\">lors du Troph\u00e9e des champions (23-29)<\/a>, le PSG <a href=\"https:\/\/www.leparisien.fr\/sports\/handball\/\" target=\"_blank\" rel=\"noreferrer nofollow noopener\">Handball <\/a>a d\u00e9croch\u00e9 son premier succ\u00e8s de la saison, face \u00e0 Dunkerque. Dans son antre de Pierre-de-Coubertin, le Paris Saint-Germain n\u2019a pas trembl\u00e9 contre Dunkerque en s\u2019imposant d\u2019une marge de 4 buts (32-28).<\/p>\n<blockquote class=\"twitter-tweet\">\n<p lang=\"fr\" dir=\"ltr\">Ce premier chapitre se termine bien pour les Parisiens avec une premi\u00e8re victoire obtenue apr\u00e8s une belle lutte contre <a href=\"https:\/\/twitter.com\/USDKDunkerque?ref_src=twsrc%5Etfw\" rel=\"nofollow noopener\" target=\"_blank\">@USDKDunkerque<\/a> <\/p>\n<p>Prochain rendez-vous d\u00e8s mercredi avec un autre livre, celui de l&rsquo;<a href=\"https:\/\/twitter.com\/ehfcl?ref_src=twsrc%5Etfw\" rel=\"nofollow noopener\" target=\"_blank\">@ehfcl<\/a> et un d\u00e9placement \u00e0 Magdebourg ! <\/p>\n<p>Belle soir\u00e9e supporters et bonne fin\u2026 <a href=\"https:\/\/t.co\/9pJL7htvfL\" rel=\"nofollow\">pic.twitter.com\/9pJL7htvfL<\/a><\/p>\n<p>\u2014 PSG Handball (@psghand) <a href=\"https:\/\/twitter.com\/psghand\/status\/1964411853192548822?ref_src=twsrc%5Etfw\" rel=\"nofollow noopener\" target=\"_blank\">September 6, 2025<\/a><\/p><\/blockquote>\n<p class=\"paragraph text_align_left lp-f-body-02\">Malgr\u00e9 les 12 buts de leur demi-centre Diogo Oliveira, les Dunkerquois n\u2019ont rien pu faire face aux Parisiens qui restent sur 11 titres de champions de France cons\u00e9cutifs. Du c\u00f4t\u00e9 des joueurs de Stefan Madsen, le nouvel entra\u00eeneur francilien, c\u2019est Ferran Sole qui a inscrit le plus de buts (7).<\/p>\n<p class=\"paragraph text_align_left lp-f-body-02\">Paris profite (d\u00e9j\u00e0) d\u2019un mauvais pas de Nantes, son dauphin la saison pass\u00e9 <a href=\"https:\/\/www.leparisien.fr\/sports\/handball\/starligue-le-psg-favori-nantes-en-embuscade-tout-savoir-sur-la-nouvelle-saison-de-hand-05-09-2025-NAENPWD5OZHIXKPWAT7BJRBBGA.php\" target=\"_blank\" rel=\"noreferrer nofollow noopener\">et principal concurrent<\/a> avec Montpellier. En d\u00e9placement \u00e0 Chamb\u00e9ry, vendredi, le HBCN a \u00e9t\u00e9 tenu en \u00e9chec (34-34), laissant le club de la capitale prendre un point d\u2019avance au classement.<\/p>\n<p><script async src=\"https:\/\/platform.twitter.com\/widgets.js\" charset=\"utf-8\"><\/script><\/p>\n","protected":false},"excerpt":{"rendered":"Il fallait relever la t\u00eate et surtout bien commencer le nouvel exercice. C\u2019est chose faite. Ce samedi, une&hellip;\n","protected":false},"author":2,"featured_media":371445,"comment_status":"","ping_status":"","sticky":false,"template":"","format":"standard","meta":{"footnotes":""},"categories":[1888],"tags":[11,1777,674,1011,27,1792,12,626,25,60],"class_list":{"0":"post-371444","1":"post","2":"type-post","3":"status-publish","4":"format-standard","5":"has-post-thumbnail","7":"category-paris","8":"tag-actualites","9":"tag-eu","10":"tag-europe","11":"tag-fr","12":"tag-france","13":"tag-handball","14":"tag-news","15":"tag-paris","16":"tag-republique-francaise","17":"tag-sports"},"share_on_mastodon":{"url":"https:\/\/pubeurope.com\/@fr\/115159278789579233","error":""},"_links":{"self":[{"href":"https:\/\/www.europesays.com\/fr\/wp-json\/wp\/v2\/posts\/371444","targetHints":{"allow":["GET"]}}],"collection":[{"href":"https:\/\/www.europesays.com\/fr\/wp-json\/wp\/v2\/posts"}],"about":[{"href":"https:\/\/www.europesays.com\/fr\/wp-json\/wp\/v2\/types\/post"}],"author":[{"embeddable":true,"href":"https:\/\/www.europesays.com\/fr\/wp-json\/wp\/v2\/users\/2"}],"replies":[{"embeddable":true,"href":"https:\/\/www.europesays.com\/fr\/wp-json\/wp\/v2\/comments?post=371444"}],"version-history":[{"count":0,"href":"https:\/\/www.europesays.com\/fr\/wp-json\/wp\/v2\/posts\/371444\/revisions"}],"wp:featuredmedia":[{"embeddable":true,"href":"https:\/\/www.europesays.com\/fr\/wp-json\/wp\/v2\/media\/371445"}],"wp:attachment":[{"href":"https:\/\/www.europesays.com\/fr\/wp-json\/wp\/v2\/media?parent=371444"}],"wp:term":[{"taxonomy":"category","embeddable":true,"href":"https:\/\/www.europesays.com\/fr\/wp-json\/wp\/v2\/categories?post=371444"},{"taxonomy":"post_tag","embeddable":true,"href":"https:\/\/www.europesays.com\/fr\/wp-json\/wp\/v2\/tags?post=371444"}],"curies":[{"name":"wp","href":"https:\/\/api.w.org\/{rel}","templated":true}]}}