{"id":371447,"date":"2025-09-06T20:39:11","date_gmt":"2025-09-06T20:39:11","guid":{"rendered":"https:\/\/www.europesays.com\/fr\/371447\/"},"modified":"2025-09-06T20:39:11","modified_gmt":"2025-09-06T20:39:11","slug":"la-veille-dukraine-france-le-psg-avait-alerte-la-fff-sur-la-situation-medicale-dousmane-dembele","status":"publish","type":"post","link":"https:\/\/www.europesays.com\/fr\/371447\/","title":{"rendered":"La veille d\u2019Ukraine-France, le PSG avait alert\u00e9 la FFF sur la situation m\u00e9dicale d\u2019Ousmane Demb\u00e9l\u00e9"},"content":{"rendered":"<p class=\"paragraph text_align_left lp-f-body-02\">La victoire des Bleus face \u00e0 l\u2019Ukraine (2-0) aura vite \u00e9t\u00e9 \u00e9clips\u00e9e. Bless\u00e9s lors de ce succ\u00e8s, <a href=\"https:\/\/www.leparisien.fr\/sports\/football\/ousmane-dembele\/\" target=\"_blank\" rel=\"noreferrer nofollow noopener\">Ousmane Demb\u00e9l\u00e9<\/a> (l\u00e9sion s\u00e9v\u00e8re de l\u2019ischio-jambier droit) et D\u00e9sir\u00e9 Dou\u00e9 (l\u00e9sion au mollet droit) seront respectivement <a href=\"https:\/\/www.leparisien.fr\/sports\/football\/psg\/psg-ousmane-dembele-absent-six-semaines-apres-sa-blessure-contre-lukraine-06-09-2025-XA5NE3TM7RGKHEWWDEZ65KX7RY.php\" target=\"_blank\" rel=\"noreferrer nofollow noopener\">absents environ six et quatre semaines<\/a>, a indiqu\u00e9 le PSG ce samedi dans un <a href=\"https:\/\/www.psg.fr\/content\/point-medical-concernant-ousmane-dembele-et-desire-doue-paris-saint-germain-2025-2026\" target=\"_blank\" rel=\"noreferrer nofollow noopener\">communiqu\u00e9 m\u00e9dical<\/a>.<\/p>\n<p class=\"paragraph text_align_left lp-f-body-02\">Des forfaits qui tombent mal pour le Paris Saint-Germain qui va entamer sa campagne de Ligue des champions. Et pourtant, le <a href=\"https:\/\/www.leparisien.fr\/sports\/football\/psg\/\" target=\"_blank\" rel=\"noreferrer nofollow noopener\">PSG <\/a>avait pr\u00e9venu la FFF sur la situation m\u00e9dicale de plusieurs de ses joueurs.<\/p>\n<p class=\"paragraph text_align_left lp-f-body-02\">Dans un courrier adress\u00e9 \u00e0 Philippe Diallo et dat\u00e9 du 4\u00a0septembre &#8211; la veille du match donc -, que nous avons pu consulter, Paris s\u2019est \u00e9tonn\u00e9 de la pr\u00e9sence de Demb\u00e9l\u00e9 et Lucas Hernandez en s\u00e9lection, alors que le personnel m\u00e9dical du club francilien avait \u00e9mis un avis d\u00e9favorable pour leur pr\u00e9sence avec les Bleus.<\/p>\n<p class=\"paragraph text_align_left lp-f-body-02\">Il est reproch\u00e9 au staff de <a href=\"https:\/\/www.leparisien.fr\/sports\/football\/equipe-de-france\/\" target=\"_blank\" rel=\"noreferrer nofollow noopener\">l\u2019\u00e9quipe de France<\/a> d\u2019avoir pris une d\u00e9cision \u00ab\u00a0unilat\u00e9rale\u00a0\u00bb, sans \u00ab\u00a0sollicitation ni validation\u00a0\u00bb du club. En r\u00e9sulte, aux yeux des champions d\u2019Europe, \u00ab\u00a0une prise de risque injustifi\u00e9e\u00a0\u00bb.<\/p>\n<p>Plusieurs pr\u00e9c\u00e9dents point\u00e9s du doigt<\/p>\n<p class=\"paragraph text_align_left lp-f-body-02\">Dans le courrier, le PSG illustre ses propos par trois cas r\u00e9cents de manque de communication de la part de la F\u00e9d\u00e9ration fran\u00e7aise de football\u00a0: Ousmane Demb\u00e9l\u00e9 et Bradley Barcola en juin\u00a02025 ainsi que Warren Za\u00efre-Emery en septembre\u00a02024. \u00c0 chaque fois, Paris aurait appris les p\u00e9pins physiques de ses internationaux directement par les concern\u00e9s et non par la s\u00e9lection fran\u00e7aise.<\/p>\n<p class=\"paragraph text_align_left lp-f-body-02\">Didier Deschamps et son staff ont, de leur c\u00f4t\u00e9, toujours argu\u00e9 que la d\u00e9cision d\u2019appeler et de faire jouer un joueur \u00ab\u00a0\u00e0 risque\u00a0\u00bb \u00e9tait faite apr\u00e8s avoir \u00e9chang\u00e9 avec le concern\u00e9.<\/p>\n<p class=\"paragraph text_align_left lp-f-body-02\">Mais le <a href=\"https:\/\/www.leparisien.fr\/sports\/football\/psg\/cest-completement-fou-de-lavoir-fait-jouer-la-blessure-de-dembele-met-le-psg-en-colere-05-09-2025-H7RX5SN2EBBZ3L2SBC2FJLC6JU.php\" target=\"_blank\" rel=\"noreferrer nofollow noopener\">m\u00e9contentement<\/a> est d\u2019autant plus grand pour le Paris Saint-Germain que ses relations avec les autres f\u00e9d\u00e9rations sont plus fluides, selon le club. Le champion de France et d\u2019Europe r\u00e9clame donc \u00ab\u00a0la mise en place imm\u00e9diate d\u2019un protocole formalis\u00e9 de communication m\u00e9dicale\u00a0\u00bb et le \u00ab\u00a0respect d\u2019un principe de pr\u00e9caution renforc\u00e9 dans la convocation et l\u2019utilisation des joueurs\u00a0\u00bb.<\/p>\n<p class=\"paragraph text_align_left lp-f-body-02\">Dans <a href=\"https:\/\/www.psg.fr\/content\/point-medical-concernant-ousmane-dembele-et-desire-doue-paris-saint-germain-2025-2026\" target=\"_blank\" rel=\"noreferrer nofollow noopener\">un communiqu\u00e9<\/a> publi\u00e9 ce samedi soir, l\u2019\u00e9quipe parisienne a confirm\u00e9 la dur\u00e9e des absences de Demb\u00e9l\u00e9 et Dou\u00e9 qui manqueront a minima les chocs contre l\u2019Atalanta (17\u00a0septembre) et Barcelone (1er\u00a0octobre) en C1, ainsi que celui face \u00e0 Marseille en Ligue\u00a01 (21\u00a0septembre).<\/p>\n","protected":false},"excerpt":{"rendered":"La victoire des Bleus face \u00e0 l\u2019Ukraine (2-0) aura vite \u00e9t\u00e9 \u00e9clips\u00e9e. Bless\u00e9s lors de ce succ\u00e8s, Ousmane&hellip;\n","protected":false},"author":2,"featured_media":371448,"comment_status":"","ping_status":"","sticky":false,"template":"","format":"standard","meta":{"footnotes":""},"categories":[1590],"tags":[11,1777,674,63,12,93,60,220],"class_list":{"0":"post-371447","1":"post","2":"type-post","3":"status-publish","4":"format-standard","5":"has-post-thumbnail","7":"category-ukraine","8":"tag-actualites","9":"tag-eu","10":"tag-europe","11":"tag-football","12":"tag-news","13":"tag-psg","14":"tag-sports","15":"tag-ukraine"},"share_on_mastodon":{"url":"https:\/\/pubeurope.com\/@fr\/115159286690959171","error":""},"_links":{"self":[{"href":"https:\/\/www.europesays.com\/fr\/wp-json\/wp\/v2\/posts\/371447","targetHints":{"allow":["GET"]}}],"collection":[{"href":"https:\/\/www.europesays.com\/fr\/wp-json\/wp\/v2\/posts"}],"about":[{"href":"https:\/\/www.europesays.com\/fr\/wp-json\/wp\/v2\/types\/post"}],"author":[{"embeddable":true,"href":"https:\/\/www.europesays.com\/fr\/wp-json\/wp\/v2\/users\/2"}],"replies":[{"embeddable":true,"href":"https:\/\/www.europesays.com\/fr\/wp-json\/wp\/v2\/comments?post=371447"}],"version-history":[{"count":0,"href":"https:\/\/www.europesays.com\/fr\/wp-json\/wp\/v2\/posts\/371447\/revisions"}],"wp:featuredmedia":[{"embeddable":true,"href":"https:\/\/www.europesays.com\/fr\/wp-json\/wp\/v2\/media\/371448"}],"wp:attachment":[{"href":"https:\/\/www.europesays.com\/fr\/wp-json\/wp\/v2\/media?parent=371447"}],"wp:term":[{"taxonomy":"category","embeddable":true,"href":"https:\/\/www.europesays.com\/fr\/wp-json\/wp\/v2\/categories?post=371447"},{"taxonomy":"post_tag","embeddable":true,"href":"https:\/\/www.europesays.com\/fr\/wp-json\/wp\/v2\/tags?post=371447"}],"curies":[{"name":"wp","href":"https:\/\/api.w.org\/{rel}","templated":true}]}}