{"id":371455,"date":"2025-09-06T20:43:16","date_gmt":"2025-09-06T20:43:16","guid":{"rendered":"https:\/\/www.europesays.com\/fr\/371455\/"},"modified":"2025-09-06T20:43:16","modified_gmt":"2025-09-06T20:43:16","slug":"donald-trump-va-mettre-fin-a-certains-programmes-militaires-americains-en-europe-de-lest","status":"publish","type":"post","link":"https:\/\/www.europesays.com\/fr\/371455\/","title":{"rendered":"Donald Trump va mettre fin \u00e0 certains programmes militaires am\u00e9ricains en Europe de l&rsquo;Est"},"content":{"rendered":"<p class=\"mb-4 text-lg md:leading-8 break-words\">L&rsquo;administration Trump va mettre fin \u00e0 plusieurs programmes de s\u00e9curit\u00e9 en Europe, notamment sur son flanc est, \u00e0 proximit\u00e9 imm\u00e9diate de la Russie. Des centaines de millions de dollars en moins qui alarment les pays de l&rsquo;Otan qui font face \u00e0 Moscou.<\/p>\n<p class=\"mb-4 text-lg md:leading-8 break-words\">Parmi les programmes qui seront suspendus, on trouve l&rsquo;Initiative de s\u00e9curit\u00e9 balte. Soit 225 millions de dollars qui servent \u00e0 financer des infrastructures et des formations militaires en <strong><a href=\"https:\/\/www.rfi.fr\/fr\/podcasts\/reportage-international\/20240726-dans-les-pays-baltes-le-secteur-de-la-d\u00e9fense-se-d\u00e9veloppe\" rel=\"nofollow noopener\" target=\"_blank\" data-ylk=\"slk:Estonie, Lettonie et Lituanie;elm:context_link;itc:0;sec:content-canvas\" class=\"link \">Estonie, Lettonie et Lituanie<\/a><\/strong>, trois pays aux \u00e9conomies modestes et frontaliers de la Russie. On ignore encore pour l&rsquo;instant quels autres programmes seront concern\u00e9s, ni quand les fonds qui ont \u00e9t\u00e9 vot\u00e9s par le Congr\u00e8s seront totalement \u00e9puis\u00e9s. Ils peuvent en effet \u00eatre d\u00e9pens\u00e9s jusqu&rsquo;en octobre 2026.<\/p>\n<p>Mesure \u00ab\u00a0coordonn\u00e9e\u00a0\u00bb<\/p>\n<p class=\"mb-4 text-lg md:leading-8 break-words\">Ce sont des responsables am\u00e9ricains qui ont inform\u00e9 &#8211;\u00a0fin ao\u00fbt 2025\u00a0&#8211; des diplomates europ\u00e9ens de la d\u00e9cision de mettre fin au financement par les \u00c9tats-Unis de programmes de formation et d&rsquo;\u00e9quipement des arm\u00e9es de pays d&rsquo;Europe de l&rsquo;Est, a rapport\u00e9 le Financial Times. Un responsable travaillant pour la Maison Blanche n&rsquo;a pas confirm\u00e9 les d\u00e9tails de cette d\u00e9cision, \u00e9crit l&rsquo;AFP. Celui-ci a n\u00e9anmoins d\u00e9clar\u00e9 que la mesure avait \u00e9t\u00e9 \u00ab\u00a0coordonn\u00e9e avec les pays europ\u00e9ens\u00a0\u00bb, conform\u00e9ment \u00e0 un d\u00e9cret sign\u00e9 en janvier 2025 par Donald Trump sur la r\u00e9\u00e9valuation de l&rsquo;aide \u00e9trang\u00e8re am\u00e9ricaine.<\/p>\n<p>Priorit\u00e9 Pacifique<\/p>\n<p class=\"mb-4 text-lg md:leading-8 break-words\">Concernant la Pologne, <strong><a href=\"https:\/\/www.rfi.fr\/fr\/tag\/donald-trump\/\" rel=\"nofollow noopener\" target=\"_blank\" data-ylk=\"slk:Donald Trump;elm:context_link;itc:0;sec:content-canvas\" class=\"link \">Donald Trump<\/a><\/strong> a fait savoir \u00e0 son pr\u00e9sident en visite \u00e0 Washington, le mercredi 3 septembre, qu&rsquo;il ne retirerait pas ses troupes du pays, m\u00eame s&rsquo;il a reconnu avoir envisag\u00e9 de le faire.\u00a0Selon des membres du Pentagone cit\u00e9s par le Washington Post, cette <strong><a href=\"https:\/\/www.rfi.fr\/fr\/podcasts\/g\u00e9opolitique\/20250823-ukraine-comment-les-europ\u00e9ens-peuvent-ils-garder-les-\u00e9tats-unis-\u00e0-bord\" rel=\"nofollow noopener\" target=\"_blank\" data-ylk=\"slk:suppression;elm:context_link;itc:0;sec:content-canvas\" class=\"link \">suppression<\/a><\/strong> de l&rsquo;aide am\u00e9ricaine \u00e0 certains programmes de s\u00e9curit\u00e9 en Europe s&rsquo;inscrit dans une nouvelle strat\u00e9gie de Donald Trump visant \u00e0 redoubler ses efforts de dissuasion envers la <strong><a href=\"https:\/\/fr.news.yahoo.com\/chine-va-c%C3%A9l%C3%A9brer-faste-80-213642637.html\" data-ylk=\"slk:Chine;elm:context_link;itc:0;sec:content-canvas;outcm:mb_qualified_link;_E:mb_qualified_link;ct:story;\" class=\"link  yahoo-link\" target=\"_blank\" rel=\"noopener\">Chine<\/a><\/strong> dans le <strong><a href=\"https:\/\/www.rfi.fr\/fr\/podcasts\/\u00e0-la-une-en-asie\/20250611-la-rivalit\u00e9-militaire-sino-am\u00e9ricaine-s-intensifie-dans-le-pacifique\" rel=\"nofollow noopener\" target=\"_blank\" data-ylk=\"slk:Pacifique;elm:context_link;itc:0;sec:content-canvas\" class=\"link \">Pacifique<\/a><\/strong>.<\/p>\n<p class=\"mb-4 text-lg md:leading-8 break-words\">\u00c0 lire aussi<a href=\"https:\/\/www.rfi.fr\/fr\/europe\/20250602-l-ukraine-la-russie-et-la-d\u00e9fense-au-c\u0153ur-du-sommet-de-vilnius-des-pays-d-europe-centrale-et-nordique\" class=\"link \" rel=\"nofollow noopener\" target=\"_blank\" data-ylk=\"slk:L&#039;Ukraine, la Russie et la d\u00e9fense au c\u0153ur du sommet de Vilnius des pays d&#039;Europe centrale et nordique;elm:context_link;itc:0;sec:content-canvas\">L&rsquo;Ukraine, la Russie et la d\u00e9fense au c\u0153ur du sommet de Vilnius des pays d&rsquo;Europe centrale et nordique<\/a><\/p>\n","protected":false},"excerpt":{"rendered":"L&rsquo;administration Trump va mettre fin \u00e0 plusieurs programmes de s\u00e9curit\u00e9 en Europe, notamment sur son flanc est, \u00e0&hellip;\n","protected":false},"author":2,"featured_media":371456,"comment_status":"","ping_status":"","sticky":false,"template":"","format":"standard","meta":{"footnotes":""},"categories":[1586],"tags":[11,1777,674,1011,27,2489,12,47533,50553,25,467],"class_list":{"0":"post-371455","1":"post","2":"type-post","3":"status-publish","4":"format-standard","5":"has-post-thumbnail","7":"category-europe","8":"tag-actualites","9":"tag-eu","10":"tag-europe","11":"tag-fr","12":"tag-france","13":"tag-la-russie","14":"tag-news","15":"tag-pays-deurope-de-lest","16":"tag-programmes-de-formation","17":"tag-republique-francaise","18":"tag-trump"},"share_on_mastodon":{"url":"https:\/\/pubeurope.com\/@fr\/115159302423457084","error":""},"_links":{"self":[{"href":"https:\/\/www.europesays.com\/fr\/wp-json\/wp\/v2\/posts\/371455","targetHints":{"allow":["GET"]}}],"collection":[{"href":"https:\/\/www.europesays.com\/fr\/wp-json\/wp\/v2\/posts"}],"about":[{"href":"https:\/\/www.europesays.com\/fr\/wp-json\/wp\/v2\/types\/post"}],"author":[{"embeddable":true,"href":"https:\/\/www.europesays.com\/fr\/wp-json\/wp\/v2\/users\/2"}],"replies":[{"embeddable":true,"href":"https:\/\/www.europesays.com\/fr\/wp-json\/wp\/v2\/comments?post=371455"}],"version-history":[{"count":0,"href":"https:\/\/www.europesays.com\/fr\/wp-json\/wp\/v2\/posts\/371455\/revisions"}],"wp:featuredmedia":[{"embeddable":true,"href":"https:\/\/www.europesays.com\/fr\/wp-json\/wp\/v2\/media\/371456"}],"wp:attachment":[{"href":"https:\/\/www.europesays.com\/fr\/wp-json\/wp\/v2\/media?parent=371455"}],"wp:term":[{"taxonomy":"category","embeddable":true,"href":"https:\/\/www.europesays.com\/fr\/wp-json\/wp\/v2\/categories?post=371455"},{"taxonomy":"post_tag","embeddable":true,"href":"https:\/\/www.europesays.com\/fr\/wp-json\/wp\/v2\/tags?post=371455"}],"curies":[{"name":"wp","href":"https:\/\/api.w.org\/{rel}","templated":true}]}}