{"id":371459,"date":"2025-09-06T20:45:16","date_gmt":"2025-09-06T20:45:16","guid":{"rendered":"https:\/\/www.europesays.com\/fr\/371459\/"},"modified":"2025-09-06T20:45:16","modified_gmt":"2025-09-06T20:45:16","slug":"top-14-lyon-fait-cavalier-seul-et-simpose-face-au-racing-92","status":"publish","type":"post","link":"https:\/\/www.europesays.com\/fr\/371459\/","title":{"rendered":"Top 14 \u2013 Lyon fait cavalier seul et s\u2019impose face au Racing 92"},"content":{"rendered":"<p>\n                Lyon a parfaitement r\u00e9ussi son entr\u00e9e dans cette saison 2026 de Top 14. Largement en t\u00eate \u00e0 la pause (25-7), les Lyonnais ont su par la suite conserver leur avance pour s\u2019imposer 32 \u00e0 7. Pour sa rentr\u00e9e, cet indisciplin\u00e9 Racing 92 s\u2019est manqu\u00e9.\n            <\/p>\n<p>Comme on se retrouve\u00a0! Lyonnais et Parisiens se retrouvaient aujourd\u2019hui, quelques semaines apr\u00e8s avoir crois\u00e9 le fer lors de l\u2019ultime journ\u00e9e du dernier championnat de Top 14. Si les Franciliens avaient brill\u00e9 offensivement \u00e0 cette occasion, \u00e7a n\u2019a absolument pas \u00e9t\u00e9 le cas aujourd\u2019hui \u00e0 Gerland. La faute \u00e0 une indiscipline chronique qui a plomb\u00e9 tous les plans.\u00a0De son c\u00f4t\u00e9, Lyon a\u00a0fait la diff\u00e9rence en premi\u00e8re p\u00e9riode en inscrivant trois\u00a0essais.<\/p>\n<p>Des d\u00e9buts virevoltants<\/p>\n<p>Trois essais en dix minutes\u00a0! Pas mal pour commencer une saison\u2026 Le compteur a \u00e9t\u00e9 ouvert par les Rhodaniens qui ont form\u00e9 un maul d\u2019\u00e9cole pour franchir une premi\u00e8re fois la ligne d\u2019en-but (7\/0, 3e). La r\u00e9ponse des Ciel et Blanc a \u00e9t\u00e9 presque imm\u00e9diate avec une r\u00e9alisation, l\u00e0 aussi en force, de la recrue Nathan Hugues (7\/7, 8e). Mais dans ce premier quart d\u2019heure un peu fou, ce sont les avants lyonnais qui ont pris le dessus, permettant \u00e0 Geraci de franchir la ligne pour donner l\u2019avantage \u00e0 son \u00e9quipe (14\/7, 11e). C\u2019est \u00e0 partir de ce moment que les Racingmen ont commenc\u00e9 \u00e0 perdre leur rugby, enfin, leurs r\u00e8gles du rugby\u2026 De fa\u00e7on inqui\u00e9tante, les visiteurs ont encha\u00een\u00e9 les erreurs. De ce fait, Lyon a pris le large gr\u00e2ce au pied de Berdeu (20\/7, 23e) et \u00e0 un nouvel essai. Ici, c\u2019est Cassang qui a exploit\u00e9 un trou de souris pour creuser l\u2019\u00e9cart (25\/7, 34e) face \u00e0 une \u00e9quipe francilienne incapable de sortir de son camp.<\/p>\n<blockquote data-class=\"twitter-tweet\">\n<p lang=\"fr\" dir=\"ltr\">Lyon a parfaitement r\u00e9ussi son entr\u00e9e dans cette saison 2026 de Top 14. Largement en t\u00eate \u00e0 la pause (25-7), les Lyonnais ont su par la suite conserver leur avance pour s\u2019imposer. Pour sa rentr\u00e9e, cet indisciplin\u00e9 Racing 92 s\u2019est manqu\u00e9.<br \/>Le r\u00e9sum\u00e9 -&gt; <a href=\"https:\/\/t.co\/5z5mLbgiIV\" rel=\"nofollow\">https:\/\/t.co\/5z5mLbgiIV<\/a> <a href=\"https:\/\/t.co\/QKp3tm92Lp\" rel=\"nofollow\">pic.twitter.com\/QKp3tm92Lp<\/a><\/p>\n<p>\u2014 RUGBYRAMA (@RugbyramaFR) <a href=\"https:\/\/twitter.com\/RugbyramaFR\/status\/1964372660051444171?ref_src=twsrc%5Etfw\" rel=\"nofollow noopener\" target=\"_blank\">September 6, 2025<\/a><\/p><\/blockquote>\n<p>Une deuxi\u00e8me p\u00e9riode sans relief<\/p>\n<p>Offensivement, il n\u2019y a pas grand-chose \u00e0 retenir de cette seconde p\u00e9riode. Lyon a souvent tenu le ballon mais a commis de petites erreurs annihilant les efforts r\u00e9alis\u00e9s. C\u2019est finalement \u00e0 la 67e que l\u2019essai du bonus a \u00e9t\u00e9 inscrit par l\u2019interm\u00e9diaire de Dylan Cretin (32\/7). \u00c0 part cela, les Racingmen ont r\u00e9ussi l\u2019exploit de se montrer encore plus indisciplin\u00e9s qu\u2019en premi\u00e8re p\u00e9riode. Trois cartons jaunes ont \u00e9t\u00e9 distribu\u00e9s tout au long de la partie \u00e0 cette \u00e9quipe qui n\u2019a jamais r\u00e9ussi \u00e0 d\u00e9velopper une action collective propre. En touche, en m\u00eal\u00e9e, dans les rucks\u2026 il n\u2019y a pas eu un secteur de jeu dans lequel les Ciel et Blanc ont brill\u00e9 aujourd\u2019hui. Dans ces conditions, impossible pour eux de se montrer dangereux. Du c\u00f4t\u00e9 lyonnais, on notera tout de m\u00eame une baisse de r\u00e9gime durant ce deuxi\u00e8me acte et m\u00eame une tendance \u00e0 se montrer indisciplin\u00e9. Quoi qu\u2019il en soit, la domination du LOU \u00e9tait assez cons\u00e9quente pour que la victoire soit assur\u00e9e au terme de 40 derni\u00e8res minutes assez ternes.<\/p>\n<p>Des r\u00e9glages \u00e0 venir<\/p>\n<p>Cette rencontre a soulign\u00e9 les d\u00e9fauts de chacune de ces formations.\u00a0Du c\u00f4t\u00e9 de Lyon, il faudra se montrer plus tueur dans la zone de v\u00e9rit\u00e9. La confrontation \u00e0 Montauban sera un excellent test pour confirmer le succ\u00e8s du jour. En ce qui concerne le Racing 92, le chantier semble encore important. Au-del\u00e0 de l\u2019indiscipline, on notera le peu d\u2019efficacit\u00e9 de la charni\u00e8re. Samuel James n\u2019a pas pes\u00e9 sur cette rencontre tout comme la recrue n\u00e9o-z\u00e9landaise Joseph Manu. Accordons tout de m\u00eame \u00e0 cette \u00e9quipe remani\u00e9e le b\u00e9n\u00e9fice du doute et des habituels rodages de d\u00e9but de saison. N\u00e9anmoins, il faudra rapidement corriger le tir avant de recevoir l\u2019UBB le week-end prochain.<\/p>\n<p>                    <script async src=\"https:\/\/platform.twitter.com\/widgets.js\" charset=\"utf-8\"><\/script><\/p>\n","protected":false},"excerpt":{"rendered":"Lyon a parfaitement r\u00e9ussi son entr\u00e9e dans cette saison 2026 de Top 14. Largement en t\u00eate \u00e0 la&hellip;\n","protected":false},"author":2,"featured_media":371460,"comment_status":"","ping_status":"","sticky":false,"template":"","format":"standard","meta":{"footnotes":""},"categories":[2],"tags":[11,1011,27,12,25],"class_list":{"0":"post-371459","1":"post","2":"type-post","3":"status-publish","4":"format-standard","5":"has-post-thumbnail","7":"category-actualites","8":"tag-actualites","9":"tag-fr","10":"tag-france","11":"tag-news","12":"tag-republique-francaise"},"share_on_mastodon":{"url":"https:\/\/pubeurope.com\/@fr\/115159310255176648","error":""},"_links":{"self":[{"href":"https:\/\/www.europesays.com\/fr\/wp-json\/wp\/v2\/posts\/371459","targetHints":{"allow":["GET"]}}],"collection":[{"href":"https:\/\/www.europesays.com\/fr\/wp-json\/wp\/v2\/posts"}],"about":[{"href":"https:\/\/www.europesays.com\/fr\/wp-json\/wp\/v2\/types\/post"}],"author":[{"embeddable":true,"href":"https:\/\/www.europesays.com\/fr\/wp-json\/wp\/v2\/users\/2"}],"replies":[{"embeddable":true,"href":"https:\/\/www.europesays.com\/fr\/wp-json\/wp\/v2\/comments?post=371459"}],"version-history":[{"count":0,"href":"https:\/\/www.europesays.com\/fr\/wp-json\/wp\/v2\/posts\/371459\/revisions"}],"wp:featuredmedia":[{"embeddable":true,"href":"https:\/\/www.europesays.com\/fr\/wp-json\/wp\/v2\/media\/371460"}],"wp:attachment":[{"href":"https:\/\/www.europesays.com\/fr\/wp-json\/wp\/v2\/media?parent=371459"}],"wp:term":[{"taxonomy":"category","embeddable":true,"href":"https:\/\/www.europesays.com\/fr\/wp-json\/wp\/v2\/categories?post=371459"},{"taxonomy":"post_tag","embeddable":true,"href":"https:\/\/www.europesays.com\/fr\/wp-json\/wp\/v2\/tags?post=371459"}],"curies":[{"name":"wp","href":"https:\/\/api.w.org\/{rel}","templated":true}]}}