{"id":371461,"date":"2025-09-06T20:46:11","date_gmt":"2025-09-06T20:46:11","guid":{"rendered":"https:\/\/www.europesays.com\/fr\/371461\/"},"modified":"2025-09-06T20:46:11","modified_gmt":"2025-09-06T20:46:11","slug":"a-brest-des-militants-lfi-tabasses-et-une-extreme-droite-en-roue-libre-mediapart","status":"publish","type":"post","link":"https:\/\/www.europesays.com\/fr\/371461\/","title":{"rendered":"\u00c0 Brest, des militants LFI tabass\u00e9s et une extr\u00eame droite en roue libre &#8211; Mediapart"},"content":{"rendered":"<ol>\n<li><a href=\"https:\/\/news.google.com\/rss\/articles\/CBMiugFBVV95cUxQYTdleExBaWF5bDJPRU8wTlhvdTR0Y1F0dW5WbDI5Z1lvazlQdk9TbnJuemdsOTV2UFA0VVFmU3E1NUNnbjJVWVJDWW9aVEdEYm5QV3R4M2loSFkwUnVtaDJmOEJ1NWl6YXBhZmdrUlU2MzBBU2RyOTQ0Ymo0UmVseExhSnFQZV9mZDV5T3NRUl82MGplZ0VJblVxN0F1Q0haLXFsRm1zTjdvWkNSWjB3NVZGMUV5Nmt3TEE?oc=5\" target=\"_blank\" rel=\"nofollow noopener\">\u00c0 Brest, des militants LFI tabass\u00e9s et une extr\u00eame droite en roue libre<\/a>&nbsp;&nbsp;Mediapart<\/li>\n<li><a href=\"https:\/\/news.google.com\/rss\/articles\/CBMijwJBVV95cUxQcUR2Zmt3X2ZPanBYbFh6TjRhUnhMbWVTeTFMemdIWEREZnZnMFpQS1ZHMGt5SlFaaVlRUGhmWlZxb2JkU1l6RGstVXMyX2h2YWVuS3NkR25mWHMtQnRTaV9qa2Itd1ZCX3FydUJpamtxMFhQTkQ1a3B6OTdrZEhJSXViZ0ZRdkl5ejM3OHBobUZlNms5WVBDSVlQOUJPb0k5WlNFRWNzQlNKUV9DLXhvcC1DUHpZVExUN1ZzeEV6S1p0czhiQm80eHM0YjhQRTYxZmxSU3E1TDFHZTl0c0FiNkR6bGVQWDdGcVczUHItWkhrRUtrVlVwQktjUEVaSWZnVDFpY3pSek14MlpRUXI0?oc=5\" target=\"_blank\" rel=\"nofollow noopener\">Le conjoint du d\u00e9put\u00e9 Pierre-Yves Cadalen victime d\u2019une agression \u00ab politique et homophobe \u00bb<\/a>&nbsp;&nbsp;Ouest-France<\/li>\n<li><a href=\"https:\/\/news.google.com\/rss\/articles\/CBMi7gFBVV95cUxOWXdvcVJCYmNIUzhIY2hMSFB4VUZtYW1ISXBhcS16dUR5QUZ1b3NBSk1FM1JqS2lHcTNuZm4tWGtlbDZmOV9ubVZxTkJwNnJNVGRXZWxlS0FseFV6YU9DNlIzcFpsT2g5SGVfWUZwWnc0Sy15TzNNQnlJZnBYN0Q4WTNvNVM0QkVnVkhFTmR4MU9IcjZjQ1VYOEY4dDlOOE56cjMzSG5ndkNMbm1VM05qQnhfZHJ1ZHZiNE1xVVN4d3FPN2hPMDJtMmg0MmNRX0MzS21wX0U4Y2RNNy1uclpDUDUtZ0tNNmRvb3dYQk5R?oc=5\" target=\"_blank\" rel=\"nofollow noopener\">Le conjoint de Pierre-Yves Cadalen, d\u00e9put\u00e9 LFI, agress\u00e9 en Bretagne, l\u2019\u00e9lu d\u00e9nonce un acte homophobe<\/a>&nbsp;&nbsp;Le HuffPost<\/li>\n<li><a href=\"https:\/\/news.google.com\/rss\/articles\/CBMiowJBVV95cUxNNjc0NkRHUXdFTjFvaFN4X2p0eWxPLXZBUS1MLTdBSkZmbDVNa1JBRGFQQ3lWUVdmRG1lRjZ3eHBhQUtVWXdVR3NHWHU0LWVnRDNjWDZvd1RscXNZN1RkSG9QNlQtU0UwdENPNlE2X1FuaFY5aGZhTlVuTm42VE1BWmZxaVhPczhlSG1FTFhxaVdzYmFJVGR3WEx2ZnhRb2dmUnZMTjNKYzJKdm5EdjhyVmZmZWE3bTE4VVhuRHctekpsdVhEakNxYkNlb3daVFk2b1RTTzBJNlQzSWZodFdhd1RSWmNlZi1LT0luOWc4c2J1Wl9qWHlSZXpyU2xQdW00b3FSZy1SVHNVR2NoYmF0NEhDZ3htWnpmdkRVdE8xV2laNWc?oc=5\" target=\"_blank\" rel=\"nofollow noopener\">\u00abPolitique et homophobe\u00bb : le d\u00e9put\u00e9 LFI Pierre-Yves Cadalen d\u00e9nonce l\u2019agression de son compagnon par \u00abd\u2019ignobles nazillons\u00bb \u00e0 Brest<\/a>&nbsp;&nbsp;Lib\u00e9ration<\/li>\n<li><a href=\"https:\/\/news.google.com\/rss\/articles\/CBMitgJBVV95cUxOM3pvYzNQUXBodnVFUGZCcG83YkxMZDZEempnV1M1TDJzUWtqT2RWUDd6dUV4eTNrTlI3TUNDcXRxYUJvVW5oYTBsTWxYVjhOVFNRMmFDVFNmTk1nV0NJZDBqdnFxUkF6bVdzTk5PS1hIQWhVYzlqR3dNNGUwYzh4UEZJQThqbXAtUDU2MW1DMURHdC1qSHI3QWhOVTB3dktQcFBON08ycjV6RkpfMjc0QUV4SGhyMFhqLTBBQjRUb0phX0RHVm5tUHByV183MnFLYVN6U1NycjBUUjdXdVVaZWtvV1dtSDZzZ0UtREJ0dXJqemFRSjFDa2J5UkNXY0JNRWUwVG04YlV0Ny1pdG5pZmFQc3hxZWhwR1BnbXVKWmhMWFltR1lBeU5JemxVLUprbnJnVlpR?oc=5\" target=\"_blank\" rel=\"nofollow noopener\">\u00ab L\u2019un des quatre militants agress\u00e9s samedi dernier \u00e0 Brest est mon compagnon \u00bb : le d\u00e9put\u00e9 Pierre-Yves Cadalen d\u00e9nonce une agression \u00ab politique et homophobe \u00bb<\/a>&nbsp;&nbsp;Le T\u00e9l\u00e9gramme<\/li>\n<\/ol>\n","protected":false},"excerpt":{"rendered":"\u00c0 Brest, des militants LFI tabass\u00e9s et une extr\u00eame droite en roue libre&nbsp;&nbsp;Mediapart Le conjoint du d\u00e9put\u00e9 Pierre-Yves&hellip;\n","protected":false},"author":2,"featured_media":371462,"comment_status":"","ping_status":"","sticky":false,"template":"","format":"standard","meta":{"footnotes":""},"categories":[2],"tags":[11,3450,829,1076,1011,27,7740,8717,2338,12,25],"class_list":{"0":"post-371461","1":"post","2":"type-post","3":"status-publish","4":"format-standard","5":"has-post-thumbnail","7":"category-actualites","8":"tag-actualites","9":"tag-brest","10":"tag-bretagne","11":"tag-extreme-droite","12":"tag-fr","13":"tag-france","14":"tag-gauches","15":"tag-homophobie","16":"tag-la-france-insoumise","17":"tag-news","18":"tag-republique-francaise"},"share_on_mastodon":{"url":"https:\/\/pubeurope.com\/@fr\/115159314253506417","error":""},"_links":{"self":[{"href":"https:\/\/www.europesays.com\/fr\/wp-json\/wp\/v2\/posts\/371461","targetHints":{"allow":["GET"]}}],"collection":[{"href":"https:\/\/www.europesays.com\/fr\/wp-json\/wp\/v2\/posts"}],"about":[{"href":"https:\/\/www.europesays.com\/fr\/wp-json\/wp\/v2\/types\/post"}],"author":[{"embeddable":true,"href":"https:\/\/www.europesays.com\/fr\/wp-json\/wp\/v2\/users\/2"}],"replies":[{"embeddable":true,"href":"https:\/\/www.europesays.com\/fr\/wp-json\/wp\/v2\/comments?post=371461"}],"version-history":[{"count":0,"href":"https:\/\/www.europesays.com\/fr\/wp-json\/wp\/v2\/posts\/371461\/revisions"}],"wp:featuredmedia":[{"embeddable":true,"href":"https:\/\/www.europesays.com\/fr\/wp-json\/wp\/v2\/media\/371462"}],"wp:attachment":[{"href":"https:\/\/www.europesays.com\/fr\/wp-json\/wp\/v2\/media?parent=371461"}],"wp:term":[{"taxonomy":"category","embeddable":true,"href":"https:\/\/www.europesays.com\/fr\/wp-json\/wp\/v2\/categories?post=371461"},{"taxonomy":"post_tag","embeddable":true,"href":"https:\/\/www.europesays.com\/fr\/wp-json\/wp\/v2\/tags?post=371461"}],"curies":[{"name":"wp","href":"https:\/\/api.w.org\/{rel}","templated":true}]}}