{"id":371463,"date":"2025-09-06T20:47:16","date_gmt":"2025-09-06T20:47:16","guid":{"rendered":"https:\/\/www.europesays.com\/fr\/371463\/"},"modified":"2025-09-06T20:47:16","modified_gmt":"2025-09-06T20:47:16","slug":"57-762-spectateurs-ont-assiste-au-match-bayern-leverkusen-record-pour-la-bundesliga-feminine","status":"publish","type":"post","link":"https:\/\/www.europesays.com\/fr\/371463\/","title":{"rendered":"57.762 spectateurs ont assist\u00e9 au match Bayern-Leverkusen, record pour la Bundesliga f\u00e9minine"},"content":{"rendered":"<p>Le match remport\u00e9 par le Bayern Munich contre le Bayer Leverkusen (2-0), ce samedi en ouverture de la saison de Bundesliga f\u00e9minine en Allemagne, a r\u00e9uni plus de 57.000 spectateurs au stade. Un record.<\/p>\n<p>Le match d&rsquo;ouverture de la Bundesliga f\u00e9minine 2025-2026, remport\u00e9 ce samedi \u00e0 domicile par le <a href=\"https:\/\/rmcsport.bfmtv.com\/football\/bayern-de-munich_DN-201307180413.html\" title=\"Bayern Munich\" class=\"internal_link\" rel=\"nofollow noopener\" target=\"_blank\">Bayern Munich<\/a> contre le Bayer Leverkusen (2-0) a r\u00e9uni 57.762 spectateurs \u00e0 l&rsquo;Allianz Arena, un nouveau record pour le championnat allemand f\u00e9minin.<\/p>\n<p>En Allemagne, la demi-finale de la Coupe entre Hambourg SV et le Werder Br\u00eame s&rsquo;\u00e9tait disput\u00e9e devant 57.000 spectateurs en mars 2025, alors qu&rsquo;en championnat, le pr\u00e9c\u00e9dent record \u00e9tait de 38.365 (entre Cologne et l&rsquo;Eintracht Francfort en avril 2023). Toutes comp\u00e9titions f\u00e9minines confondues, la meilleure affluence en Allemagne reste le match d&rsquo;ouverture du Mondial-2011 entre l&rsquo;Allemagne et le Canada avec 73.680 spectateurs.<\/p>\n<p>Record d&rsquo;Europe pour un match de championnat f\u00e9minin: Atl\u00e9tico-Bar\u00e7a<\/p>\n<p>Ce n&rsquo;est que le cinqui\u00e8me match que l&rsquo;\u00e9quipe f\u00e9minine du Bayern dispute \u00e0 l&rsquo;Allianz Arena. Le premier en mars 2022 contre le Paris SG en Ligue des champions avait r\u00e9uni 13.000 spectateurs. A titre de comparaison, la meilleure affluence pour un championnat f\u00e9minin en Europe s&rsquo;\u00e9l\u00e8ve \u00e0 60.739 spectateurs, pour un match du championnat espagnol entre l&rsquo;Atl\u00e9tico de Madrid et le FC Barcelone en mars 2019. En Angleterre, 60.160 spectateurs ont assist\u00e9 en f\u00e9vrier 2024 \u00e0 la rencontre entre Arsenal et Manchester United \u00e0 l&rsquo;Emirates. La demi-finale de la Ligue des champions en 2022 entre le FC Barcelone et Wolfsburg s&rsquo;\u00e9tait disput\u00e9e devant 91.648 spectateurs, le record absolu.<\/p>\n<p>L&rsquo;Allianz Arena fait partie des huit stades pr\u00e9sents dans le dossier de candidature de l&rsquo;Allemagne pour l&rsquo;organisation de l&rsquo;Euro-2029 f\u00e9minin, avec entre autres le Westfalenstadion de Dortmund ou le Waldstadion de Francfort. L&rsquo;Allemagne fait face \u00e0 trois autres candidatures: le Danemark et la Su\u00e8de en commun, la Pologne et le Portugal. Le pays h\u00f4te sera annonc\u00e9 le 3 d\u00e9cembre.<\/p>\n","protected":false},"excerpt":{"rendered":"Le match remport\u00e9 par le Bayern Munich contre le Bayer Leverkusen (2-0), ce samedi en ouverture de la&hellip;\n","protected":false},"author":2,"featured_media":371464,"comment_status":"","ping_status":"","sticky":false,"template":"","format":"standard","meta":{"footnotes":""},"categories":[4],"tags":[11,1011,27,12,25],"class_list":{"0":"post-371463","1":"post","2":"type-post","3":"status-publish","4":"format-standard","5":"has-post-thumbnail","7":"category-france","8":"tag-actualites","9":"tag-fr","10":"tag-france","11":"tag-news","12":"tag-republique-francaise"},"share_on_mastodon":{"url":"https:\/\/pubeurope.com\/@fr\/115159318754757290","error":""},"_links":{"self":[{"href":"https:\/\/www.europesays.com\/fr\/wp-json\/wp\/v2\/posts\/371463","targetHints":{"allow":["GET"]}}],"collection":[{"href":"https:\/\/www.europesays.com\/fr\/wp-json\/wp\/v2\/posts"}],"about":[{"href":"https:\/\/www.europesays.com\/fr\/wp-json\/wp\/v2\/types\/post"}],"author":[{"embeddable":true,"href":"https:\/\/www.europesays.com\/fr\/wp-json\/wp\/v2\/users\/2"}],"replies":[{"embeddable":true,"href":"https:\/\/www.europesays.com\/fr\/wp-json\/wp\/v2\/comments?post=371463"}],"version-history":[{"count":0,"href":"https:\/\/www.europesays.com\/fr\/wp-json\/wp\/v2\/posts\/371463\/revisions"}],"wp:featuredmedia":[{"embeddable":true,"href":"https:\/\/www.europesays.com\/fr\/wp-json\/wp\/v2\/media\/371464"}],"wp:attachment":[{"href":"https:\/\/www.europesays.com\/fr\/wp-json\/wp\/v2\/media?parent=371463"}],"wp:term":[{"taxonomy":"category","embeddable":true,"href":"https:\/\/www.europesays.com\/fr\/wp-json\/wp\/v2\/categories?post=371463"},{"taxonomy":"post_tag","embeddable":true,"href":"https:\/\/www.europesays.com\/fr\/wp-json\/wp\/v2\/tags?post=371463"}],"curies":[{"name":"wp","href":"https:\/\/api.w.org\/{rel}","templated":true}]}}