{"id":371471,"date":"2025-09-06T20:53:16","date_gmt":"2025-09-06T20:53:16","guid":{"rendered":"https:\/\/www.europesays.com\/fr\/371471\/"},"modified":"2025-09-06T20:53:16","modified_gmt":"2025-09-06T20:53:16","slug":"bagnaia-au-plus-bas-je-naccepterai-jamais-cette-situation","status":"publish","type":"post","link":"https:\/\/www.europesays.com\/fr\/371471\/","title":{"rendered":"Bagnaia au plus bas\u00a0:\u00a0\u00ab\u00a0Je n&rsquo;accepterai jamais cette situation\u00a0\u00bb"},"content":{"rendered":"<p>Cette fois, il n&rsquo;y a pas eu de miracle. \u00c1 nouveau en grande difficult\u00e9 depuis hier, apr\u00e8s <a href=\"https:\/\/fr.motorsport.com\/motogp\/news\/bagnaia-galvanise-changements-hongrie-ducati\/10756414\/\" target=\"_self\" rel=\"noopener\">l&rsquo;\u00e9claircie trompeuse de la Hongrie<\/a>, <a href=\"https:\/\/fr.motorsport.com\/driver\/pecco-bagnaia\/109394\/\" target=\"_blank\" rel=\"noopener\">Pecco Bagnaia<\/a> est rest\u00e9 englu\u00e9 dans les profondeurs du classement ce samedi. Il s&rsquo;est qualifi\u00e9 en 21e position, la plus faible qu&rsquo;il ait occup\u00e9e sur la grille depuis le GP du Portugal 2022, o\u00f9 il n&rsquo;avait pas pris part aux qualifications. Les dix tours du sprint ne lui ont ensuite pas donn\u00e9 la moindre possibilit\u00e9 d&rsquo;inverser la situation et il a termin\u00e9 14e, \u00e0 14 secondes et demie du vainqueur.<\/p>\n<p>Sur le fond, il n&rsquo;y a aucun changement pour le pilote Ducati, qui reste en tr\u00e8s grande difficult\u00e9. Si l&rsquo;am\u00e9lioration de ses sensations au Balaton Park lui avait donn\u00e9 l&rsquo;espoir, <a href=\"https:\/\/fr.motorsport.com\/motogp\/news\/bagnaia-retour-case-depart-dur\/10756666\/\" target=\"_self\" rel=\"noopener\">finalement fauss\u00e9<\/a>, qu&rsquo;il pouvait commencer \u00e0 voir la lumi\u00e8re au bout du tunnel, il se confronte finalement \u00e0 ce qu&rsquo;il craignait le plus \u00e0 Barcelone, du fait du manque d&rsquo;adh\u00e9rence de la piste.<\/p>\n<p>\u00ab\u00a0J&rsquo;ai du mal, comme \u00e7a a \u00e9t\u00e9 le cas toute la saison. Ici, je m&rsquo;y attendais et \u00e7a \u00e9t\u00e9 comme je le pensais. Je r\u00eavais d&rsquo;une progression comme celle du Balaton, mais d\u00e8s hier \u00e7a a \u00e9t\u00e9 difficile\u00a0\u00bb, explique Pecco Bagnaia, dont les difficult\u00e9s restent concentr\u00e9es sur la phase d&rsquo;entr\u00e9e dans les virages, avec en cons\u00e9quence un niveau de comp\u00e9titivit\u00e9 anormalement bas.<\/p>\n<p>\u00ab\u00a0Ce qui est difficile \u00e0 accepter, c&rsquo;est que j&rsquo;ai du mal et je prends de gros risques de chute en finissant mon pneu arri\u00e8re partout, en roulant \u00e0 une seconde et demie au tour&#8230; C&rsquo;est tr\u00e8s \u00e9trange. Aujourd&rsquo;hui, j&rsquo;ai failli tomber peut-\u00eatre sept fois, alors que l&rsquo;ann\u00e9e derni\u00e8re, en \u00e9tant beaucoup plus rapide, je n&rsquo;avais jamais eu ce genre de risques\u00a0\u00bb,\u00a0constate-t-il, impuissant.<\/p>\n<p>Lire aussi :<\/p>\n<p>\u00ab\u00a0On dirait un disque ray\u00e9\u00a0\u00bb<\/p>\n<p>Apr\u00e8s le changement radical apport\u00e9 \u00e0 sa moto en Hongrie, Bagnaia a utilis\u00e9 ce week-end ce m\u00eame set-up ainsi qu&rsquo;un autre, calqu\u00e9 sur le Grand Prix de l&rsquo;an dernier, qu&rsquo;il avait remport\u00e9. C&rsquo;est cette solution qu&rsquo;il a privil\u00e9gi\u00e9e aujourd&rsquo;hui, mais avec des performances excessivement \u00e9loign\u00e9es de celles de la saison derni\u00e8re.<\/p>\n<p>Interrog\u00e9 sur la mani\u00e8re dont il se projette compte tenu de la rudesse de ce qu&rsquo;il traverse, Bagnaia explique\u00a0:\u00a0\u00ab\u00a0Honn\u00eatement, j&rsquo;aborde les s\u00e9ances les unes apr\u00e8s les autres. Je suis quelqu&rsquo;un qui a des r\u00eaves et j&rsquo;esp\u00e8re chaque fois me sentir mieux. Je n&rsquo;accepterai jamais cette situation tant que \u00e7a n&rsquo;est pas termin\u00e9. Tant que j&rsquo;ai une chance, j&rsquo;essaierai toujours. Je ne laisserai jamais tomber, je ne suis pas ce genre de personne. J&rsquo;essaye tout le temps de faire le maximum, on l&rsquo;essaye tous.\u00a0\u00bb<\/p>\n<p>   <img decoding=\"async\" draggable=\"false\" src=\"https:\/\/www.europesays.com\/fr\/wp-content\/uploads\/2025\/09\/1757191996_613_francesco-bagnaia-ducati-team.jpg\" alt=\"Pecco Bagnaia s'est retrouv\u00e9 \u00e0 l'arri\u00e8re du peloton dans le sprint de Barcelone.\" width=\"1200\" height=\"800\" loading=\"lazy\"\/> <\/p>\n<p class=\"title\">Pecco Bagnaia s&rsquo;est retrouv\u00e9 \u00e0 l&rsquo;arri\u00e8re du peloton dans le sprint de Barcelone.<\/p>\n<p class=\"photographer\">Photo de: Gold and Goose Photography \/ LAT Images \/ via Getty Images<\/p>\n<p>\u00ab\u00a0Actuellement, c&rsquo;est plut\u00f4t difficile de dire qu&rsquo;on a fait le maximum, \u00e9tant donn\u00e9 que j&rsquo;ai termin\u00e9 14e, je n&rsquo;ai d\u00e9pass\u00e9 que [\u00c1lex] Rins et Aleix [Espargar\u00f3], c&rsquo;est tout. Il est certain que je suis capable de faire quelque chose de mieux, puisque mes sensations avec cette moto ne sont pas les meilleures. \u00c7a n&rsquo;est pas possible non plus que je fasse 21e en qualifs et 14e en course.\u00a0\u00bb<\/p>\n<p>S&rsquo;il refuse de baisser les bras, Pecco Bagnaia admet n\u00e9anmoins \u00eatre lui-m\u00eame lass\u00e9 par cette situation dont il ne parvient pas \u00e0 sortir. \u00ab\u00a0La v\u00e9rit\u00e9, c&rsquo;est que j&rsquo;en ai marre aussi de venir tout le temps ici [r\u00e9p\u00e9ter la m\u00eame chose]. On dirait un disque ray\u00e9. Je ne sais m\u00eame plus quoi dire\u00a0\u00bb, admet-il en s&rsquo;adressant aux journalistes, comme il le fait quatre fois par week-end.<\/p>\n<p>Il a insist\u00e9 sur le besoin pour lui de ne pas se laisser perturber par d&rsquo;autres pens\u00e9es parasites et a coup\u00e9 court aux questions r\u00e9p\u00e9titives sur son \u00e9tat d&rsquo;esprit.\u00a0\u00ab\u00a0Aujourd&rsquo;hui, c&rsquo;\u00e9tait comme \u00e7a. Je pense \u00e0 demain, l&rsquo;objectif sera de r\u00e9ussir \u00e0 faire un top 10. Pour le moment, c&rsquo;est le maximum qu&rsquo;on puisse viser en termes de r\u00e9sultats. Tout autre discours et tout autre pens\u00e9e sont inutiles, et \u00e0 l&rsquo;heure actuelle je n&rsquo;ai pas besoin de \u00e7a. Je dois juste penser \u00e0 piloter, et c&rsquo;est tout.\u00a0\u00bb<\/p>\n<p>\u00ab\u00a0C&rsquo;est le moment dans lequel il faut qu&rsquo;on soit aussi proches que possible pour essayer de r\u00e9soudre \u00e7a. On aura une autre opportunit\u00e9 demain et on va essayer d&rsquo;obtenir un bon r\u00e9sultat.\u00a0\u00bb<\/p>\n<p>Lire aussi :<\/p>\n<p>Dans cet article<\/p>\n<p>Soyez le premier inform\u00e9 et souscrivez aux alertes mails pour recevoir les infos en temps r\u00e9el<\/p>\n<p>    S&rsquo;abonner aux alertes de news<\/p>\n","protected":false},"excerpt":{"rendered":"Cette fois, il n&rsquo;y a pas eu de miracle. \u00c1 nouveau en grande difficult\u00e9 depuis hier, apr\u00e8s l&rsquo;\u00e9claircie&hellip;\n","protected":false},"author":2,"featured_media":371472,"comment_status":"","ping_status":"","sticky":false,"template":"","format":"standard","meta":{"footnotes":""},"categories":[1413],"tags":[50554,25466,4950,1011,27,48377,1457,1456,1458,4951,60],"class_list":{"0":"post-371471","1":"post","2":"type-post","3":"status-publish","4":"format-standard","5":"has-post-thumbnail","7":"category-moto","8":"tag-bagnaia-au-plus-basu00a0u00a0je-naccepterai-jamais-cette-situation","9":"tag-circuit-de-barcelona-catalunya","10":"tag-ducati-team","11":"tag-fr","12":"tag-france","13":"tag-gp-de-catalogne","14":"tag-moto","15":"tag-motocycle","16":"tag-motogp","17":"tag-pecco-bagnaia","18":"tag-sports"},"share_on_mastodon":{"url":"https:\/\/pubeurope.com\/@fr\/115159341686515129","error":""},"_links":{"self":[{"href":"https:\/\/www.europesays.com\/fr\/wp-json\/wp\/v2\/posts\/371471","targetHints":{"allow":["GET"]}}],"collection":[{"href":"https:\/\/www.europesays.com\/fr\/wp-json\/wp\/v2\/posts"}],"about":[{"href":"https:\/\/www.europesays.com\/fr\/wp-json\/wp\/v2\/types\/post"}],"author":[{"embeddable":true,"href":"https:\/\/www.europesays.com\/fr\/wp-json\/wp\/v2\/users\/2"}],"replies":[{"embeddable":true,"href":"https:\/\/www.europesays.com\/fr\/wp-json\/wp\/v2\/comments?post=371471"}],"version-history":[{"count":0,"href":"https:\/\/www.europesays.com\/fr\/wp-json\/wp\/v2\/posts\/371471\/revisions"}],"wp:featuredmedia":[{"embeddable":true,"href":"https:\/\/www.europesays.com\/fr\/wp-json\/wp\/v2\/media\/371472"}],"wp:attachment":[{"href":"https:\/\/www.europesays.com\/fr\/wp-json\/wp\/v2\/media?parent=371471"}],"wp:term":[{"taxonomy":"category","embeddable":true,"href":"https:\/\/www.europesays.com\/fr\/wp-json\/wp\/v2\/categories?post=371471"},{"taxonomy":"post_tag","embeddable":true,"href":"https:\/\/www.europesays.com\/fr\/wp-json\/wp\/v2\/tags?post=371471"}],"curies":[{"name":"wp","href":"https:\/\/api.w.org\/{rel}","templated":true}]}}