{"id":371473,"date":"2025-09-06T20:54:11","date_gmt":"2025-09-06T20:54:11","guid":{"rendered":"https:\/\/www.europesays.com\/fr\/371473\/"},"modified":"2025-09-06T20:54:11","modified_gmt":"2025-09-06T20:54:11","slug":"en-direct-anisimova-sabalenka-debut-de-finale-dames-de-lus-open-tres-equilibrre","status":"publish","type":"post","link":"https:\/\/www.europesays.com\/fr\/371473\/","title":{"rendered":"EN DIRECT &#8211; Anisimova &#8211; Sabalenka : d\u00e9but de finale dames de l\u2019US Open tr\u00e8s \u00e9quilibrr\u00e9"},"content":{"rendered":"<p class=\"fig-paragraph\">C\u2019est la 10e rencontre entre ces deux joueuses et c\u2019est l\u2019outsider Anisimova qui m\u00e8ne 6 \u00e0 3. En 2025, les deux joeuusess en sont \u00e0 1-1. Si Sabalenka s\u2019est impos\u00e9e en 8es \u00e0 Roland-Garros (7-5, 6-3), l\u2019Am\u00e9ricaine a pris sa revanche \u00e0 Wimbledon, en demi-finale (6-4, 4-6, 6-4). \u00ab\u00c0 Wimbledon, j\u2019ai l\u2019impression d\u2019avoir beaucoup dout\u00e9 de mes d\u00e9cisions, c\u2019est la principale raison qui a caus\u00e9 mes nombreuses fautes directes\u00bb. Anisimova \u00aba bien s\u00fbr jou\u00e9 un tennis incroyable, (mais) je lui ai donn\u00e9 beaucoup d\u2019occasions\u00bb, a analys\u00e9 la native de Minsk.<\/p>\n","protected":false},"excerpt":{"rendered":"C\u2019est la 10e rencontre entre ces deux joueuses et c\u2019est l\u2019outsider Anisimova qui m\u00e8ne 6 \u00e0 3. En&hellip;\n","protected":false},"author":2,"featured_media":371474,"comment_status":"","ping_status":"","sticky":false,"template":"","format":"standard","meta":{"footnotes":""},"categories":[1412],"tags":[47,4169,105,1451,2199,1452,1453,1454,1455,1011,27,1114,35225,1960,1980,60,1467,4172,4170],"class_list":{"0":"post-371473","1":"post","2":"type-post","3":"status-publish","4":"format-standard","5":"has-post-thumbnail","7":"category-f1","8":"tag-actualite","9":"tag-atp","10":"tag-djokovic","11":"tag-f1","12":"tag-federer","13":"tag-formula-1","14":"tag-formula1","15":"tag-formule-1","16":"tag-formule1","17":"tag-fr","18":"tag-france","19":"tag-infos","20":"tag-murray","21":"tag-nadal","22":"tag-resultats","23":"tag-sports","24":"tag-tennis","25":"tag-us-open","26":"tag-wta"},"share_on_mastodon":{"url":"https:\/\/pubeurope.com\/@fr\/115159345584972308","error":""},"_links":{"self":[{"href":"https:\/\/www.europesays.com\/fr\/wp-json\/wp\/v2\/posts\/371473","targetHints":{"allow":["GET"]}}],"collection":[{"href":"https:\/\/www.europesays.com\/fr\/wp-json\/wp\/v2\/posts"}],"about":[{"href":"https:\/\/www.europesays.com\/fr\/wp-json\/wp\/v2\/types\/post"}],"author":[{"embeddable":true,"href":"https:\/\/www.europesays.com\/fr\/wp-json\/wp\/v2\/users\/2"}],"replies":[{"embeddable":true,"href":"https:\/\/www.europesays.com\/fr\/wp-json\/wp\/v2\/comments?post=371473"}],"version-history":[{"count":0,"href":"https:\/\/www.europesays.com\/fr\/wp-json\/wp\/v2\/posts\/371473\/revisions"}],"wp:featuredmedia":[{"embeddable":true,"href":"https:\/\/www.europesays.com\/fr\/wp-json\/wp\/v2\/media\/371474"}],"wp:attachment":[{"href":"https:\/\/www.europesays.com\/fr\/wp-json\/wp\/v2\/media?parent=371473"}],"wp:term":[{"taxonomy":"category","embeddable":true,"href":"https:\/\/www.europesays.com\/fr\/wp-json\/wp\/v2\/categories?post=371473"},{"taxonomy":"post_tag","embeddable":true,"href":"https:\/\/www.europesays.com\/fr\/wp-json\/wp\/v2\/tags?post=371473"}],"curies":[{"name":"wp","href":"https:\/\/api.w.org\/{rel}","templated":true}]}}