{"id":371481,"date":"2025-09-06T20:59:14","date_gmt":"2025-09-06T20:59:14","guid":{"rendered":"https:\/\/www.europesays.com\/fr\/371481\/"},"modified":"2025-09-06T20:59:14","modified_gmt":"2025-09-06T20:59:14","slug":"une-rentree-sous-le-signe-de-la-lecture","status":"publish","type":"post","link":"https:\/\/www.europesays.com\/fr\/371481\/","title":{"rendered":"Une rentr\u00e9e sous le signe de la lecture"},"content":{"rendered":"<p>Le Conseil d\u00e9partemental de la Meuse a proc\u00e9d\u00e9, le 2 septembre, au coll\u00e8ge Emilie-Carles \u00e0 l\u2019op\u00e9ration \u201cDes livres pour le CDI\u201d. Ainsi, pour le repr\u00e9senter, Jean-Louis Canova, H\u00e9l\u00e8ne Sigot-Lemoine et Agn\u00e8s Pereira sont venus remettre des ouvrages aux \u00e9l\u00e8ves, en pr\u00e9sence de Dominique Cardon, adjointe ancervilloise pour l\u2019Education et la Jeunesse, la principale du coll\u00e8ge Muriel Lecoq et les enseignants et agents administratifs concern\u00e9s.<\/p>\n<p>\u00ab\u00a0Comme chaque ann\u00e9e, \u00e0 la rentr\u00e9e, et tout particuli\u00e8rement depuis deux ans \u00e0 destination des 6e sur mon initiative\u00a0\u00bb, explique H\u00e9l\u00e8ne Sigot-Lemoine, \u00ab\u00a0le Conseil d\u00e9partemental offre quelques babioles aux \u00e9tablissements sous sa coupe. Il nous est apparu judicieux de les remplacer par des livres, choisis par la vice-pr\u00e9sidente du Conseil d\u00e9partemental Marie-Paule Soubrier avec la complicit\u00e9 de la Biblioth\u00e8que D\u00e9partementale de Meuse\u00a0\u00bb.<\/p>\n<p>H\u00e9l\u00e8ne Sigot-Lemoine a expliqu\u00e9 succinctement aux nouveaux coll\u00e9giens le r\u00f4le du Conseil d\u00e9partemental \u00e0 travers les investissements et les interventions qu\u2019il peut r\u00e9aliser dans le coll\u00e8ge tout en indiquant que toutes les informations sont accessibles via le portail Internet de l\u2019instance d\u00e9partementale.<\/p>\n<p>Les conseillers d\u00e9partementaux se sont improvis\u00e9s porte-parole du pr\u00e9sident du Conseil d\u00e9partemental, J\u00e9r\u00f4me Dumont, qui a souhait\u00e9 aux coll\u00e9giens \u00ab\u00a0des moments d\u2019\u00e9vasion, de r\u00eave et de d\u00e9couverte\u00a0\u00bb.<\/p>\n<ul class=\"splide__list\">\n<li class=\"splide__slide\">\n                    <img decoding=\"async\" src=\"https:\/\/www.europesays.com\/fr\/wp-content\/uploads\/2025\/09\/917347.HR_.jpg\" alt=\"\"\/><br \/>\n                                            Le choix \u00e9tait vari\u00e9, \u00e0 destination des adolescents.\n                                    <\/li>\n<li class=\"splide__slide\">\n                    <img decoding=\"async\" src=\"https:\/\/www.europesays.com\/fr\/wp-content\/uploads\/2025\/09\/917348.HR_.jpg\" alt=\"\"\/><br \/>\n                                            De gauche \u00e0 droite, Dominique Cardon, Agn\u00e8s Pereira, H\u00e9l\u00e8ne Sigot-Lemoine, Jean-Louis Canova, Myriam Lecoq et Gwena\u00eblle Henry.\n                                    <\/li>\n<\/ul>\n<ul class=\"splide__list\">\n<li class=\"splide__slide\">\n                    <img decoding=\"async\" src=\"https:\/\/www.europesays.com\/fr\/wp-content\/uploads\/2025\/09\/917347.HR_-150x150.jpg\" alt=\"\"\/>\n                <\/li>\n<li class=\"splide__slide\">\n                    <img decoding=\"async\" src=\"https:\/\/www.europesays.com\/fr\/wp-content\/uploads\/2025\/09\/917348.HR_-150x150.jpg\" alt=\"\"\/>\n                <\/li>\n<\/ul>\n","protected":false},"excerpt":{"rendered":"Le Conseil d\u00e9partemental de la Meuse a proc\u00e9d\u00e9, le 2 septembre, au coll\u00e8ge Emilie-Carles \u00e0 l\u2019op\u00e9ration \u201cDes livres&hellip;\n","protected":false},"author":2,"featured_media":371482,"comment_status":"","ping_status":"","sticky":false,"template":"","format":"standard","meta":{"footnotes":""},"categories":[1357],"tags":[1379,58,59,1011,27,1380],"class_list":{"0":"post-371481","1":"post","2":"type-post","3":"status-publish","4":"format-standard","5":"has-post-thumbnail","7":"category-livres","8":"tag-books","9":"tag-divertissement","10":"tag-entertainment","11":"tag-fr","12":"tag-france","13":"tag-livres"},"share_on_mastodon":{"url":"https:\/\/pubeurope.com\/@fr\/115159365555480183","error":""},"_links":{"self":[{"href":"https:\/\/www.europesays.com\/fr\/wp-json\/wp\/v2\/posts\/371481","targetHints":{"allow":["GET"]}}],"collection":[{"href":"https:\/\/www.europesays.com\/fr\/wp-json\/wp\/v2\/posts"}],"about":[{"href":"https:\/\/www.europesays.com\/fr\/wp-json\/wp\/v2\/types\/post"}],"author":[{"embeddable":true,"href":"https:\/\/www.europesays.com\/fr\/wp-json\/wp\/v2\/users\/2"}],"replies":[{"embeddable":true,"href":"https:\/\/www.europesays.com\/fr\/wp-json\/wp\/v2\/comments?post=371481"}],"version-history":[{"count":0,"href":"https:\/\/www.europesays.com\/fr\/wp-json\/wp\/v2\/posts\/371481\/revisions"}],"wp:featuredmedia":[{"embeddable":true,"href":"https:\/\/www.europesays.com\/fr\/wp-json\/wp\/v2\/media\/371482"}],"wp:attachment":[{"href":"https:\/\/www.europesays.com\/fr\/wp-json\/wp\/v2\/media?parent=371481"}],"wp:term":[{"taxonomy":"category","embeddable":true,"href":"https:\/\/www.europesays.com\/fr\/wp-json\/wp\/v2\/categories?post=371481"},{"taxonomy":"post_tag","embeddable":true,"href":"https:\/\/www.europesays.com\/fr\/wp-json\/wp\/v2\/tags?post=371481"}],"curies":[{"name":"wp","href":"https:\/\/api.w.org\/{rel}","templated":true}]}}