{"id":371483,"date":"2025-09-06T21:00:13","date_gmt":"2025-09-06T21:00:13","guid":{"rendered":"https:\/\/www.europesays.com\/fr\/371483\/"},"modified":"2025-09-06T21:00:13","modified_gmt":"2025-09-06T21:00:13","slug":"francois-bayrou-a-cran-dans-une-enieme-interview-tele-deux-jours-avant-le-vote-de-confiance","status":"publish","type":"post","link":"https:\/\/www.europesays.com\/fr\/371483\/","title":{"rendered":"Fran\u00e7ois Bayrou \u00e0 cran dans une \u00e9ni\u00e8me interview t\u00e9l\u00e9, deux jours avant le vote de confiance"},"content":{"rendered":"<p class=\"mb-4 text-lg md:leading-8 break-words\">POLITIQUE &#8211; Un Premier ministre \u00e0 cran. Alors qu\u2019il multiplie les interventions t\u00e9l\u00e9vis\u00e9es avant le vote de confiance, <a href=\"https:\/\/fr.news.yahoo.com\/suppression-jours-f%C3%A9ri%C3%A9s-fran%C3%A7ois-bayrou-100427650.html\" data-ylk=\"slk:Fran\u00e7ois Bayrou;elm:context_link;itc:0;sec:content-canvas;outcm:mb_qualified_link;_E:mb_qualified_link;ct:story;\" class=\"link  yahoo-link\" rel=\"nofollow noopener\" target=\"_blank\">Fran\u00e7ois Bayrou<\/a> s\u2019est montr\u00e9 particuli\u00e8rement agac\u00e9 par les questions des journalistes de<a href=\"https:\/\/fr.news.yahoo.com\/c-%C3%A0-mohamed-bouhafsi-d%C3%A9ment-144734875.html\" data-ylk=\"slk:C \u00e0 Vous;elm:context_link;itc:0;sec:content-canvas;outcm:mb_qualified_link;_E:mb_qualified_link;ct:story;\" class=\"link  yahoo-link\" rel=\"nofollow noopener\" target=\"_blank\"> C \u00e0 Vous<\/a>, o\u00f9 il \u00e9tait invit\u00e9 ce samedi 6\u00a0septembre.<\/p>\n<p class=\"mb-4 text-lg md:leading-8 break-words\">D\u00e8s le d\u00e9but de l\u2019\u00e9mission diffus\u00e9e sur France 5, un \u00e9dito de Ya\u00ebl Goosz a braqu\u00e9 Fran\u00e7ois Bayrou. \u00ab\u00a0Soit c\u2019est l\u2019histoire d\u2019une chute qui \u00e9tait programm\u00e9e (\u2026) Soit c\u2019est un plan qui a d\u00e9raill\u00e9\u00a0\u00bb, affirme notamment le journaliste dans sa chronique. Le chef du service politique de France Inter continue ensuite \u00e0 \u00e9grener les \u00ab\u00a0erreurs\u00a0\u00bb du chef du gouvernement.<\/p>\n<p class=\"mb-4 text-lg md:leading-8 break-words\"><a href=\"https:\/\/fr.news.yahoo.com\/c-chant-cygne-bayrou-fait-040015329.html\" data-ylk=\"slk:\u00ab\u00a0C\u2019est le chant du cygne\u00a0\u00bb\u00a0: Bayrou fait une interview par jour et un communicant analyse cette strat\u00e9gie;elm:context_link;itc:0;sec:content-canvas;outcm:mb_qualified_link;_E:mb_qualified_link;ct:story;\" class=\"link  yahoo-link\" rel=\"nofollow noopener\" target=\"_blank\"> \u00ab\u00a0C\u2019est le chant du cygne\u00a0\u00bb\u00a0: Bayrou fait une interview par jour et un communicant analyse cette strat\u00e9gie <\/a><\/p>\n<p class=\"mb-4 text-lg md:leading-8 break-words\">\u00ab\u00a0On est oblig\u00e9s de supporter comme \u00e7a, des affirmations de quelqu\u2019un qui n\u2019a aucune exp\u00e9rience et qui ne sait pas de quoi il parle\u00a0?\u00a0\u00bb, riposte alors Fran\u00e7ois Bayrou. \u00ab\u00a0Vous ne comprenez pas que c\u2019est g\u00eanant pour ceux qui vous \u00e9coutent\u00a0\u00bb, ajoute-t-il.<\/p>\n<p>\u00ab\u00a0Cela s\u2019appelle un \u00e9dito\u00a0\u00bb<\/p>\n<p class=\"mb-4 text-lg md:leading-8 break-words\">Mohamed Bouhafsi, \u00e0 la t\u00eate de l\u2019\u00e9mission le week-end, tente une premi\u00e8re fois de calmer le jeu\u00a0: \u00ab\u00a0Cela s\u2019appelle un \u00e9dito, Ya\u00ebl Goosz exprime son ressenti et vous avez le droit de r\u00e9pondre\u00a0\u00bb. Sans succ\u00e8s.<\/p>\n<p class=\"mb-4 text-lg md:leading-8 break-words\">Apr\u00e8s le marathon m\u00e9diatique auquel s\u2019est soumis Fran\u00e7ois Bayrou ces derniers jours, encha\u00eenant intervention au journal de 20\u00a0heures et prise de parole en simultan\u00e9e sur toutes les cha\u00eenes d\u2019informations, Mohamed Bouhafsi lui demande la raison de sa venue ce soir.<\/p>\n<p class=\"mb-4 text-lg md:leading-8 break-words\">\u00ab\u00a0Je vous trouve gonfl\u00e9, r\u00e9torque Fran\u00e7ois Bayrou. Je suis l\u00e0 parce que vous m\u2019avez invit\u00e9. Vous \u00eates venu dans mon bureau pour m\u2019expliquer qu\u2019il fallait que je vienne\u00a0pour une \u00e9mission o\u00f9 vous aviez envie et besoin de me rencontrer et maintenant vous me demandez\u00a0\u201cpourquoi vous \u00eates-l\u00e0\u201d\u00a0?\u00a0\u00bb. \u00ab\u00a0Est-ce qu\u2019on peut sortir de jeux de r\u00f4le\u00a0\u00bb, lance encore le chef de l\u2019ex\u00e9cutif. Si l\u2019\u00e9mission s\u2019est poursuivie, l\u2019ambiance est rest\u00e9e relativement tendue.<\/p>\n<p class=\"mb-4 text-lg md:leading-8 break-words\">Sauf \u00e9norme surprise, le vote de confiance pr\u00e9vu le 8\u00a0septembre devrait \u00eatre emport\u00e9 par la convergence des votes contre des oppositions quasi unanimes, de gauche et d\u2019extr\u00eame droite.<\/p>\n<p class=\"mb-4 text-lg md:leading-8 break-words\"><a href=\"https:\/\/fr.news.yahoo.com\/fran%C3%A7ois-bayrou-va-s-adresser-131734203.html\" data-ylk=\"slk:Fran\u00e7ois Bayrou va s\u2019adresser aux Fran\u00e7ais comme personne avant lui;elm:context_link;itc:0;sec:content-canvas;outcm:mb_qualified_link;_E:mb_qualified_link;ct:story;\" class=\"link  yahoo-link\" rel=\"nofollow noopener\" target=\"_blank\"> Fran\u00e7ois Bayrou va s\u2019adresser aux Fran\u00e7ais comme personne avant lui <\/a><\/p>\n<p class=\"mb-4 text-lg md:leading-8 break-words\"><a href=\"https:\/\/fr.news.yahoo.com\/dissolution-d%C3%A9mission-macron-fran%C3%A7ais-pr%C3%A9f%C3%A9rence-050015925.html\" data-ylk=\"slk:Dissolution ou d\u00e9mission de Macron\u00a0? Les Fran\u00e7ais ont une pr\u00e9f\u00e9rence en cas de chute de Bayrou - EXCLUSIF;elm:context_link;itc:0;sec:content-canvas;outcm:mb_qualified_link;_E:mb_qualified_link;ct:story;\" class=\"link  yahoo-link\" rel=\"nofollow noopener\" target=\"_blank\"> Dissolution ou d\u00e9mission de Macron\u00a0? Les Fran\u00e7ais ont une pr\u00e9f\u00e9rence en cas de chute de Bayrou &#8211; EXCLUSIF <\/a><\/p>\n","protected":false},"excerpt":{"rendered":"POLITIQUE &#8211; Un Premier ministre \u00e0 cran. Alors qu\u2019il multiplie les interventions t\u00e9l\u00e9vis\u00e9es avant le vote de confiance,&hellip;\n","protected":false},"author":2,"featured_media":371484,"comment_status":"","ping_status":"","sticky":false,"template":"","format":"standard","meta":{"footnotes":""},"categories":[1356],"tags":[58,59,1011,27,9102,431,50555,2493,24618,3363,252,1364,49393],"class_list":{"0":"post-371483","1":"post","2":"type-post","3":"status-publish","4":"format-standard","5":"has-post-thumbnail","7":"category-television","8":"tag-divertissement","9":"tag-entertainment","10":"tag-fr","11":"tag-france","12":"tag-france-inter","13":"tag-francois-bayrou","14":"tag-interventions-televisees","15":"tag-le-chef","16":"tag-mohamed-bouhafsi","17":"tag-premier-ministre","18":"tag-television","19":"tag-tv","20":"tag-vote-de-confiance"},"share_on_mastodon":{"url":"https:\/\/pubeurope.com\/@fr\/115159369227715630","error":""},"_links":{"self":[{"href":"https:\/\/www.europesays.com\/fr\/wp-json\/wp\/v2\/posts\/371483","targetHints":{"allow":["GET"]}}],"collection":[{"href":"https:\/\/www.europesays.com\/fr\/wp-json\/wp\/v2\/posts"}],"about":[{"href":"https:\/\/www.europesays.com\/fr\/wp-json\/wp\/v2\/types\/post"}],"author":[{"embeddable":true,"href":"https:\/\/www.europesays.com\/fr\/wp-json\/wp\/v2\/users\/2"}],"replies":[{"embeddable":true,"href":"https:\/\/www.europesays.com\/fr\/wp-json\/wp\/v2\/comments?post=371483"}],"version-history":[{"count":0,"href":"https:\/\/www.europesays.com\/fr\/wp-json\/wp\/v2\/posts\/371483\/revisions"}],"wp:featuredmedia":[{"embeddable":true,"href":"https:\/\/www.europesays.com\/fr\/wp-json\/wp\/v2\/media\/371484"}],"wp:attachment":[{"href":"https:\/\/www.europesays.com\/fr\/wp-json\/wp\/v2\/media?parent=371483"}],"wp:term":[{"taxonomy":"category","embeddable":true,"href":"https:\/\/www.europesays.com\/fr\/wp-json\/wp\/v2\/categories?post=371483"},{"taxonomy":"post_tag","embeddable":true,"href":"https:\/\/www.europesays.com\/fr\/wp-json\/wp\/v2\/tags?post=371483"}],"curies":[{"name":"wp","href":"https:\/\/api.w.org\/{rel}","templated":true}]}}