{"id":371487,"date":"2025-09-06T21:02:25","date_gmt":"2025-09-06T21:02:25","guid":{"rendered":"https:\/\/www.europesays.com\/fr\/371487\/"},"modified":"2025-09-06T21:02:25","modified_gmt":"2025-09-06T21:02:25","slug":"mauvaise-nouvelle-pour-la-suite-mais-peut-etre-pas-pour-la-saga","status":"publish","type":"post","link":"https:\/\/www.europesays.com\/fr\/371487\/","title":{"rendered":"mauvaise nouvelle pour la suite, mais peut-\u00eatre pas pour la saga ?"},"content":{"rendered":"<p><strong>La suite de <a href=\"https:\/\/www.ecranlarge.com\/films\/untitled-alien-romulus-sequel\" data-type=\"films\" data-id=\"1315794\" rel=\"nofollow noopener\" target=\"_blank\">Alien Romulus<\/a> arrive bient\u00f4t, mais son \u00e9quipe sera diff\u00e9rente du film r\u00e9alis\u00e9 par <a href=\"https:\/\/www.ecranlarge.com\/personnalite\/803819-fede-alvarez\" data-type=\"people\" data-id=\"439126\" rel=\"nofollow noopener\" target=\"_blank\">Fede \u00c1lvarez<\/a> avec <a href=\"https:\/\/www.ecranlarge.com\/personnalite\/965396-cailee-spaeny\" data-type=\"people\" data-id=\"473664\" rel=\"nofollow noopener\" target=\"_blank\">Cailee Spaeny<\/a>.<\/strong><\/p>\n<p>Alors que la diffusion de la s\u00e9rie <strong>Alien : Earth<\/strong> bat son plein sur Disney+, la suite du r\u00e9cent <strong>Romulus<\/strong> est en active pr\u00e9paration. Pour cause, le film sorti l\u2019ann\u00e9e pass\u00e9e, avec un budget officiel de production de 80 millions de dollars, a r\u00e9colt\u00e9 plus de 350 millions de recettes dans le monde. De quoi donner confiance \u00e0 Disney pour ses projets de suites, m\u00eame si <strong>la formule promet d\u2019\u00e9voluer<\/strong>.<\/p>\n<p>                    <img decoding=\"async\" alt=\"\" class=\"wp-image-518375\" style=\"object-fit:cover;width:25px;height:25px\" src=\"https:\/\/www.ecranlarge.com\/content\/uploads\/2023\/09\/arrow-right-circle.svg\"\/><\/p>\n<p>Alien Romulus 2 est en deuil<\/p>\n<p>En effet, lors d\u2019un r\u00e9cent entretien avec le m\u00e9dia TooFab, le r\u00e9alisateur et sc\u00e9nariste d\u2019<strong>Alien Romulus<\/strong>, Fede \u00c1lvarez, a donn\u00e9 des nouvelles de la suite. Le cin\u00e9aste de <strong>Don\u2019t Breathe<\/strong> et de l\u2019excellent <strong>Evil Dead<\/strong> version 2013 a confirm\u00e9 que malgr\u00e9 son active participation \u00e0 ce nouveau chapitre, il <strong>n\u2019en sera pas le metteur en sc\u00e8ne<\/strong> pour autant :<\/p>\n<blockquote class=\"wp-block-quote is-layout-flow wp-block-quote-is-layout-flow\">\n<p><strong>\u00ab\u00a0Nous venons de terminer le sc\u00e9nario d\u2019une suite de Romulus. Mais je vais passer le flambeau de la r\u00e9alisation. Je vais le produire avec Ridley Scott. [\u2026] Nous cherchons actuellement un nouveau cin\u00e9aste. C\u2019est g\u00e9n\u00e9ralement ce qui se passe, sauf dans le cas de Ridley [qui a r\u00e9alis\u00e9 trois films de la franchise, ndlr]. Un r\u00e9alisateur arrive, fait un film et passe le relais au suivant. Nous avons \u00e9crit cette histoire parce que nous aimons vraiment ce que nous avons commenc\u00e9 avec Romulus et que nous voulons continuer. Nous adorons le sc\u00e9nario et maintenant, nous cherchons un r\u00e9alisateur qui ait vraiment envie de frapper fort.\u00a0\u00bb<\/strong><\/p>\n<\/blockquote>\n<p><a href=\"https:\/\/www.ecranlarge.com\/content\/uploads\/2025\/02\/92rdwkkouetg8fhprv0bp4zw03q.jpg\" rel=\"nofollow noopener\" target=\"_blank\"><\/p>\n<p><img loading=\"lazy\" decoding=\"async\" alt=\"Cailee Spaeny alien romulus\" src=\"https:\/\/www.europesays.com\/fr\/wp-content\/uploads\/2025\/09\/92rdwkkouetg8fhprv0bp4zw03q-1260x709.jpg\" width=\"1260\" height=\"709\"  \/><\/p>\n<p><\/a>Quel\u00b7le cin\u00e9aste se tapit dans l\u2019ombre pour la suite ?<\/p>\n<p>Si <strong>Alien Romulus<\/strong> n\u2019est pas parfait, il a le m\u00e9rite d\u2019\u00eatre techniquement et esth\u00e9tiquement g\u00e9n\u00e9reux et abouti. Si la pr\u00e9sence de Fede \u00c1lvarez \u00e0 l\u2019\u00e9criture de cette suite promet une forme de continuit\u00e9, esp\u00e9rons que le\u00b7a prochain\u00b7e cin\u00e9aste soit <strong>\u00e0 la hauteur du savoir-faire et de la richesse<\/strong> du travail de son pr\u00e9d\u00e9cesseur. Rappelons qu\u2019une partie de l\u2019identit\u00e9 de la saga <strong>Alien<\/strong> s\u2019est longtemps incarn\u00e9e dans la diversit\u00e9 des cin\u00e9astes qui se sont appropri\u00e9s cet univers. Affaire \u00e0 suivre, donc.<\/p>\n","protected":false},"excerpt":{"rendered":"La suite de Alien Romulus arrive bient\u00f4t, mais son \u00e9quipe sera diff\u00e9rente du film r\u00e9alis\u00e9 par Fede \u00c1lvarez&hellip;\n","protected":false},"author":2,"featured_media":371488,"comment_status":"","ping_status":"","sticky":false,"template":"","format":"standard","meta":{"footnotes":""},"categories":[1354],"tags":[58,59,1346,1011,27,1360],"class_list":{"0":"post-371487","1":"post","2":"type-post","3":"status-publish","4":"format-standard","5":"has-post-thumbnail","7":"category-films","8":"tag-divertissement","9":"tag-entertainment","10":"tag-films","11":"tag-fr","12":"tag-france","13":"tag-movies"},"share_on_mastodon":{"url":"https:\/\/pubeurope.com\/@fr\/115159377168852199","error":""},"_links":{"self":[{"href":"https:\/\/www.europesays.com\/fr\/wp-json\/wp\/v2\/posts\/371487","targetHints":{"allow":["GET"]}}],"collection":[{"href":"https:\/\/www.europesays.com\/fr\/wp-json\/wp\/v2\/posts"}],"about":[{"href":"https:\/\/www.europesays.com\/fr\/wp-json\/wp\/v2\/types\/post"}],"author":[{"embeddable":true,"href":"https:\/\/www.europesays.com\/fr\/wp-json\/wp\/v2\/users\/2"}],"replies":[{"embeddable":true,"href":"https:\/\/www.europesays.com\/fr\/wp-json\/wp\/v2\/comments?post=371487"}],"version-history":[{"count":0,"href":"https:\/\/www.europesays.com\/fr\/wp-json\/wp\/v2\/posts\/371487\/revisions"}],"wp:featuredmedia":[{"embeddable":true,"href":"https:\/\/www.europesays.com\/fr\/wp-json\/wp\/v2\/media\/371488"}],"wp:attachment":[{"href":"https:\/\/www.europesays.com\/fr\/wp-json\/wp\/v2\/media?parent=371487"}],"wp:term":[{"taxonomy":"category","embeddable":true,"href":"https:\/\/www.europesays.com\/fr\/wp-json\/wp\/v2\/categories?post=371487"},{"taxonomy":"post_tag","embeddable":true,"href":"https:\/\/www.europesays.com\/fr\/wp-json\/wp\/v2\/tags?post=371487"}],"curies":[{"name":"wp","href":"https:\/\/api.w.org\/{rel}","templated":true}]}}