{"id":371498,"date":"2025-09-06T21:08:10","date_gmt":"2025-09-06T21:08:10","guid":{"rendered":"https:\/\/www.europesays.com\/fr\/371498\/"},"modified":"2025-09-06T21:08:10","modified_gmt":"2025-09-06T21:08:10","slug":"on-en-sait-un-peu-plus-sur-les-causes-de-laccident-qui-a-fait-16-morts","status":"publish","type":"post","link":"https:\/\/www.europesays.com\/fr\/371498\/","title":{"rendered":"on en sait un peu plus sur les causes de l&rsquo;accident qui a fait 16 morts"},"content":{"rendered":"<p>            Par<br \/>\n        <strong><br \/>\n            <a href=\"https:\/\/actu.fr\/auteur\/timotheelangevin\" title=\"Consulter tous les articles de Timoth\u00e9e L&#039;Angevin\" rel=\"nofollow noopener\" target=\"_blank\">Timoth\u00e9e L&rsquo;Angevin<\/a><br \/>\n        <\/strong><\/p>\n<p>        Publi\u00e9 le<\/p>\n<p>            6 sept. 2025 \u00e0 21h42        <\/p>\n<p>Trois jours aupr\u00e8s le terrible<strong><a href=\"https:\/\/actu.fr\/monde\/15-morts-et-23-blesses-ce-que-l-on-sait-du-deraillement-meurtrier-d-un-funiculaire-a-lisbonne_63114177.html\" rel=\"nofollow noopener\" target=\"_blank\"> drame du funiculaire de Lisbonne<\/a>,<\/strong> au Portugal, les enqu\u00eateurs l\u00e8vent le voile sur les causes de<a href=\"https:\/\/actu.fr\/monde\/je-n-oublierai-jamais-cet-enfant-ensanglante-temoin-de-l-accident-du-funiculaire-de-lisbonne-il-raconte_63123100.html\" rel=\"nofollow noopener\" target=\"_blank\"> l\u2019accident qui a<strong> tu\u00e9 16 personnes<\/strong><\/a>, dont une Fran\u00e7aise, et bless\u00e9 gri\u00e8vement cinq autres. Ce samedi 6 septembre 2025, ils ont donn\u00e9 les premi\u00e8res <a href=\"https:\/\/actu.fr\/monde\/une-tragedie-sans-precedent-au-moins-15-morts-dans-le-deraillement-d-un-funiculaire-a-lisbonne_63113992.html\" rel=\"nofollow noopener\" target=\"_blank\">conclusions de l\u2019enqu\u00eate<\/a>.<\/p>\n<p>\u00ab\u00a0D\u00e9connexion du c\u00e2ble\u00a0\u00bb<\/p>\n<p class=\" wall-content\">Ainsi, cet accident a suivi \u00ab\u00a0la d\u00e9connexion du c\u00e2ble entre les deux cabines\u00a0\u00bb qui \u00e9taient reli\u00e9es, selon une note publi\u00e9e samedi soir par le Bureau d\u2019enqu\u00eate sur les accidents a\u00e9riens et ferroviaires (GPIAAF).<\/p>\n<p class=\" wall-content\">Cependant, cette d\u00e9faillance n\u2019a pas \u00e9t\u00e9 per\u00e7ue avant le drame.\u00a0<\/p>\n<blockquote class=\"ac-article-quote wall-content\">\n<p>L&rsquo;inspection visuelle programm\u00e9e, r\u00e9alis\u00e9e le matin du jour de l&rsquo;accident, n&rsquo;a d\u00e9tect\u00e9 aucune anomalie sur le c\u00e2ble.<\/p>\n<p>    <strong>GPIAAF<\/strong>\n            <\/p><\/blockquote>\n<p class=\" wall-content\">Plus d\u2019infos \u00e0 venir\u2026<\/p>\n<p class=\" wall-content\"><strong>Avec AFP<\/strong><\/p>\n<p class=\" wall-content\">Personnalisez votre actualit\u00e9 en ajoutant vos villes et m\u00e9dias en favori avec <a href=\"https:\/\/moncompte.actu.fr\" title=\"D\u00e9couvez Mon Actu\" rel=\"nofollow noopener\" data-trk=\"{&quot;cta&quot;:{&quot;action&quot;:&quot;https:\\\/\\\/moncompte.actu.fr&quot;,&quot;category&quot;:&quot;mon compte&quot;,&quot;from&quot;:&quot;article footer&quot;,&quot;name&quot;:&quot;Mon actu&quot;,&quot;type&quot;:&quot;cta&quot;}}\" target=\"_blank\">Mon Actu<\/a>.<\/p>\n","protected":false},"excerpt":{"rendered":"Par Timoth\u00e9e L&rsquo;Angevin Publi\u00e9 le 6 sept. 2025 \u00e0 21h42 Trois jours aupr\u00e8s le terrible drame du funiculaire&hellip;\n","protected":false},"author":2,"featured_media":371499,"comment_status":"","ping_status":"","sticky":false,"template":"","format":"standard","meta":{"footnotes":""},"categories":[5],"tags":[119,11,1011,27,14,74,12,6996,28],"class_list":{"0":"post-371498","1":"post","2":"type-post","3":"status-publish","4":"format-standard","5":"has-post-thumbnail","7":"category-international","8":"tag-accident","9":"tag-actualites","10":"tag-fr","11":"tag-france","12":"tag-international","13":"tag-monde","14":"tag-news","15":"tag-portugal","16":"tag-world"},"share_on_mastodon":{"url":"https:\/\/pubeurope.com\/@fr\/115159400724518671","error":""},"_links":{"self":[{"href":"https:\/\/www.europesays.com\/fr\/wp-json\/wp\/v2\/posts\/371498","targetHints":{"allow":["GET"]}}],"collection":[{"href":"https:\/\/www.europesays.com\/fr\/wp-json\/wp\/v2\/posts"}],"about":[{"href":"https:\/\/www.europesays.com\/fr\/wp-json\/wp\/v2\/types\/post"}],"author":[{"embeddable":true,"href":"https:\/\/www.europesays.com\/fr\/wp-json\/wp\/v2\/users\/2"}],"replies":[{"embeddable":true,"href":"https:\/\/www.europesays.com\/fr\/wp-json\/wp\/v2\/comments?post=371498"}],"version-history":[{"count":0,"href":"https:\/\/www.europesays.com\/fr\/wp-json\/wp\/v2\/posts\/371498\/revisions"}],"wp:featuredmedia":[{"embeddable":true,"href":"https:\/\/www.europesays.com\/fr\/wp-json\/wp\/v2\/media\/371499"}],"wp:attachment":[{"href":"https:\/\/www.europesays.com\/fr\/wp-json\/wp\/v2\/media?parent=371498"}],"wp:term":[{"taxonomy":"category","embeddable":true,"href":"https:\/\/www.europesays.com\/fr\/wp-json\/wp\/v2\/categories?post=371498"},{"taxonomy":"post_tag","embeddable":true,"href":"https:\/\/www.europesays.com\/fr\/wp-json\/wp\/v2\/tags?post=371498"}],"curies":[{"name":"wp","href":"https:\/\/api.w.org\/{rel}","templated":true}]}}