{"id":37150,"date":"2025-04-19T18:59:20","date_gmt":"2025-04-19T18:59:20","guid":{"rendered":"https:\/\/www.europesays.com\/fr\/37150\/"},"modified":"2025-04-19T18:59:20","modified_gmt":"2025-04-19T18:59:20","slug":"pierre-mignoni-prolonge-a-toulon-jusquen-2029","status":"publish","type":"post","link":"https:\/\/www.europesays.com\/fr\/37150\/","title":{"rendered":"Pierre Mignoni prolonge \u00e0 Toulon jusqu&rsquo;en 2029"},"content":{"rendered":"<p>Le directeur du rugby du Rugby Club Toulonnais <a href=\"https:\/\/www.laprovence.com\/article\/sports\/2386793184772615\/rugby-champions-cup-la-fin-est-cruelle-juge-pierre-mignoni-apres-lelimination-de-toulon-face-a-toulouse\" target=\"_blank\" rel=\"noopener\">Pierre Mignoni<\/a> a prolong\u00e9 son contrat jusqu&rsquo;en 2029 a annonc\u00e9 vendredi le RCT. \u00ab\u00a0Il porte en lui l&rsquo;histoire de notre club et son identit\u00e9. Ensemble, nous partageons l&rsquo;ambition et la volont\u00e9 de b\u00e2tir une \u0153uvre durable comme en t\u00e9moigne sa prolongation sur le long terme\u00a0\u00bb, a d\u00e9clar\u00e9 le pr\u00e9sident du club Bernard Lema\u00eetre dans un communiqu\u00e9, esp\u00e9rant \u00ab\u00a0retrouver les sommets du rugby fran\u00e7ais\u00a0\u00bb.<\/p>\n<p>Revenu sur la Rade en 2022, sept ans apr\u00e8s son d\u00e9part pour Lyon, le technicien de 48 ans confirme ainsi son attachement \u00e0 la formation varoise apr\u00e8s lui avoir permis de retrouver la phase finale de Top 14 la saison derni\u00e8re et <a href=\"https:\/\/www.laprovence.com\/article\/sports\/2384481537978715\/rugby-champions-cup-le-rc-toulon-tombe-a-la-derniere-minute-en-quart-de-finale-contre-toulouse\" target=\"_blank\" rel=\"noopener\">celle de Champions Cup cette ann\u00e9e<\/a>. \u00ab\u00a0C&rsquo;est un honneur et une immense fiert\u00e9 de prolonger mon engagement avec le RCT. Ce club, c&rsquo;est chez moi\u00a0\u00bb, a r\u00e9agi Pierre Mignoni sur le site du club \u00ab\u00a0L&rsquo;enfant du pays\u00a0\u00bb, comme il est surnomm\u00e9, restera li\u00e9 au RCT pour les quatre prochaines saisons, apr\u00e8s y avoir r\u00e9alis\u00e9 ses d\u00e9buts et ses derniers pas en 2011 en tant que joueur.<\/p>\n<p>Il y avait lanc\u00e9 sa reconversion en tant qu&rsquo;entra\u00eeneur des arri\u00e8res jusqu&rsquo;en 2015. Cette annonce conclut une semaine riche en renouvellements de contrats dans le Var avec les deuxi\u00e8mes ligne Matthias Halagahu (2027) et <a href=\"https:\/\/www.laprovence.com\/article\/sports\/57901546443408\/rugby-le-rct-annonce-la-prolongation-jusquen-2028-du-port-de-boucain-swan-rebbadj\" target=\"_blank\" rel=\"noopener\">Swan Rebbadj (2028)<\/a>, le trois-quarts centre <a href=\"https:\/\/www.laprovence.com\/article\/sports\/18800862001451\/rugby-le-rct-annonce-la-prolongation-jusquen-2027-de-mathieu-smaili\" target=\"_blank\" rel=\"noopener\">Mathieu Smaili <\/a>(2027) et l&rsquo;arri\u00e8re Marius Domon (2028).<\/p>\n","protected":false},"excerpt":{"rendered":"Le directeur du rugby du Rugby Club Toulonnais Pierre Mignoni a prolong\u00e9 son contrat jusqu&rsquo;en 2029 a annonc\u00e9&hellip;\n","protected":false},"author":2,"featured_media":37151,"comment_status":"","ping_status":"","sticky":false,"template":"","format":"standard","meta":{"footnotes":""},"categories":[9619],"tags":[17,11854,1111,11,1777,674,1011,27,11853,11851,12,11850,11852,882,25,479,60,2310],"class_list":{"0":"post-37150","1":"post","2":"type-post","3":"status-publish","4":"format-standard","5":"has-post-thumbnail","7":"category-toulon","8":"tag-17","9":"tag-11854","10":"tag-actu","11":"tag-actualites","12":"tag-eu","13":"tag-europe","14":"tag-fr","15":"tag-france","16":"tag-jusquen","17":"tag-mignoni","18":"tag-news","19":"tag-pierre","20":"tag-prolonge","21":"tag-provence-alpes-cote-dazur","22":"tag-republique-francaise","23":"tag-rugby","24":"tag-sports","25":"tag-toulon"},"share_on_mastodon":{"url":"https:\/\/pubeurope.com\/@fr\/114366169961079317","error":""},"_links":{"self":[{"href":"https:\/\/www.europesays.com\/fr\/wp-json\/wp\/v2\/posts\/37150","targetHints":{"allow":["GET"]}}],"collection":[{"href":"https:\/\/www.europesays.com\/fr\/wp-json\/wp\/v2\/posts"}],"about":[{"href":"https:\/\/www.europesays.com\/fr\/wp-json\/wp\/v2\/types\/post"}],"author":[{"embeddable":true,"href":"https:\/\/www.europesays.com\/fr\/wp-json\/wp\/v2\/users\/2"}],"replies":[{"embeddable":true,"href":"https:\/\/www.europesays.com\/fr\/wp-json\/wp\/v2\/comments?post=37150"}],"version-history":[{"count":0,"href":"https:\/\/www.europesays.com\/fr\/wp-json\/wp\/v2\/posts\/37150\/revisions"}],"wp:featuredmedia":[{"embeddable":true,"href":"https:\/\/www.europesays.com\/fr\/wp-json\/wp\/v2\/media\/37151"}],"wp:attachment":[{"href":"https:\/\/www.europesays.com\/fr\/wp-json\/wp\/v2\/media?parent=37150"}],"wp:term":[{"taxonomy":"category","embeddable":true,"href":"https:\/\/www.europesays.com\/fr\/wp-json\/wp\/v2\/categories?post=37150"},{"taxonomy":"post_tag","embeddable":true,"href":"https:\/\/www.europesays.com\/fr\/wp-json\/wp\/v2\/tags?post=37150"}],"curies":[{"name":"wp","href":"https:\/\/api.w.org\/{rel}","templated":true}]}}