{"id":371500,"date":"2025-09-06T21:09:08","date_gmt":"2025-09-06T21:09:08","guid":{"rendered":"https:\/\/www.europesays.com\/fr\/371500\/"},"modified":"2025-09-06T21:09:08","modified_gmt":"2025-09-06T21:09:08","slug":"une-voiture-percute-des-pietons-dans-la-manche-au-moins-un-mort-et-trois-blesses-graves","status":"publish","type":"post","link":"https:\/\/www.europesays.com\/fr\/371500\/","title":{"rendered":"Une voiture percute des pi\u00e9tons dans la Manche, au moins un mort et trois bless\u00e9s graves"},"content":{"rendered":"<p>Une voiture a percut\u00e9 la terrasse d&rsquo;une pizzeria de Pirou, dans la Manche. Le conducteur aurait fait un malaise, selon le procureur, qui exclut la \u00ab\u00a0th\u00e8se volontaire\u00a0\u00bb.<\/p>\n<p>Une voiture a percut\u00e9 des pi\u00e9tons samedi 6 septembre dans l&rsquo;apr\u00e8s-midi \u00e0 Pirou, dans <a href=\"https:\/\/www.bfmtv.com\/normandie\/une-enquete-ouverte-apres-la-decouverte-d-un-corps-sur-une-plage-dans-la-manche_AN-202509050399.html\" title=\"Une enqu\u00eate ouverte apr\u00e8s la d\u00e9couverte d&#039;un corps sur une plage dans la Manche\" class=\"internal_link\" rel=\"nofollow noopener\" target=\"_blank\">la Manche<\/a>, tuant une personne faisant trois bless\u00e9s graves, a appris l&rsquo;AFP aupr\u00e8s de la pr\u00e9fecture de la Manche.<\/p>\n<p>\u00ab\u00a0Des premiers \u00e9l\u00e9ments recueillis, il semblerait que le conducteur du v\u00e9hicule \u00e0 bo\u00eete automatique ait fait un malaise. Le v\u00e9hicule a poursuivi la route sur plusieurs m\u00e8tres avant de percuter un groupe de personnes. Une femme est d\u00e9c\u00e9d\u00e9e, trois autres personnes sont en urgence absolue\u00a0\u00bb, a indiqu\u00e9 le procureur de Coutances, Gauthier Poupeau.<\/p>\n<blockquote class=\"embed embed_quote\"><p>\u00ab\u00a0La th\u00e8se volontaire est formellement exclue\u00a0\u00bb, a-t-il soulign\u00e9.<\/p><\/blockquote>\n<p>\u00ab\u00a0J&rsquo;ai vu des corps voler\u00a0\u00bb<\/p>\n<p>Selon <a href=\"https:\/\/www.ouest-france.fr\/faits-divers\/accidents\/une-voiture-fonce-sur-la-terrasse-dun-restaurant-en-normandie-un-mort-et-des-personnes-blessees-abd262a2-8b45-11f0-a86a-c405a2987708\" target=\"_blank\" class=\"external_link\" rel=\"nofollow noopener\">Ouest-France,<\/a> le v\u00e9hicule a percut\u00e9 dans sa course la terrasse d&rsquo;une pizzeria proche du front de mer de Pirou. Selon les images d&rsquo;une webcam filmant la plage, la voiture a termin\u00e9 couch\u00e9e sur le flanc, sur la route longeant la plage.<\/p>\n<blockquote class=\"embed embed_quote\"><p>\u00ab\u00a0La voiture vient \u00e0 peu pr\u00e8s \u00e0 90-100 km\/h, \u00e7a a \u00e9t\u00e9 tr\u00e8s vite et j&rsquo;ai vu au moins deux corps voler. C&rsquo;\u00e9tait impressionant\u00a0\u00bb, a t\u00e9moign\u00e9 pour BFMTV St\u00e9phanie Danjoux, g\u00e9rante d&rsquo;un bar tabac, \u00e0 proximit\u00e9 des lieux de l&rsquo;accident, et qui a assist\u00e9 \u00e0 la sc\u00e8ne.<\/p><\/blockquote>\n<p>Les pompiers, arriv\u00e9s sur place peu apr\u00e8s 17 heures ont pris en charge six victimes au total, quatre pi\u00e9tons et les deux occupants de la voiture, a de son c\u00f4t\u00e9 indiqu\u00e9 la pr\u00e9fecture de la Manche. Les secours, dont plus d&rsquo;une trentaine de sapeurs-pompiers, sont intervenus dans une rue proche de la plage de Pirou.<\/p>\n","protected":false},"excerpt":{"rendered":"Une voiture a percut\u00e9 la terrasse d&rsquo;une pizzeria de Pirou, dans la Manche. Le conducteur aurait fait un&hellip;\n","protected":false},"author":2,"featured_media":56184,"comment_status":"","ping_status":"","sticky":false,"template":"","format":"standard","meta":{"footnotes":""},"categories":[4],"tags":[11,1011,27,12,25],"class_list":{"0":"post-371500","1":"post","2":"type-post","3":"status-publish","4":"format-standard","5":"has-post-thumbnail","7":"category-france","8":"tag-actualites","9":"tag-fr","10":"tag-france","11":"tag-news","12":"tag-republique-francaise"},"share_on_mastodon":{"url":"https:\/\/pubeurope.com\/@fr\/115159404683545832","error":""},"_links":{"self":[{"href":"https:\/\/www.europesays.com\/fr\/wp-json\/wp\/v2\/posts\/371500","targetHints":{"allow":["GET"]}}],"collection":[{"href":"https:\/\/www.europesays.com\/fr\/wp-json\/wp\/v2\/posts"}],"about":[{"href":"https:\/\/www.europesays.com\/fr\/wp-json\/wp\/v2\/types\/post"}],"author":[{"embeddable":true,"href":"https:\/\/www.europesays.com\/fr\/wp-json\/wp\/v2\/users\/2"}],"replies":[{"embeddable":true,"href":"https:\/\/www.europesays.com\/fr\/wp-json\/wp\/v2\/comments?post=371500"}],"version-history":[{"count":0,"href":"https:\/\/www.europesays.com\/fr\/wp-json\/wp\/v2\/posts\/371500\/revisions"}],"wp:featuredmedia":[{"embeddable":true,"href":"https:\/\/www.europesays.com\/fr\/wp-json\/wp\/v2\/media\/56184"}],"wp:attachment":[{"href":"https:\/\/www.europesays.com\/fr\/wp-json\/wp\/v2\/media?parent=371500"}],"wp:term":[{"taxonomy":"category","embeddable":true,"href":"https:\/\/www.europesays.com\/fr\/wp-json\/wp\/v2\/categories?post=371500"},{"taxonomy":"post_tag","embeddable":true,"href":"https:\/\/www.europesays.com\/fr\/wp-json\/wp\/v2\/tags?post=371500"}],"curies":[{"name":"wp","href":"https:\/\/api.w.org\/{rel}","templated":true}]}}