{"id":371507,"date":"2025-09-06T21:13:22","date_gmt":"2025-09-06T21:13:22","guid":{"rendered":"https:\/\/www.europesays.com\/fr\/371507\/"},"modified":"2025-09-06T21:13:22","modified_gmt":"2025-09-06T21:13:22","slug":"la-malgrange-mariage-zoe-et-brice","status":"publish","type":"post","link":"https:\/\/www.europesays.com\/fr\/371507\/","title":{"rendered":"la-Malgrange | Mariage. Zo\u00e9 et Brice"},"content":{"rendered":"<p>Samedi 6\u00a0septembre, Christophe Ch\u00e2teau, adjoint charg\u00e9 des manifestations et animations communales, assist\u00e9 par Genevi\u00e8ve Lemoine, conseill\u00e8re municipale, a uni par les liens du mariage Zo\u00e9 Lagarde, infirmi\u00e8re pu\u00e9ricultrice, et Brice Dodeller, professeur d\u2019histoire g\u00e9ographie. Les \u00e9poux sont domicili\u00e9s \u00e0 Jarville-la-Malgrange. Nos v\u0153ux de bonheur.<\/p>\n","protected":false},"excerpt":{"rendered":"Samedi 6\u00a0septembre, Christophe Ch\u00e2teau, adjoint charg\u00e9 des manifestations et animations communales, assist\u00e9 par Genevi\u00e8ve Lemoine, conseill\u00e8re municipale, a&hellip;\n","protected":false},"author":2,"featured_media":371508,"comment_status":"","ping_status":"","sticky":false,"template":"","format":"standard","meta":{"footnotes":""},"categories":[9635],"tags":[1111,11,9223,1704,1777,674,1011,27,775,9648,1930,9649,1702,12,25,104],"class_list":{"0":"post-371507","1":"post","2":"type-post","3":"status-publish","4":"format-standard","5":"has-post-thumbnail","7":"category-nancy","8":"tag-actu","9":"tag-actualites","10":"tag-carnet-du-jour","11":"tag-edition-nancy-et-agglomeration","12":"tag-eu","13":"tag-europe","14":"tag-fr","15":"tag-france","16":"tag-grand-est","17":"tag-jarville-la-malgrange","18":"tag-mariage","19":"tag-metropole-du-grand-nancy-54b2","20":"tag-nancy","21":"tag-news","22":"tag-republique-francaise","23":"tag-societe"},"share_on_mastodon":{"url":"https:\/\/pubeurope.com\/@fr\/115159420319151154","error":""},"_links":{"self":[{"href":"https:\/\/www.europesays.com\/fr\/wp-json\/wp\/v2\/posts\/371507","targetHints":{"allow":["GET"]}}],"collection":[{"href":"https:\/\/www.europesays.com\/fr\/wp-json\/wp\/v2\/posts"}],"about":[{"href":"https:\/\/www.europesays.com\/fr\/wp-json\/wp\/v2\/types\/post"}],"author":[{"embeddable":true,"href":"https:\/\/www.europesays.com\/fr\/wp-json\/wp\/v2\/users\/2"}],"replies":[{"embeddable":true,"href":"https:\/\/www.europesays.com\/fr\/wp-json\/wp\/v2\/comments?post=371507"}],"version-history":[{"count":0,"href":"https:\/\/www.europesays.com\/fr\/wp-json\/wp\/v2\/posts\/371507\/revisions"}],"wp:featuredmedia":[{"embeddable":true,"href":"https:\/\/www.europesays.com\/fr\/wp-json\/wp\/v2\/media\/371508"}],"wp:attachment":[{"href":"https:\/\/www.europesays.com\/fr\/wp-json\/wp\/v2\/media?parent=371507"}],"wp:term":[{"taxonomy":"category","embeddable":true,"href":"https:\/\/www.europesays.com\/fr\/wp-json\/wp\/v2\/categories?post=371507"},{"taxonomy":"post_tag","embeddable":true,"href":"https:\/\/www.europesays.com\/fr\/wp-json\/wp\/v2\/tags?post=371507"}],"curies":[{"name":"wp","href":"https:\/\/api.w.org\/{rel}","templated":true}]}}