{"id":371509,"date":"2025-09-06T21:16:18","date_gmt":"2025-09-06T21:16:18","guid":{"rendered":"https:\/\/www.europesays.com\/fr\/371509\/"},"modified":"2025-09-06T21:16:18","modified_gmt":"2025-09-06T21:16:18","slug":"nancy-metz-un-duo-gagnant-pour-un-sejour-inoubliable","status":"publish","type":"post","link":"https:\/\/www.europesays.com\/fr\/371509\/","title":{"rendered":"Nancy-Metz : un duo gagnant pour un s\u00e9jour inoubliable !"},"content":{"rendered":"<p style=\"text-align: justify;\">Nancy-Metz. Deux villes lorraines que tout semble opposer. Deux villes qui, dans le pass\u00e9, ont men\u00e9 leur destin chacune de leur\u00a0c\u00f4t\u00e9. L\u2019une remonte \u00e0\u00a0l\u2019Antiquit\u00e9, l\u2019autre est de fondation beaucoup plus r\u00e9cente. Quand l\u2019une revendiquait son appartenance \u00e0 un duch\u00e9 ind\u00e9pendant, l\u2019autre respirait d\u00e9j\u00e0 le parfum\u00a0des fleurs-de-lys du roi de France. L\u2019une est c\u00e9l\u00e8bre pour ses places royales du 18e si\u00e8cle quand l\u2019autre s\u2019enorgueillit d\u2019une majestueuse cath\u00e9drale gothique. A l\u2019issue de la guerre franco-prussienne de 1870-71, l\u2019une \u00e9tait devenue allemande, l\u2019autre \u00e9tait rest\u00e9e fran\u00e7aise.<\/p>\n<p style=\"text-align: justify;\">Et pourtant, l\u2019une et\u00a0l\u2019autre sont \u00e0 environ 1h30 de TGV de Paris. Et partagent un m\u00eame a\u00e9roport. Les deux villes sont reli\u00e9es par une autoroute, une haute fr\u00e9quence de trains (les M\u00e9trolor) et se targuent de faire partie du Sillon lorrain. Dans les deux\u00a0villes, vous d\u00e9gusterez les m\u00eames quiches lorraines, p\u00e2t\u00e9s lorrains et mirabelles. Vous l\u2019aurez compris,\u00a0Nancy-Metz sont si diff\u00e9rentes et si proches \u00e0 la fois.\u00a0Au menu de cet article : la passionnante histoire de la rivalit\u00e9 Nancy-Metz suivie de la\u00a0visite de leurs plus beaux sites. C\u2019est parti !<\/p>\n<p>\u00a0<\/p>\n<p>Nancy-Metz : de tendres souvenirs d\u2019enfance<\/p>\n<p style=\"text-align: justify;\">Ma grand-m\u00e8re paternelle habitait \u00e0 Metz. Ma grand-m\u00e8re maternelle r\u00e9sidait \u00e0 Nancy.<\/p>\n<p style=\"text-align: justify;\">Ainsi, pendant toute mon enfance, j\u2019ai eu la chance de c\u00f4toyer ces deux villes.<\/p>\n<p style=\"text-align: justify;\">Je garde de tendres souvenirs de cette p\u00e9riode des ann\u00e9es 80.<\/p>\n<p>\u00a0<\/p>\n<p>Metz forever !<\/p>\n<p style=\"text-align: justify;\">A Metz, je revois ma grand-m\u00e8re nous pr\u00e9parer avant de sortir prendre le bus pour le\u00a0centre-ville. Apr\u00e8s avoir franchi les bras de la Moselle, le bus nous d\u00e9posait pr\u00e8s de la place de Chambre. Un endroit magique : la vue majestueuse de la cath\u00e9drale\u00a0Saint-Etienne m\u2019impressionnait. Puis on se promenaient dans les rues commer\u00e7antes de Metz ou le long de la Moselle. Prendre le train \u00e0 la gare de Metz \u00e9tait aussi un grand moment. J\u2019\u00e9tais d\u00e9j\u00e0 sublim\u00e9 par cet immense \u00e9difice.<\/p>\n<p><img loading=\"lazy\" decoding=\"async\" class=\"wp-image-14505\" src=\"https:\/\/www.europesays.com\/fr\/wp-content\/uploads\/2025\/09\/Gare-de-Metz-annees-1980-LR-\u00a9-Pierre-Guernier.jpg\" alt=\"La gare de Metz dans les ann\u00e9es 1980 \u00a9 Pierre Guernier\" width=\"300\" height=\"394\" data-jpibfi-post-excerpt=\"\" data-jpibfi-post-url=\"https:\/\/mon-grand-est.fr\/nancy-metz-sejour-en-lorraine\/\" data-jpibfi-post-title=\"Nancy-Metz : un duo gagnant pour un s\u00e9jour inoubliable !\" data-jpibfi-src=\"https:\/\/www.europesays.com\/fr\/wp-content\/uploads\/2025\/09\/Gare-de-Metz-annees-1980-LR-\u00a9-Pierre-Guernier.jpg\"  \/>La gare de Metz dans les ann\u00e9es 1980 \u00a9 Pierre Guernier<\/p>\n<p>\u00a0<\/p>\n<p>Nancy la coquette !<\/p>\n<p style=\"text-align: justify;\">A Nancy, c\u2019\u00e9tait une toute autre ambiance. Ma grand-m\u00e8re m\u2019emmenait le plus souvent \u00e0 pied de son appartement\u00a0au nord-ouest de la ville vers la place Stanislas, en longeant les quais de la voie ferr\u00e9e. Ainsi, pour le petit gar\u00e7on que j\u2019\u00e9tais, le passage des trains du haut de la passerelle Fran\u00e7ois Jacob \u00e9tait un moment fort. Et, \u00e9trangement, j\u2019aimais beaucoup me perdre dans les all\u00e9es de la galerie commer\u00e7ante du Saint-S\u00e9b\u2019. Quant \u00e0 la place Stanislas, j\u2019\u00e9tais interpel\u00e9 par l\u2019\u0153uvre de Jean Lamour : la magnificence des grilles en fer forg\u00e9 rehauss\u00e9es d\u2019or.<\/p>\n<p><img loading=\"lazy\" decoding=\"async\" class=\"size-full wp-image-8822\" src=\"https:\/\/www.europesays.com\/fr\/wp-content\/uploads\/2025\/09\/Place-Stanislas-Entrance-Nancy-03-\u00a9-French-Moments.jpg\" alt=\"Place Stanislas, Nancy \u00a9 French Moments\" width=\"1200\" height=\"801\" data-jpibfi-post-excerpt=\"\" data-jpibfi-post-url=\"https:\/\/mon-grand-est.fr\/nancy-metz-sejour-en-lorraine\/\" data-jpibfi-post-title=\"Nancy-Metz : un duo gagnant pour un s\u00e9jour inoubliable !\" data-jpibfi-src=\"https:\/\/www.europesays.com\/fr\/wp-content\/uploads\/2025\/09\/Place-Stanislas-Entrance-Nancy-03-\u00a9-French-Moments.jpg\"  \/>Une grille rehauss\u00e9e d\u2019or \u00e0 l\u2019entr\u00e9e de la place Stanislas \u00a9 French Moments<\/p>\n<p style=\"text-align: justify;\">Oui, d\u00e9j\u00e0 petit, j\u2019avais pris mes rep\u00e8res dans ces villes, d\u2019autant plus que je d\u00e9veloppais une curiosit\u00e9. Celle-ci m\u2019aura poursuivi jusqu\u2019\u00e0 l\u2019\u00e2ge adulte !<\/p>\n<p>\u00a0<\/p>\n<p>Une re-d\u00e9couverte n\u00e9cessaire<\/p>\n<p style=\"text-align: justify;\">Mais ce n\u2019est que beaucoup plus tard que j\u2019ai re-d\u00e9couvert Nancy et Metz \u2013 et pour cela, je tiens \u00e0 remercier les offices de tourisme des deux villes qui, gr\u00e2ce \u00e0 leur invitation, m\u2019ont permis de \u00ab\u00a0combler mes lacunes\u00a0\u00bb !<\/p>\n<p style=\"text-align: justify;\">Car mes deux grand-m\u00e8res semblaient avoir volontairement occult\u00e9 certains quartiers. Ainsi, je n\u2019avais jamais mis les pieds dans certaines rues pittoresques de Metz, ni vraiment visit\u00e9 la c\u00e9l\u00e8bre Porte des Allemands ou admir\u00e9 la fa\u00e7ade du Palais du Gouverneur.<\/p>\n<p style=\"text-align: justify;\">A Nancy, nous n\u2019allions jamais du c\u00f4t\u00e9 de la cath\u00e9drale, et m\u00eame certaines rues de la Ville-Vieille m\u2019\u00e9taient inconnues.<\/p>\n<p style=\"text-align: justify;\">Il y a, toutefois, une bonne raison \u00e0 cela. Car si on remonte le temps au d\u00e9but des ann\u00e9es 80, nombre de rues et de quartiers de Metz et de Nancy n\u2019\u00e9taient pas encore r\u00e9habilit\u00e9s et offraient un\u00a0int\u00e9r\u00eat de visite tr\u00e8s limit\u00e9.<\/p>\n<p>\u00a0<\/p>\n<p>Des villes qui se sont embellies<\/p>\n<p style=\"text-align: justify;\">En fait, depuis quelques d\u00e9cennies,\u00a0Metz et Nancy se sont bonifi\u00e9es pour le meilleur. Gr\u00e2ce \u00e0 de remarquables op\u00e9rations de r\u00e9habilitation (et de grand nettoyage !), elles offrent aux touristes un visage nouveau sur leur riche pass\u00e9.<\/p>\n<p style=\"text-align: justify;\">Allez, zou ! J\u2019ai pas eu besoin de photoshop pour effacer les voitures sur la place Saint-Louis \u00e0 Metz ! Ci-dessous, au d\u00e9but des ann\u00e9es 80 et en 2018.<\/p>\n<p><img loading=\"lazy\" decoding=\"async\" class=\"size-full wp-image-14493\" src=\"https:\/\/www.europesays.com\/fr\/wp-content\/uploads\/2025\/09\/Metz-Place-Saint-Louis-annees-1980-LR-\u00a9-Pierre-Guernier.jpg\" alt=\"La place Saint-Louis au d\u00e9but des ann\u00e9es 1980 \u00a9 Pierre Guernier\" width=\"1200\" height=\"803\" data-jpibfi-post-excerpt=\"\" data-jpibfi-post-url=\"https:\/\/mon-grand-est.fr\/nancy-metz-sejour-en-lorraine\/\" data-jpibfi-post-title=\"Nancy-Metz : un duo gagnant pour un s\u00e9jour inoubliable !\" data-jpibfi-src=\"https:\/\/www.europesays.com\/fr\/wp-content\/uploads\/2025\/09\/Metz-Place-Saint-Louis-annees-1980-LR-\u00a9-Pierre-Guernier.jpg\"  \/>La place Saint-Louis au d\u00e9but des ann\u00e9es 1980 \u00a9 Pierre Guernier<img loading=\"lazy\" decoding=\"async\" class=\"size-full wp-image-8610\" src=\"https:\/\/www.europesays.com\/fr\/wp-content\/uploads\/2025\/09\/Metz-Place-Saint-Louis-\u00a9-French-Moments.jpg\" alt=\"Place Saint-Louis, Metz \u00a9 French Moments\" width=\"1200\" height=\"801\" data-jpibfi-post-excerpt=\"\" data-jpibfi-post-url=\"https:\/\/mon-grand-est.fr\/nancy-metz-sejour-en-lorraine\/\" data-jpibfi-post-title=\"Nancy-Metz : un duo gagnant pour un s\u00e9jour inoubliable !\" data-jpibfi-src=\"https:\/\/www.europesays.com\/fr\/wp-content\/uploads\/2025\/09\/Metz-Place-Saint-Louis-\u00a9-French-Moments.jpg\"  \/>La place Saint-Louis en 2018 \u00a9 French Moments<\/p>\n<p>Sympa la diff\u00e9rence, n\u2019est-ce-pas ?!! \ud83d\ude1c<\/p>\n<p>Et puis il y a la place Stanislas, rendue pi\u00e9tonne en 2005. Ci-dessous, d\u00e9but 2000, puis en 2016.<\/p>\n<p><img loading=\"lazy\" decoding=\"async\" class=\"size-full wp-image-14500\" src=\"https:\/\/www.europesays.com\/fr\/wp-content\/uploads\/2025\/09\/Nancy-old-photo-Place-Stanislas-01-Retouched-LR-\u00a9-Pierre-Guernier.jpg\" alt=\"La place Stanislas au d\u00e9but des ann\u00e9es 2000 \u00a9 Pierre Guernier\" width=\"1200\" height=\"788\" data-jpibfi-post-excerpt=\"\" data-jpibfi-post-url=\"https:\/\/mon-grand-est.fr\/nancy-metz-sejour-en-lorraine\/\" data-jpibfi-post-title=\"Nancy-Metz : un duo gagnant pour un s\u00e9jour inoubliable !\" data-jpibfi-src=\"https:\/\/www.europesays.com\/fr\/wp-content\/uploads\/2025\/09\/Nancy-old-photo-Place-Stanislas-01-Retouched-LR-\u00a9-Pierre-Guernier.jpg\"  \/>La place Stanislas au d\u00e9but des ann\u00e9es 2000 \u00a9 Pierre Guernier<img loading=\"lazy\" decoding=\"async\" class=\"size-full wp-image-1235\" src=\"https:\/\/www.europesays.com\/fr\/wp-content\/uploads\/2025\/09\/Nancy-French-Moments-203.jpg\" alt=\"place Stanislas \u00a9 French Moments\" width=\"1024\" height=\"768\" data-jpibfi-post-excerpt=\"\" data-jpibfi-post-url=\"https:\/\/mon-grand-est.fr\/nancy-metz-sejour-en-lorraine\/\" data-jpibfi-post-title=\"Nancy-Metz : un duo gagnant pour un s\u00e9jour inoubliable !\" data-jpibfi-src=\"https:\/\/www.europesays.com\/fr\/wp-content\/uploads\/2025\/09\/Nancy-French-Moments-203.jpg\"  \/>La place Stanislas de Nancy en 2016 \u00a9 French Moments<\/p>\n<p style=\"text-align: justify;\">Bon, il faut avouer qu\u2019elle \u00e9tait d\u00e9j\u00e0 sublime cette place\u2026 mais si je vous dis qu\u2019entre 1958 et 1983, son terre-plein central accueillait un parking de 600 places, c\u2019est une autre histoire !<\/p>\n<p>\u00a0<\/p>\n<p>Nancy-Metz : au-del\u00e0 d\u2019une rivalit\u00e9<\/p>\n<p style=\"text-align: justify;\">Une grand-m\u00e8re \u00e0 Metz, une autre \u00e0 Nancy. Mais alors, laquelle je pr\u00e9f\u00e9rais ?<\/p>\n<p style=\"text-align: justify;\">Vous touchez l\u00e0 un point sensible qui transcende mon exp\u00e9rience personnelle.<\/p>\n<p style=\"text-align: justify;\">Car la rivalit\u00e9 entre Nancy et Metz (ou Metz et Nancy !) est l\u00e9gendaire.<\/p>\n<p style=\"text-align: justify;\">Si l\u00e9gendaire qu\u2019elle a donn\u00e9 lieu \u00e0 des querelles de clochers. Car, voyez-vous, le sujet est \u00e9pineux.<\/p>\n<p>\u00a0<\/p>\n<p>Miroir, mon beau miroir, qui est la capitale de la Lorraine ?<\/p>\n<p style=\"text-align: justify;\">Voici justement LA question qu\u2019il ne faut pas poser pendant votre s\u00e9jour en Lorraine.<\/p>\n<p style=\"text-align: justify;\">La question qui a le don de ranimer les passions entre pro-nanc\u00e9iens et pro-messins\u2026 tout simplement parce que beaucoup ignorent le pass\u00e9 des deux villes et leur place respective dans la Lorraine historique.<\/p>\n<p style=\"text-align: justify;\">Mais il fallait bien en choisir une en 1974 lors de la r\u00e9gionalisation\u2026 et \u00e7a n\u2019a fait qu\u2019exacerber\u00a0les pol\u00e9miques\u2026 ainsi, Metz a \u00e9t\u00e9 choisie au grand dam\u00a0de Nancy.<\/p>\n<p style=\"text-align: justify;\">Les rivalit\u00e9s entre villes de province ne sont pas nouvelles. Rouen-Caen, Tours-Orl\u00e9ans, Annecy-Chamb\u00e9ry, Nantes-Rennes. Mais la rivalit\u00e9 historique entre Nancy-Metz s\u2019est r\u00e9v\u00e9l\u00e9e plus passionnelle encore. Et elle est unique en France de par son histoire.<\/p>\n<p style=\"text-align: justify;\">Ces deux s\u0153urs se sont querell\u00e9es\u00a0pour des enjeux de\u00a0supr\u00e9matie \u00e0 l\u2019\u00e9chelle de la r\u00e9gion. Des enjeux politiques, \u00e9conomiques, sportifs, \u00e9ducationnels ou culturels. Pour une autoroute, un a\u00e9roport, un TGV ou le titre de capitale\u2026<\/p>\n<p style=\"text-align: justify;\"><img loading=\"lazy\" decoding=\"async\" class=\"aligncenter wp-image-14492\" src=\"https:\/\/www.europesays.com\/fr\/wp-content\/uploads\/2025\/09\/Metz-Nancy-Comparaison-\u00a9-French-Moments.png\" alt=\"Comparaison Nancy-Metz \u00a9 French Moments\" width=\"500\" height=\"688\" data-jpibfi-post-excerpt=\"\" data-jpibfi-post-url=\"https:\/\/mon-grand-est.fr\/nancy-metz-sejour-en-lorraine\/\" data-jpibfi-post-title=\"Nancy-Metz : un duo gagnant pour un s\u00e9jour inoubliable !\" data-jpibfi-src=\"https:\/\/www.europesays.com\/fr\/wp-content\/uploads\/2025\/09\/Metz-Nancy-Comparaison-\u00a9-French-Moments.png\"  \/><\/p>\n<p>\u00a0<\/p>\n<p>Pourquoi une telle comp\u00e9tition ?<\/p>\n<p style=\"text-align: justify;\">Pour comprendre la rivalit\u00e9 historique entre Metz et Nancy, il faut remonter bien loin dans le temps. A l\u2019\u00e9poque de leur fondation.<\/p>\n<p style=\"text-align: justify;\">C\u2019est ici\u00a0que nous allons parler Histoire (avec un grand H) mais rassurez-vous, on va faire les choses simples pour que vous puissiez comprendre un maximum ! Ca serait dommage de se perdre dans les couloirs du temps !! \u263a\ufe0f<\/p>\n<p>\u00a0<\/p>\n<p>Metz l\u2019Antique<\/p>\n<p style=\"text-align: justify;\">Alors que le site de Nancy croupissait dans\u00a0des mar\u00e9cages inhabit\u00e9s, \u00e0 55 km au nord existait une ville vibrante et anim\u00e9e :\u00a0<strong>Divodurum Mediomatricorum<\/strong>.<\/p>\n<p style=\"text-align: justify;\">Il s\u2019agissait du\u00a0chef-lieu de la nation gauloise des M\u00e9diomatriques. Lorsque les Romains occup\u00e8rent les lieux en 58 avant JC, il la transform\u00e8rent en cit\u00e9 administrative et militaire.<\/p>\n<p><img loading=\"lazy\" decoding=\"async\" class=\"wp-image-12195 size-full\" src=\"https:\/\/www.europesays.com\/fr\/wp-content\/uploads\/2025\/09\/Musee-Cour-dOr-Metz-02-\u00a9-French-Moments.jpg\" alt=\"Nancy-Metz - Le mus\u00e9e de la Cour d'Or \u00e0 Metz \u00a9 French Moments\" width=\"1024\" height=\"684\" data-jpibfi-post-excerpt=\"\" data-jpibfi-post-url=\"https:\/\/mon-grand-est.fr\/nancy-metz-sejour-en-lorraine\/\" data-jpibfi-post-title=\"Nancy-Metz : un duo gagnant pour un s\u00e9jour inoubliable !\" data-jpibfi-src=\"https:\/\/www.europesays.com\/fr\/wp-content\/uploads\/2025\/09\/Musee-Cour-dOr-Metz-02-\u00a9-French-Moments.jpg\"  \/>Vestiges romains au mus\u00e9e de la Cour d\u2019Or de Metz \u00a9 French Moments<\/p>\n<p>Ast\u00e9rix et Ob\u00e9lix y sont m\u00eame pass\u00e9s lors de leur <a href=\"https:\/\/amzn.to\/2TfEMjt\" target=\"_blank\" rel=\"noopener\"><strong>tour de Gaule<\/strong><\/a>.<\/p>\n<p><a href=\"https:\/\/amzn.to\/2TfEMjt\" target=\"_blank\" rel=\"noopener\"><img loading=\"lazy\" decoding=\"async\" class=\"wp-image-14506 size-full\" src=\"https:\/\/www.europesays.com\/fr\/wp-content\/uploads\/2025\/09\/Metz-Asterix.jpg\" alt=\"\u00a9 1965 Goscinny-Uderzo \u00a9 1999 Hachette\" width=\"1200\" height=\"349\" data-jpibfi-post-excerpt=\"\" data-jpibfi-post-url=\"https:\/\/mon-grand-est.fr\/nancy-metz-sejour-en-lorraine\/\" data-jpibfi-post-title=\"Nancy-Metz : un duo gagnant pour un s\u00e9jour inoubliable !\" data-jpibfi-src=\"https:\/\/www.europesays.com\/fr\/wp-content\/uploads\/2025\/09\/Metz-Asterix.jpg\"  \/><\/a>\u00a9 1965 Goscinny-Uderzo<br \/>\u00a9 1999 Hachette<\/p>\n<p style=\"text-align: justify;\">Bon, que les Gaulois aient connu le rhum \u00e0 leur \u00e9poque, c\u2019est une autre histoire, mais passons !<\/p>\n<p>\u00a0<\/p>\n<p>Metz, capitale de l\u2019Austrasie<\/p>\n<p style=\"text-align: justify;\">Puis, pendant plus de deux si\u00e8cles, de 511 \u00e0 751, Metz fut la capitale du <strong>royaume d\u2019Austrasie<\/strong>.<\/p>\n<p style=\"text-align: justify;\">Ce royaume de l\u2019\u00e9poque m\u00e9rovingienne couvrait un vaste territoire du Pas-de-Calais \u00e0 la ville allemande de Fulda et du nord des Pays-Bas au Ballon d\u2019Alsace.<\/p>\n<p><a href=\"https:\/\/fr.wikipedia.org\/wiki\/Austrasie#\/media\/Fichier:Frankish_Empire_481_to_814-fr.svg\" target=\"_blank\" rel=\"noopener\"><img loading=\"lazy\" decoding=\"async\" class=\"wp-image-14498 size-full\" src=\"https:\/\/www.europesays.com\/fr\/wp-content\/uploads\/2025\/09\/Austrasie-\u00a9-S\u00e9mhur-licence-CC-BY-SA-3.0-from-Wikimedia-Commons.png\" alt=\"L'Austrasie en Europe occidentale \u00a9 S\u00e9mhur - licence [CC BY-SA 3.0] from Wikimedia Commons\" width=\"1730\" height=\"1224\" data-jpibfi-post-excerpt=\"\" data-jpibfi-post-url=\"https:\/\/mon-grand-est.fr\/nancy-metz-sejour-en-lorraine\/\" data-jpibfi-post-title=\"Nancy-Metz : un duo gagnant pour un s\u00e9jour inoubliable !\" data-jpibfi-src=\"https:\/\/www.europesays.com\/fr\/wp-content\/uploads\/2025\/09\/Austrasie-\u00a9-S\u00e9mhur-licence-CC-BY-SA-3.0-from-Wikimedia-Commons.png\"  \/><\/a>L\u2019Austrasie en Europe occidentale \u00a9 S\u00e9mhur \u2013 licence [CC BY-SA 3.0] from Wikimedia Commons<\/p>\n<p style=\"text-align: justify;\"><strong>Austrasie<\/strong> (Oster-rike) signifie <strong>le royaume de l\u2019Est<\/strong>. C\u2019est comme\u00a0l\u2019Autriche (Oster-rike, puis Osterreich). Pour la petite histoire, lorsqu\u2019il a fallu trouver un nom \u00e0 la nouvelle r\u00e9gion Alsace-Champagne-Ardenne-Lorraine en 2016, il fut propos\u00e9 le nom de \u00ab\u00a0Nouvelle Austrasie\u00a0\u00bb. Mais bien s\u00fbr, personne ne savait ce dont il s\u2019agissait ! Du coup, on a vite fait de jeter \u00e0 la poubelle les brouillons. Exit\u00a0\u00ab\u00a0Nouvelle Austrasie\u00a0\u00bb, \u00ab\u00a0Rhin-Champagne\u00a0\u00bb et autre \u00ab\u00a0Acalie\u00a0\u00bb. On a pr\u00e9f\u00e9r\u00e9 faire au plus simple avec \u00ab\u00a0Grand-Est\u00a0\u00bb.<\/p>\n<p style=\"text-align: justify;\">Ok, comme la vaste majorit\u00e9 de la population, j\u2019imagine que vous n\u2019avez jamais entendu parler d\u2019Austrasie. Mais je suis s\u00fbr et certain que vous connaissez un des rois ayant r\u00e9gn\u00e9 sur ce territoire.<\/p>\n<p style=\"text-align: justify;\">Un roi austrasien qui \u00e9tait si distrait qu\u2019il mettait sa culotte \u00e0 l\u2019envers !<\/p>\n<p style=\"text-align: justify;\">Vous l\u2019avez devin\u00e9, ce monarque est\u2026\u00a0<strong>Dagobert 1er<\/strong> ! (enfin, pour ce qui en est de la culotte, sachez que la chanson date de la R\u00e9volution\u2026 on aimait bien se moquer des rois \u00e0 l\u2019\u00e9poque)<\/p>\n<p><img loading=\"lazy\" decoding=\"async\" class=\"wp-image-12201 size-full\" src=\"https:\/\/www.europesays.com\/fr\/wp-content\/uploads\/2025\/09\/Musee-Cour-dOr-Metz-08-\u00a9-French-Moments.jpg\" alt=\"Nancy-Metz - Le mus\u00e9e de la Cour d'Or \u00e0 Metz \u00a9 French Moments\" width=\"1024\" height=\"684\" data-jpibfi-post-excerpt=\"\" data-jpibfi-post-url=\"https:\/\/mon-grand-est.fr\/nancy-metz-sejour-en-lorraine\/\" data-jpibfi-post-title=\"Nancy-Metz : un duo gagnant pour un s\u00e9jour inoubliable !\" data-jpibfi-src=\"https:\/\/www.europesays.com\/fr\/wp-content\/uploads\/2025\/09\/Musee-Cour-dOr-Metz-08-\u00a9-French-Moments.jpg\"  \/>Le mus\u00e9e de la Cour d\u2019Or \u00e0 Metz \u00a9 French Moments<\/p>\n<p style=\"text-align: justify;\">Continuons notre histoire\u2026 Un peu plus tard, c\u2019est \u00e0 Metz que naquit la dynastie des Carolingiens avec P\u00e9pin le Bref en 751.<\/p>\n<p>\u00a0<\/p>\n<p>Le partage de l\u2019empire de Charlemagne<\/p>\n<p style=\"text-align: justify;\">D\u00e9j\u00e0, sous <strong>Charlemagne<\/strong>, Metz n\u2019\u00e9tait plus capitale mais b\u00e9n\u00e9ficiait de l\u2019attention toute particuli\u00e8re de l\u2019empereur.<\/p>\n<p><img loading=\"lazy\" decoding=\"async\" class=\"wp-image-13004 size-full\" src=\"https:\/\/www.europesays.com\/fr\/wp-content\/uploads\/2025\/09\/Gare-de-Metz-Charlemagne-Vitrail-LR-\u00a9-French-Moments.jpg\" alt=\"Gare de Metz - Vitrail de Charlemagne \u00a9 French Moments\" width=\"1200\" height=\"802\" data-jpibfi-post-excerpt=\"\" data-jpibfi-post-url=\"https:\/\/mon-grand-est.fr\/nancy-metz-sejour-en-lorraine\/\" data-jpibfi-post-title=\"Nancy-Metz : un duo gagnant pour un s\u00e9jour inoubliable !\" data-jpibfi-src=\"https:\/\/www.europesays.com\/fr\/wp-content\/uploads\/2025\/09\/Gare-de-Metz-Charlemagne-Vitrail-LR-\u00a9-French-Moments.jpg\"  \/>Le vitrail de Charlemagne (gare de Metz) \u00a9 French Moments<\/p>\n<p style=\"text-align: justify;\">Par le <strong>Trait\u00e9 de Verdun en 843<\/strong>, les petits-fils de Charlemagne se partag\u00e8rent son vaste empire.<\/p>\n<p style=\"text-align: justify;\">Ainsi, <strong>Lothaire 1er<\/strong> obtint la Francie m\u00e9diane. Il s\u2019agissait d\u2019un territoire s\u2019\u00e9tendant de la mer du nord \u00e0 la Provence et le nord de l\u2019Italie, pris en sandwich entre la Francie (\u00e0 l\u2019ouest) et la Germanie (\u00e0 l\u2019est). Eh oui, pendant les\u00a01000 ans \u00e0 venir, ce malheureux partage ouvrit la voie \u00e0 de nombreux conflits, notamment entre la France et les Pays allemands.\u00a0<\/p>\n<p style=\"text-align: justify;\">Mais ce vaste territoire ne dura pas bien longtemps. <strong>En 855, au trait\u00e9 de Pr\u00fcm<\/strong>, Lothaire 1er le partagea entre ses trois fils :<\/p>\n<ul>\n<li style=\"text-align: justify;\">l\u2019Italie pour Louis II le Jeune<\/li>\n<li style=\"text-align: justify;\">la Provence et la Bourgogne pour Charles de Provence<\/li>\n<li style=\"text-align: justify;\">le Benelux, la Sarre, la Rh\u00e9nanie-Palatinat, l\u2019Alsace et la Lorraine actuels pour <strong>Lothaire II<\/strong>.<\/li>\n<\/ul>\n<p style=\"text-align: justify;\">Ce dernier territoire prit le nom de <strong>Lotharingie<\/strong> et on choisit Metz pour capitale.<\/p>\n<p><a href=\"https:\/\/fr.wikipedia.org\/wiki\/Francie_m\u00e9diane#\/media\/Fichier:Empire_carolingien_855-fr.svg\" target=\"_blank\" rel=\"noopener\"><img loading=\"lazy\" decoding=\"async\" class=\"wp-image-14497\" src=\"https:\/\/www.europesays.com\/fr\/wp-content\/uploads\/2025\/09\/Francie-Mediane-\u00a9-Trasamundo-licence-CC-BY-SA-3.0-from-Wikimedia-Commons.jpg\" alt=\"La Francie Mediane au Trait\u00e9 de Pr\u00fcm (855) \u00a9 Trasamundo - licence [CC BY-SA 3.0] from Wikimedia Commons\" width=\"500\" height=\"482\" data-jpibfi-post-excerpt=\"\" data-jpibfi-post-url=\"https:\/\/mon-grand-est.fr\/nancy-metz-sejour-en-lorraine\/\" data-jpibfi-post-title=\"Nancy-Metz : un duo gagnant pour un s\u00e9jour inoubliable !\" data-jpibfi-src=\"https:\/\/www.europesays.com\/fr\/wp-content\/uploads\/2025\/09\/Francie-Mediane-\u00a9-Trasamundo-licence-CC-BY-SA-3.0-from-Wikimedia-Commons.jpg\"  \/><\/a>La Francie Mediane au Trait\u00e9 de Pr\u00fcm (855) \u00a9 Trasamundo \u2013 licence [CC BY-SA 3.0] from Wikimedia Commons<\/p>\n<p style=\"text-align: justify;\">Au cours des d\u00e9cennies qui suivirent, la Grande Lotharingie s\u2019\u00e9mietta\u2026 Ainsi, en 959, <strong>ce qui restait de la Haute-Lotharingie devint le duch\u00e9 de Lorraine<\/strong>. Metz et son territoire n\u2019en firent pas partie car ils devinrent une entit\u00e9 ind\u00e9pendante \u2013 une principaut\u00e9 \u00e9piscopale int\u00e9gr\u00e9e (tout comme le duch\u00e9 de Lorraine) au Saint-Empire romain germanique. Et c\u2019est ce petit d\u00e9tail qui va tout compliquer.<\/p>\n<p>\u00a0<\/p>\n<p>Mais qu\u2019est-ce\u00a0qui se trame dans les mar\u00e9cages \u00e0 55 km au sud ?<\/p>\n<p style=\"text-align: justify;\">C\u2019est \u00e0 cette \u00e9poque que, des mar\u00e9cages de la Meurthe infest\u00e9s de moustiques, surgit <strong>Nanceiacum<\/strong>. Le duc de Lorraine, G\u00e9rard d\u2019Alsace, y \u00e9difia un ch\u00e2teau f\u00e9odal autour duquel se d\u00e9veloppa un village, puis une petite cit\u00e9. Elle deviendra au 14e si\u00e8cle la capitale du duch\u00e9 de Lorraine. Et voici l\u2019av\u00e8nement de\u00a0Nancy !<\/p>\n<p style=\"text-align: justify;\">Les circonstances de sa naissance sont relat\u00e9es dans <a href=\"https:\/\/mon-grand-est.fr\/marecages-de-nancy\/\" target=\"_blank\" rel=\"noopener\">mon article sur les mar\u00e9cages de Nancy<\/a>.<\/p>\n<p><img loading=\"lazy\" decoding=\"async\" class=\"wp-image-10866 size-full\" src=\"https:\/\/www.europesays.com\/fr\/wp-content\/uploads\/2025\/09\/Marecages-de-Nancy-Featured-Image-\u00a9-French-Moments.jpg\" alt=\"Nancy-Metz - Les mar\u00e9cages de Nancy et la Bataille de Nancy (1477)\" width=\"1068\" height=\"710\" data-jpibfi-post-excerpt=\"\" data-jpibfi-post-url=\"https:\/\/mon-grand-est.fr\/nancy-metz-sejour-en-lorraine\/\" data-jpibfi-post-title=\"Nancy-Metz : un duo gagnant pour un s\u00e9jour inoubliable !\" data-jpibfi-src=\"https:\/\/www.europesays.com\/fr\/wp-content\/uploads\/2025\/09\/Marecages-de-Nancy-Featured-Image-\u00a9-French-Moments.jpg\"  \/>Les mar\u00e9cages de Nancy et la Bataille de Nancy (1477)<\/p>\n<p>\u00a0<\/p>\n<p>Metz, les avantages d\u2019une Ville Libre pendant le Moyen-\u00e2ge<\/p>\n<p style=\"text-align: justify;\">Pendant le Moyen-Age, Metz fut une opulente cit\u00e9 \u00e9piscopale puis une r\u00e9publique oligarchique.<\/p>\n<p style=\"text-align: justify;\">D\u00e9j\u00e0, au 12e si\u00e8cle, elle se constitua ville libre et devint la capitale d\u2019une petite r\u00e9publique. Au 14e si\u00e8cle, Metz\u00a0compta <strong>pr\u00e8s de 30 000 habitants<\/strong>. Elle fut de loin la plus grande ville de Lorraine. Ce qui attise bien s\u00fbr les convoitises des ducs de Lorraine qui ne se g\u00eanaient pas pour\u00a0l\u2019assi\u00e9ger\u2026 sans succ\u00e8s !<\/p>\n<p><img loading=\"lazy\" decoding=\"async\" class=\"wp-image-5553 size-full\" src=\"https:\/\/www.europesays.com\/fr\/wp-content\/uploads\/2025\/09\/Quais-Moselle-et-Cath\u00e9drale-Metz-\u00a9-French-Moments.jpg\" alt=\"Nancy-Metz - Vue sur Metz \u00a9 French Moments\" width=\"1200\" height=\"806\" data-jpibfi-post-excerpt=\"\" data-jpibfi-post-url=\"https:\/\/mon-grand-est.fr\/nancy-metz-sejour-en-lorraine\/\" data-jpibfi-post-title=\"Nancy-Metz : un duo gagnant pour un s\u00e9jour inoubliable !\" data-jpibfi-src=\"https:\/\/www.europesays.com\/fr\/wp-content\/uploads\/2025\/09\/Quais-Moselle-et-Cath\u00e9drale-Metz-\u00a9-French-Moments.jpg\"  \/>La cath\u00e9drale de Metz vue de la place de la Pr\u00e9fecture \u00a9 French Moments<\/p>\n<p style=\"text-align: justify;\">On raconte qu\u2019en 1491, les Messins furent furieux d\u2019apprendre que le duc Ren\u00e9 II avait fait poser dans la cath\u00e9drale de Metz des vitraux \u00e0 Croix de Lorraine\u2026 ceci pour marquer son emprise sur l\u2019\u00e9v\u00each\u00e9 !<\/p>\n<p style=\"text-align: justify;\"><strong>1552<\/strong> fut une date importante pour comprendre la rivalit\u00e9 contemporaine entre Metz et Nancy.<\/p>\n<p style=\"text-align: justify;\">Cette ann\u00e9e-l\u00e0, le roi de France <strong>Henri II s\u2019empara des Trois-Ev\u00each\u00e9s lorrains<\/strong> : Toul, Verdun et Metz. Une annexion de facto qui fut ratifi\u00e9e pour de bon un si\u00e8cle plus tard par les <strong>trait\u00e9s de Westphalie<\/strong> (octobre 1648). <strong>Metz devint une place-forte du royaume de France<\/strong> face au Saint-Empire romain germanique dont le duch\u00e9 de Lorraine faisait encore partie. Et aussi une enclave dans ce dernier !<\/p>\n<p><a href=\"https:\/\/fr.wikipedia.org\/wiki\/Duch\u00e9_de_Lorraine#\/media\/Fichier:Carte_du_duch\u00e9_de_Lorraine.svg\" target=\"_blank\" rel=\"noopener\"><img loading=\"lazy\" decoding=\"async\" class=\"wp-image-14483 size-full\" src=\"https:\/\/www.europesays.com\/fr\/wp-content\/uploads\/2025\/09\/Map-Duche-de-Lorraine-\u00a9-Oie-Blanche-licence-CC-BY-SA-3.0-from-Wikimedia-Commons.jpg\" alt=\"Nancy-Metz - Les duch\u00e9s de Bar et de Lorraine \u00a9 Oie Blanche - licence [CC BY-SA 3.0] from Wikimedia Commons\" width=\"1200\" height=\"1017\" data-jpibfi-post-excerpt=\"\" data-jpibfi-post-url=\"https:\/\/mon-grand-est.fr\/nancy-metz-sejour-en-lorraine\/\" data-jpibfi-post-title=\"Nancy-Metz : un duo gagnant pour un s\u00e9jour inoubliable !\" data-jpibfi-src=\"https:\/\/www.europesays.com\/fr\/wp-content\/uploads\/2025\/09\/Map-Duche-de-Lorraine-\u00a9-Oie-Blanche-licence-CC-BY-SA-3.0-from-Wikimedia-Commons.jpg\"  \/><\/a>Les duch\u00e9s de Bar et de Lorraine dans leurs limites du 18e si\u00e8cle et les communes et d\u00e9partements actuels. On r\u00e9alise combien Metz, fran\u00e7aise depuis 1552 \u00e9tait enclav\u00e9e \u00a9 Oie Blanche \u2013 licence [CC BY-SA 3.0] from Wikimedia Commons<\/p>\n<p>\u00a0<\/p>\n<p>Et Nancy dans tout \u00e7a ?<\/p>\n<p style=\"text-align: justify;\">Nancy\u00a0se d\u00e9veloppa consid\u00e9rablement au 16e si\u00e8cle, avec <strong>la fondation de la Ville-Neuve<\/strong> par le duc Charles III. De ce fait, elle conforta son r\u00f4le de capitale d\u2019un duch\u00e9 rest\u00e9 ind\u00e9pendant dans le Saint-Empire (m\u00eame si les Fran\u00e7ais l\u2019ont souvent envahie et occup\u00e9e !)<\/p>\n<p><img loading=\"lazy\" decoding=\"async\" class=\"wp-image-8784 size-full\" src=\"https:\/\/www.europesays.com\/fr\/wp-content\/uploads\/2025\/09\/Arc-H\u00e9r\u00e9-Nancy-02-\u00a9-French-Moments.jpg\" alt=\"Nancy-Metz - Arc H\u00e9r\u00e9 \u00e0 Nancy \u00a9 French Moments\" width=\"1200\" height=\"801\" data-jpibfi-post-excerpt=\"\" data-jpibfi-post-url=\"https:\/\/mon-grand-est.fr\/nancy-metz-sejour-en-lorraine\/\" data-jpibfi-post-title=\"Nancy-Metz : un duo gagnant pour un s\u00e9jour inoubliable !\" data-jpibfi-src=\"https:\/\/www.europesays.com\/fr\/wp-content\/uploads\/2025\/09\/Arc-H\u00e9r\u00e9-Nancy-02-\u00a9-French-Moments.jpg\"  \/>La Renomm\u00e9e et la vue sur la place Stanislas \u00a9 French Moments<\/p>\n<p style=\"text-align: justify;\">Nancy fut embellie par le dernier duc de Lorraine, le roi d\u00e9tr\u00f4n\u00e9 de Pologne <a href=\"https:\/\/mon-grand-est.fr\/dans-les-pas-de-stanislas\/\" target=\"_blank\" rel=\"noopener\">Stanislas Leszczy\u0144ski<\/a>. Il \u00e9tait pr\u00e9vu qu\u2019\u00e0 sa mort, le duch\u00e9 de Lorraine reviendrait \u00e0 la couronne de France.<\/p>\n<p style=\"text-align: justify;\">Ce fut une r\u00e9alit\u00e9 en <strong>1766<\/strong>. D\u00e8s lors, et <strong>pour la premi\u00e8re fois, Nancy et Metz se retrouvaient dans le m\u00eame pays<\/strong>\u00a0; elles qui avaient men\u00e9 leur destin chacune de leur\u00a0c\u00f4t\u00e9.<\/p>\n<p style=\"text-align: justify;\">Pendant pr\u00e8s d\u2019un si\u00e8cle, Metz comptait l\u00e9g\u00e8rement plus d\u2019habitants que Nancy<\/p>\n<ul>\n<li style=\"text-align: justify;\">1800 \u2013 Metz : 32 000 hab, Nancy : 28 000 hab.<\/li>\n<li style=\"text-align: justify;\">1861 \u2013 Metz : 56 800 hab, Nancy : 49 300 hab.<\/li>\n<\/ul>\n<p style=\"text-align: justify;\">Jusqu\u2019en 1870, <strong>Metz est une ville militaire<\/strong>, surnomm\u00e9e \u00ab la forteresse de l\u2019Est\u00a0\u00bb ou bien \u00ab\u00a0la plus forte citadelle de France\u00a0\u00bb.<\/p>\n<p><img loading=\"lazy\" decoding=\"async\" class=\"wp-image-671 size-full\" src=\"https:\/\/www.europesays.com\/fr\/wp-content\/uploads\/2025\/09\/Porte-des-Allemands-Metz-01-\u00a9-French-Moments.jpg\" alt=\"Nancy-Metz - Porte des Allemands, Metz \u00a9 French Moments\" width=\"1024\" height=\"768\" data-jpibfi-post-excerpt=\"\" data-jpibfi-post-url=\"https:\/\/mon-grand-est.fr\/nancy-metz-sejour-en-lorraine\/\" data-jpibfi-post-title=\"Nancy-Metz : un duo gagnant pour un s\u00e9jour inoubliable !\" data-jpibfi-src=\"https:\/\/www.europesays.com\/fr\/wp-content\/uploads\/2025\/09\/Porte-des-Allemands-Metz-01-\u00a9-French-Moments.jpg\"  \/>La porte des Allemands \u00e0 Metz \u00a9 French Moments<\/p>\n<p>\u00a0<\/p>\n<p>Le bouleversement de 1871 et l\u2019essor de Nancy<\/p>\n<p style=\"text-align: justify;\">N\u00e9anmoins, la <strong>guerre franco-prussienne de 1870-71<\/strong> allait changer profond\u00e9ment la donne en Lorraine. Et contribuer \u00e0 exacerber la rivalit\u00e9 entre les deux villes. A l\u2019issue de la d\u00e9faite fran\u00e7aise, <strong>le trait\u00e9 de Francfort<\/strong> ent\u00e9rina le rattachement de l\u2019Alsace et du d\u00e9partement de Moselle \u00e0 l\u2019Allemagne.<\/p>\n<p style=\"text-align: justify;\">C\u2019est alors que Nancy connut une <strong>pouss\u00e9e d\u00e9mographique exceptionnelle<\/strong> par <strong>l\u2019arriv\u00e9e des optants<\/strong>. Il s\u2019agissait\u00a0des Alsaciens et Mosellans qui refus\u00e8rent la nationalit\u00e9 allemande, pr\u00e9f\u00e9rant quitter leur r\u00e9gion pour s\u2019installer \u00e0 Nancy (ou \u00e0 Belfort et \u00e0 Paris). Ce fut le choix de nombreux industriels et intellectuels. Ainsi, plusieurs devinrent les chefs de file de l\u2019<a href=\"https:\/\/mon-grand-est.fr\/musee-de-lecole-de-nancy\/\" target=\"_blank\" rel=\"noopener\">Ecole de Nancy<\/a>, faisant de l\u2019ancienne cit\u00e9 ducale un des berceaux de l\u2019Art Nouveau en Europe.<\/p>\n<p><img loading=\"lazy\" decoding=\"async\" class=\"wp-image-11537 size-full\" src=\"https:\/\/www.europesays.com\/fr\/wp-content\/uploads\/2025\/09\/Nancy-Spring-2019-04-\u00a9-French-Moments.jpg\" alt=\"Nancy-Metz - Les toits de Nancy, la cath\u00e9drale et au loin, les Vosges \u00a9 French Moments\" width=\"1024\" height=\"684\" data-jpibfi-post-excerpt=\"\" data-jpibfi-post-url=\"https:\/\/mon-grand-est.fr\/nancy-metz-sejour-en-lorraine\/\" data-jpibfi-post-title=\"Nancy-Metz : un duo gagnant pour un s\u00e9jour inoubliable !\" data-jpibfi-src=\"https:\/\/www.europesays.com\/fr\/wp-content\/uploads\/2025\/09\/Nancy-Spring-2019-04-\u00a9-French-Moments.jpg\"  \/>La ville de Nancy connut un important essor d\u00e9mographique \u00e0 l\u2019issue de la guerre de 1870-71 \u00a9 French Moments<\/p>\n<p style=\"text-align: justify;\">De ce fait, la ville passa de 50 000 habitants en 1870 \u00e0 120 000 en 1914 !<\/p>\n<p>\u00a0<\/p>\n<p>Metz sous l\u2019Annexion allemande<\/p>\n<p style=\"text-align: justify;\">Metz ne fut d\u2019ailleurs pas en reste sous l\u2019Annexion. Les autorit\u00e9s allemandes voulurent faire de la ville\u00a0<strong>une vitrine de l\u2019empire du Kaiser<\/strong>. Un <a href=\"https:\/\/mon-grand-est.fr\/quartier-imperial-allemand-de-metz\/\" target=\"_blank\" rel=\"noopener\">quartier<\/a> entier surgit du sol autour de la <a href=\"https:\/\/mon-grand-est.fr\/gare-de-metz\/\" target=\"_blank\" rel=\"noopener\">gare ferroviaire<\/a>.<\/p>\n<p><img loading=\"lazy\" decoding=\"async\" class=\"wp-image-9325 size-full\" src=\"https:\/\/www.europesays.com\/fr\/wp-content\/uploads\/2025\/09\/Gare-de-Metz-Exterior-04-\u00a9-French-Moments.jpg\" alt=\"Nancy-Metz - Gare de Metz \u00a9 French Moments\" width=\"1200\" height=\"801\" data-jpibfi-post-excerpt=\"\" data-jpibfi-post-url=\"https:\/\/mon-grand-est.fr\/nancy-metz-sejour-en-lorraine\/\" data-jpibfi-post-title=\"Nancy-Metz : un duo gagnant pour un s\u00e9jour inoubliable !\" data-jpibfi-src=\"https:\/\/www.europesays.com\/fr\/wp-content\/uploads\/2025\/09\/Gare-de-Metz-Exterior-04-\u00a9-French-Moments.jpg\"  \/>La Gare de Metz \u00a9 French Moments<\/p>\n<p style=\"text-align: justify;\">Mais l\u2019installation d\u2019\u00e9migr\u00e9s allemands ne semble pas avoir compens\u00e9 la perte des optants. La ville ne connut qu\u2019une croissance d\u00e9mographique mod\u00e9r\u00e9e par rapport \u00e0 Nancy.<\/p>\n<p style=\"text-align: justify;\">La ville passa de 51 300 habitants en 1871 \u00e0 68 600 en 1910. Il fallut attendre 1962 pour qu\u2019elle atteigne la barre symbolique des 100 000 habitants, notamment gr\u00e2ce au rattachement de communes limitrophes.<\/p>\n<p>\u00a0<\/p>\n<p>Le retour de Metz \u00e0 la France<\/p>\n<p style=\"text-align: justify;\"><strong>En 1918, Metz est redevenue fran\u00e7aise<\/strong>. Mais ce ne fut pas une mince affaire pour la ville. L\u2019\u00e9conomie messine \u00e9tait\u00a0durement affect\u00e9e par l\u2019expulsion massive de citoyens allemands en 1918 et 1919. Mais le r\u00f4le militaire de Metz s\u2019affirma avec l\u2019installation du si\u00e8ge du commandement de l\u2019\u00e9tat-major de la r\u00e9gion Est.<\/p>\n<p><img loading=\"lazy\" decoding=\"async\" class=\"wp-image-1877 size-full\" src=\"https:\/\/www.europesays.com\/fr\/wp-content\/uploads\/2025\/09\/Palais-du-Gouverneur-de-Metz-05-\u00a9-French-Moments.jpg\" alt=\"Nancy-Metz - Palais du Gouverneur de Metz \u00a9 French Moments\" width=\"1024\" height=\"768\" data-jpibfi-post-excerpt=\"\" data-jpibfi-post-url=\"https:\/\/mon-grand-est.fr\/nancy-metz-sejour-en-lorraine\/\" data-jpibfi-post-title=\"Nancy-Metz : un duo gagnant pour un s\u00e9jour inoubliable !\" data-jpibfi-src=\"https:\/\/www.europesays.com\/fr\/wp-content\/uploads\/2025\/09\/Palais-du-Gouverneur-de-Metz-05-\u00a9-French-Moments.jpg\"  \/>Le Palais du Gouverneur \u00e0 Metz, si\u00e8ge du Commandant de la r\u00e9gion militaire Nord-Est \u00a9 French Moments<\/p>\n<p style=\"text-align: justify;\">Puis, la ville fut annex\u00e9e par l\u2019Allemagne de Hitler \u00e0 partir de juin 1940, avant d\u2019\u00eatre lib\u00e9r\u00e9e par les troupes am\u00e9ricaines le 22 novembre 1944.<\/p>\n<p>\u00a0<\/p>\n<p>L\u2019Apr\u00e8s-guerre\u00a0: la rivalit\u00e9 Nancy-Metz \u00e0 son apog\u00e9e<\/p>\n<p style=\"text-align: justify;\">A l\u2019issue de\u00a0la Seconde guerre mondiale, Metz et Nancy se retrouv\u00e8rent \u00e0 nouveau dans le m\u00eame pays. Avec la p\u00e9riode de croissance \u00e9conomique des Trente Glorieuses, leur population respective s\u2019\u00e9galisa. La bataille pour un autre enjeu de prestige politique d\u00e9buta\u2026 \u00e0 savoir <strong>qui serait la capitale de la nouvelle r\u00e9gion administrative de Lorraine ?<\/strong><\/p>\n<p style=\"text-align: justify;\"><strong>En 1964, la pr\u00e9fecture de r\u00e9gion fut \u00e9tablie \u00e0 Metz<\/strong>. 10 ans plus tard, ce fut toujours \u00e0 Metz qu\u2019eut lieu la premi\u00e8re session du conseil r\u00e9gional de Lorraine.<\/p>\n<p style=\"text-align: justify;\">Dans les ann\u00e9es 1970, <strong>le trac\u00e9 controvers\u00e9 de l\u2019autoroute de l\u2019Est<\/strong> (A4) b\u00e9n\u00e9ficia \u00e0 Metz et aux bassins sid\u00e9rurgiques et houillers du nord de la r\u00e9gion, au d\u00e9triment de Nancy.<\/p>\n<p>\u00a0<\/p>\n<p>Coupons la poire en deux !<\/p>\n<p style=\"text-align: justify;\">Trois d\u00e9cennies plus tard, on n\u2019osa pas pr\u00e9f\u00e9rer une ville \u00e0 une autre avec <strong>le trac\u00e9 du TGV-Est<\/strong> ou la construction de <strong>l\u2019a\u00e9roport de Lorraine<\/strong>. On choisit tout simplement le statut-quo : <strong>\u00e0 mi-chemin<\/strong> entre Metz et Nancy \u2013 et tant pis si c\u2019est au milieu des champs !<\/p>\n<p><img loading=\"lazy\" decoding=\"async\" class=\"wp-image-13491 size-full\" src=\"https:\/\/www.europesays.com\/fr\/wp-content\/uploads\/2025\/07\/Nancy-Petit-Train-Noel-01-\u00a9-French-Moments.jpg\" alt=\"Nancy-Metz - le Petit train touristique \u00e0 Nancy \u00a9 French Moments\" width=\"1200\" height=\"802\" data-jpibfi-post-excerpt=\"\" data-jpibfi-post-url=\"https:\/\/mon-grand-est.fr\/nancy-metz-sejour-en-lorraine\/\" data-jpibfi-post-title=\"Nancy-Metz : un duo gagnant pour un s\u00e9jour inoubliable !\" data-jpibfi-src=\"https:\/\/www.europesays.com\/fr\/wp-content\/uploads\/2025\/07\/Nancy-Petit-Train-Noel-01-\u00a9-French-Moments.jpg\"  \/>On pourra toujours se consoler avec le petit train \u00e0 Nancy ! \u00a9 French Moments<\/p>\n<p style=\"text-align: justify;\">Voyez-vous, apr\u00e8s ce long interm\u00e8de historique, force est de constater qu\u2019il n\u2019est pas si simple de demander au\u00a0miroir magique : Qui, de Nancy ou de Metz, est la capitale l\u00e9gitime de la Lorraine ?<\/p>\n<p style=\"text-align: justify;\">Pour \u00eatre tout \u00e0 fait franc avec vous, je dirai que la d\u00e9finition de la Lorraine pour chacune des villes diff\u00e8re. De par son histoire complexe, il n\u2019existe pas une seule Lorraine pour laquelle Metz ou Nancy pourraient se revendiquer capitale.<\/p>\n<p>\u00a0<\/p>\n<p>C\u2019est quoi la Lorraine, du coup ?<\/p>\n<p style=\"text-align: justify;\">Parle-t-on de la Haute-Lotharingie ? Du duch\u00e9 de Lorraine ?\u00a0<\/p>\n<p style=\"text-align: justify;\">Et puis nous n\u2019avons m\u00eame pas mentionn\u00e9 le duch\u00e9 de Bar\u2026 les deux autres \u00e9v\u00each\u00e9s de Toul et Verdun, ainsi que leurs possessions\u2026 (pour ne pas compliquer davantage les explications ? )<\/p>\n<p><img loading=\"lazy\" decoding=\"async\" class=\"wp-image-3477 size-full\" src=\"https:\/\/www.europesays.com\/fr\/wp-content\/uploads\/2025\/09\/Nancy-Eglise-des-Cordeliers-Vitrail-\u00a9-French-Moments.jpg\" alt=\"Eglise des cordeliers, Nancy \u00a9 French Moments\" width=\"1200\" height=\"901\" data-jpibfi-post-excerpt=\"\" data-jpibfi-post-url=\"https:\/\/mon-grand-est.fr\/nancy-metz-sejour-en-lorraine\/\" data-jpibfi-post-title=\"Nancy-Metz : un duo gagnant pour un s\u00e9jour inoubliable !\" data-jpibfi-src=\"https:\/\/www.europesays.com\/fr\/wp-content\/uploads\/2025\/09\/Nancy-Eglise-des-Cordeliers-Vitrail-\u00a9-French-Moments.jpg\"  \/>Les armoiries des ducs de Lorraine (\u00e9glise des cordeliers, Nancy) \u00a9 French Moments<\/p>\n<p style=\"text-align: justify;\">Ainsi, il est pr\u00e9f\u00e9rable de prendre du recul. Puis de mettre en avant tout ce que les deux villes distantes de 55 km ont pu r\u00e9aliser en commun. Un bon exemple\u00a0: la fusion des universit\u00e9s de Nancy et de Metz en 2012 en une Universit\u00e9 de Lorraine. L\u2019universit\u00e9 se classe troisi\u00e8me en France avec ses 60 000 \u00e9tudiants.<\/p>\n<p style=\"text-align: justify;\">La cr\u00e9ation de la nouvelle r\u00e9gion Grand Est en 2016 aura peut-\u00eatre \u00e9t\u00e9 b\u00e9n\u00e9fique pour une chose : avec la disparition de la r\u00e9gion administrative de Lorraine de 1964, il n\u2019y a plus lieu d\u2019avoir une seule capitale r\u00e9gionale. La Lorraine peut se vanter d\u2019en avoir deux !<\/p>\n<p style=\"text-align: justify;\">Comme l\u2019a d\u00e9clar\u00e9\u00a0un jour l\u2019Archiduc Otto de Habsbourg-Lorraine (fils a\u00een\u00e9 du dernier empereur d\u2019Autriche-Hongrie) : \u00ab\u00a0La Lorraine est assez grande pour pouvoir supporter deux capitales\u00a0\u00bb !<\/p>\n<p style=\"text-align: justify;\">Et pourquoi pas ?<\/p>\n<p>\u00a0<\/p>\n<p>La fin du Grand Est ranimera-t-elle la rivalit\u00e9 ?<\/p>\n<p>Mais, patatras, en 2024, les m\u00e9dias annoncent la (possible) fin prochaine du Grand Est en l\u2019\u00e9tat.<\/p>\n<p>D\u2019ici la fin de l\u2019ann\u00e9e, l\u2019Alsace pourrait sortir de la grande r\u00e9gion pour rebriller en solo comme une r\u00e9gion \u00e0 part enti\u00e8re.<\/p>\n<p>Cette ambition est ardument port\u00e9e par le pr\u00e9sident de la CeA (Collectivit\u00e9 europ\u00e9enne d\u2019Alsace), qui voit dans la prochaine loi sur la d\u00e9centralisation, attendue avec impatience cette ann\u00e9e, une opportunit\u00e9 en or pour r\u00e9aliser ce r\u00eave.<\/p>\n<p>Mais il n\u2019est pas le seul \u00e0 r\u00eaver d\u2019une Alsace prenant son envol. Lors d\u2019une consultation men\u00e9e par la CeA en 2022, pas moins de 92 % des Alsaciens ont vot\u00e9 en faveur de ce changement.<\/p>\n<p>La question qui br\u00fble les l\u00e8vres : quelle ville s\u2019\u00e9rigerait en capitale de ce qui resterait du Grand Est (alias la Champagne-Lorraine) ?<\/p>\n<p>Reims, malgr\u00e9 son prestige, semble hors course, la R\u00e9volution l\u2019ayant rel\u00e9gu\u00e9e au simple r\u00f4le de sous-pr\u00e9fecture de la Marne.<\/p>\n<p>Ch\u00e2lons-en-Champagne, bien que capitale de l\u2019ancienne r\u00e9gion Champagne-Ardenne, manque un peu de poids pour pr\u00e9tendre \u00e0 la couronne.<\/p>\n<p>Et puis, franchement, ces deux l\u00e0 sont un peu trop dans l\u2019ombre de Paris, non ?<\/p>\n<p>Restons donc en Lorraine, o\u00f9 le choix s\u2019annonce\u2026 cors\u00e9 !<\/p>\n<p>Pas une, mais deux villes se d\u00e9tachent, nourrissant une rivalit\u00e9 des plus anciennes.<\/p>\n<p>Laquelle s\u2019imposera ?<\/p>\n<p>La vieille querelle serait-elle sur le point de rena\u00eetre ?<\/p>\n<p>\u00a0<\/p>\n<p>S\u00e9journez en Lorraine !<img loading=\"lazy\" decoding=\"async\" class=\"size-full wp-image-21775\" src=\"https:\/\/www.europesays.com\/fr\/wp-content\/uploads\/2025\/09\/Hotel-de-la-Cathe\u0301drale-Metz-01-\u00a9-French-Moments.jpg\" alt=\"Hotel de la Cath\u00e9drale - Metz \u00a9 French Moments\" width=\"1200\" height=\"801\" data-jpibfi-post-excerpt=\"\" data-jpibfi-post-url=\"https:\/\/mon-grand-est.fr\/nancy-metz-sejour-en-lorraine\/\" data-jpibfi-post-title=\"Nancy-Metz : un duo gagnant pour un s\u00e9jour inoubliable !\" data-jpibfi-src=\"https:\/\/www.europesays.com\/fr\/wp-content\/uploads\/2025\/09\/Hotel-de-la-Cathe\u0301drale-Metz-01-\u00a9-French-Moments.jpg\"  \/>Ma chambre \u00e0 l\u2019Hotel de la Cath\u00e9drale \u2013 Metz \u00a9 French Moments<img loading=\"lazy\" decoding=\"async\" class=\"size-full wp-image-9050\" src=\"https:\/\/www.europesays.com\/fr\/wp-content\/uploads\/2025\/09\/Maison-de-Myon-11-\u00a9-French-Moments.jpg\" alt=\"Maison de Myon, Nancy \u00a9 French Moments\" width=\"1200\" height=\"801\" data-jpibfi-post-excerpt=\"\" data-jpibfi-post-url=\"https:\/\/mon-grand-est.fr\/nancy-metz-sejour-en-lorraine\/\" data-jpibfi-post-title=\"Nancy-Metz : un duo gagnant pour un s\u00e9jour inoubliable !\" data-jpibfi-src=\"https:\/\/www.europesays.com\/fr\/wp-content\/uploads\/2025\/09\/Maison-de-Myon-11-\u00a9-French-Moments.jpg\"  \/>La cour int\u00e9rieure de la Maison de Myon, Nancy \u00a9 French Moments<\/p>\n<p style=\"text-align: justify;\">Si vous planifiez de s\u00e9journer dans la r\u00e9gion de Nancy-Metz, je vous invite \u00e0 prendre connaissance de mon article<a class=\"validating\" href=\"https:\/\/mon-grand-est.fr\/ou-dormir-en-lorraine\/\" target=\"_blank\" rel=\"noopener\" data-cke-saved-href=\"https:\/\/www.booking.com\/searchresults.fr.html?region=788&amp;aid=1673480&amp;no_rooms=1&amp;group_adults=1\"><strong> \u00ab\u00a0O\u00f9 dormir en Lorraine ?\u00a0\u00bb<\/strong><\/a><\/p>\n<p>Vous y trouverez une s\u00e9lection d\u2019h\u00e9bergements sur Nancy-Metz vraiment sympas que j\u2019ai fr\u00e9quent\u00e9s\u00a0lors de mes visites.<\/p>\n<p>\u00a0<\/p>\n<p>Nancy-Metz : synth\u00e8se d\u2019une ville id\u00e9ale<\/p>\n<p style=\"text-align: justify;\">Pour la premi\u00e8re fois, je vais mettre en commun les sites de Metz et Nancy en les classant par\u00a0des cat\u00e9gories touristiques.<\/p>\n<p style=\"text-align: justify;\">Vous \u00eates pr\u00eats pour une petite visite touristique ? Allez, on y va\u2026<\/p>\n<p>\u00a0<\/p>\n<p>Les places<\/p>\n<p style=\"text-align: justify;\">L\u2019incontournable <strong><a href=\"https:\/\/mon-grand-est.fr\/place-stanislas\/\" target=\"_blank\" rel=\"noopener\">place Stanislas<\/a><\/strong>\u00a0de Nancy m\u00e9rite le d\u00e9tour.<\/p>\n<p><img loading=\"lazy\" decoding=\"async\" class=\"size-full wp-image-8821\" src=\"https:\/\/www.europesays.com\/fr\/wp-content\/uploads\/2025\/09\/Place-Stanislas-Entrance-Nancy-02-\u00a9-French-Moments.jpg\" alt=\"Place Stanislas, Nancy \u00a9 French Moments\" width=\"1200\" height=\"803\" data-jpibfi-post-excerpt=\"\" data-jpibfi-post-url=\"https:\/\/mon-grand-est.fr\/nancy-metz-sejour-en-lorraine\/\" data-jpibfi-post-title=\"Nancy-Metz : un duo gagnant pour un s\u00e9jour inoubliable !\" data-jpibfi-src=\"https:\/\/www.europesays.com\/fr\/wp-content\/uploads\/2025\/09\/Place-Stanislas-Entrance-Nancy-02-\u00a9-French-Moments.jpg\"  \/><\/p>\n<p><img loading=\"lazy\" decoding=\"async\" class=\"size-full wp-image-8801\" src=\"https:\/\/www.europesays.com\/fr\/wp-content\/uploads\/2025\/09\/Nancy-Place-Stanislas-from-Arc-de-Triomphe-02-\u00a9-French-Moments-1.jpg\" alt=\"Arc H\u00e9r\u00e9 \u00e0 Nancy \u00a9 French Moments\" width=\"1200\" height=\"801\" data-jpibfi-post-excerpt=\"\" data-jpibfi-post-url=\"https:\/\/mon-grand-est.fr\/nancy-metz-sejour-en-lorraine\/\" data-jpibfi-post-title=\"Nancy-Metz : un duo gagnant pour un s\u00e9jour inoubliable !\" data-jpibfi-src=\"https:\/\/www.europesays.com\/fr\/wp-content\/uploads\/2025\/09\/Nancy-Place-Stanislas-from-Arc-de-Triomphe-02-\u00a9-French-Moments-1.jpg\"  \/><\/p>\n<p><img loading=\"lazy\" decoding=\"async\" class=\"size-full wp-image-9027\" src=\"https:\/\/www.europesays.com\/fr\/wp-content\/uploads\/2025\/09\/Fountain-of-Neptune-Place-Stanislas-Nancy-\u00a9-French-Moments.jpg\" alt=\"Place Stanislas, Nancy \u00a9 French Moments\" width=\"1200\" height=\"803\" data-jpibfi-post-excerpt=\"\" data-jpibfi-post-url=\"https:\/\/mon-grand-est.fr\/nancy-metz-sejour-en-lorraine\/\" data-jpibfi-post-title=\"Nancy-Metz : un duo gagnant pour un s\u00e9jour inoubliable !\" data-jpibfi-src=\"https:\/\/www.europesays.com\/fr\/wp-content\/uploads\/2025\/09\/Fountain-of-Neptune-Place-Stanislas-Nancy-\u00a9-French-Moments.jpg\"  \/><\/p>\n<p style=\"text-align: justify;\">Tout comme le sont les deux autres places de Nancy, \u00e9galement class\u00e9es au patrimoine mondial de l\u2019Unesco : la <strong><a href=\"https:\/\/mon-grand-est.fr\/place-de-la-carriere-nancy\/\" target=\"_blank\" rel=\"noopener\">place de la Carri\u00e8re<\/a><\/strong> et la <strong><a href=\"https:\/\/mon-grand-est.fr\/place-dalliance-nancy\/\" target=\"_blank\" rel=\"noopener\">place d\u2019Alliance<\/a><\/strong>.<\/p>\n<p><img loading=\"lazy\" decoding=\"async\" class=\"size-full wp-image-11535\" src=\"https:\/\/www.europesays.com\/fr\/wp-content\/uploads\/2025\/09\/Nancy-Spring-2019-02-\u00a9-French-Moments.jpg\" alt=\"Place d'Alliance, Nancy \u00a9 French Moments\" width=\"1024\" height=\"684\" data-jpibfi-post-excerpt=\"\" data-jpibfi-post-url=\"https:\/\/mon-grand-est.fr\/nancy-metz-sejour-en-lorraine\/\" data-jpibfi-post-title=\"Nancy-Metz : un duo gagnant pour un s\u00e9jour inoubliable !\" data-jpibfi-src=\"https:\/\/www.europesays.com\/fr\/wp-content\/uploads\/2025\/09\/Nancy-Spring-2019-02-\u00a9-French-Moments.jpg\"  \/><\/p>\n<p><img loading=\"lazy\" decoding=\"async\" class=\"size-full wp-image-11540\" src=\"https:\/\/www.europesays.com\/fr\/wp-content\/uploads\/2025\/09\/Nancy-Spring-2019-07-\u00a9-French-Moments.jpg\" alt=\"Photos de printemps en Lorraine : la place de la Carri\u00e8re \u00a9 French Moments\" width=\"1024\" height=\"684\" data-jpibfi-post-excerpt=\"\" data-jpibfi-post-url=\"https:\/\/mon-grand-est.fr\/nancy-metz-sejour-en-lorraine\/\" data-jpibfi-post-title=\"Nancy-Metz : un duo gagnant pour un s\u00e9jour inoubliable !\" data-jpibfi-src=\"https:\/\/www.europesays.com\/fr\/wp-content\/uploads\/2025\/09\/Nancy-Spring-2019-07-\u00a9-French-Moments.jpg\"  \/><\/p>\n<p style=\"text-align: justify;\">A Metz, le 18e si\u00e8cle a l\u00e9gu\u00e9 la <strong>place d\u2019Armes<\/strong> et ses b\u00e2timents n\u00e9o-classiques, dont l\u2019h\u00f4tel de ville.<\/p>\n<p>\u00a0<\/p>\n<p><img loading=\"lazy\" decoding=\"async\" class=\"size-full wp-image-14489\" src=\"https:\/\/www.europesays.com\/fr\/wp-content\/uploads\/2025\/09\/Metz-City-Hall-flags-LR-\u00a9-French-Moments.jpg\" alt=\"H\u00f4tel de Ville de Metz \u00a9 French Moments\" width=\"1200\" height=\"801\" data-jpibfi-post-excerpt=\"\" data-jpibfi-post-url=\"https:\/\/mon-grand-est.fr\/nancy-metz-sejour-en-lorraine\/\" data-jpibfi-post-title=\"Nancy-Metz : un duo gagnant pour un s\u00e9jour inoubliable !\" data-jpibfi-src=\"https:\/\/www.europesays.com\/fr\/wp-content\/uploads\/2025\/09\/Metz-City-Hall-flags-LR-\u00a9-French-Moments.jpg\"  \/><\/p>\n<p><img loading=\"lazy\" decoding=\"async\" class=\"size-full wp-image-14488\" src=\"https:\/\/www.europesays.com\/fr\/wp-content\/uploads\/2025\/09\/Metz-City-Hall-by-night-LR-\u00a9-French-Moments.jpg\" alt=\"H\u00f4tel de Ville de Metz \u00a9 French Moments\" width=\"1200\" height=\"801\" data-jpibfi-post-excerpt=\"\" data-jpibfi-post-url=\"https:\/\/mon-grand-est.fr\/nancy-metz-sejour-en-lorraine\/\" data-jpibfi-post-title=\"Nancy-Metz : un duo gagnant pour un s\u00e9jour inoubliable !\" data-jpibfi-src=\"https:\/\/www.europesays.com\/fr\/wp-content\/uploads\/2025\/09\/Metz-City-Hall-by-night-LR-\u00a9-French-Moments.jpg\"  \/><\/p>\n<p style=\"text-align: justify;\">Mais la cit\u00e9 mosellane est aussi c\u00e9l\u00e8bre pour sa <strong>place Saint-Louis<\/strong>, d\u2019origine m\u00e9di\u00e9vale\u2026<\/p>\n<p><img loading=\"lazy\" decoding=\"async\" class=\"size-full wp-image-9549\" src=\"https:\/\/www.europesays.com\/fr\/wp-content\/uploads\/2025\/09\/Place-Saint-Louis-Metz-01-\u00a9-French-Moments.jpg\" alt=\"Place Saint-Louis Metz \u00a9 French Moments\" width=\"1200\" height=\"801\" data-jpibfi-post-excerpt=\"\" data-jpibfi-post-url=\"https:\/\/mon-grand-est.fr\/nancy-metz-sejour-en-lorraine\/\" data-jpibfi-post-title=\"Nancy-Metz : un duo gagnant pour un s\u00e9jour inoubliable !\" data-jpibfi-src=\"https:\/\/www.europesays.com\/fr\/wp-content\/uploads\/2025\/09\/Place-Saint-Louis-Metz-01-\u00a9-French-Moments.jpg\"  \/><\/p>\n<p><img loading=\"lazy\" decoding=\"async\" class=\"size-full wp-image-5548\" src=\"https:\/\/www.europesays.com\/fr\/wp-content\/uploads\/2025\/09\/Place-Saint-Louis-Metz-02-\u00a9-French-Moments.jpg\" alt=\"Place Saint-Louis Metz\" width=\"1200\" height=\"804\" data-jpibfi-post-excerpt=\"\" data-jpibfi-post-url=\"https:\/\/mon-grand-est.fr\/nancy-metz-sejour-en-lorraine\/\" data-jpibfi-post-title=\"Nancy-Metz : un duo gagnant pour un s\u00e9jour inoubliable !\" data-jpibfi-src=\"https:\/\/www.europesays.com\/fr\/wp-content\/uploads\/2025\/09\/Place-Saint-Louis-Metz-02-\u00a9-French-Moments.jpg\"  \/><\/p>\n<p style=\"text-align: justify;\">Et la <strong>place de la Com\u00e9die<\/strong> qui fait face \u00e0 l\u2019op\u00e9ra-th\u00e9\u00e2tre, un des plus anciens de France encore en activit\u00e9.<\/p>\n<p><img loading=\"lazy\" decoding=\"async\" class=\"size-full wp-image-23875\" src=\"https:\/\/www.europesays.com\/fr\/wp-content\/uploads\/2025\/09\/Metz-Autumn-16-copyright-French-Moments.jpg\" alt=\"Jardin \u00e9ph\u00e9m\u00e8re de Metz \u00a9 French Moments\" width=\"1100\" height=\"736\" data-jpibfi-post-excerpt=\"\" data-jpibfi-post-url=\"https:\/\/mon-grand-est.fr\/nancy-metz-sejour-en-lorraine\/\" data-jpibfi-post-title=\"Nancy-Metz : un duo gagnant pour un s\u00e9jour inoubliable !\" data-jpibfi-src=\"https:\/\/www.europesays.com\/fr\/wp-content\/uploads\/2025\/09\/Metz-Autumn-16-copyright-French-Moments.jpg\"  \/><\/p>\n<p><img loading=\"lazy\" decoding=\"async\" class=\"size-full wp-image-11507\" src=\"https:\/\/www.europesays.com\/fr\/wp-content\/uploads\/2025\/09\/Metz-Spring-2019-06-\u00a9-French-Moments.jpg\" alt=\"Place de la Com\u00e9die et le Temple-Neuf \u00a9 French Moments\" width=\"1024\" height=\"684\" data-jpibfi-post-excerpt=\"\" data-jpibfi-post-url=\"https:\/\/mon-grand-est.fr\/nancy-metz-sejour-en-lorraine\/\" data-jpibfi-post-title=\"Nancy-Metz : un duo gagnant pour un s\u00e9jour inoubliable !\" data-jpibfi-src=\"https:\/\/www.europesays.com\/fr\/wp-content\/uploads\/2025\/09\/Metz-Spring-2019-06-\u00a9-French-Moments.jpg\"  \/><\/p>\n<p>\u00a0<\/p>\n<p>Les ch\u00e2teaux et palais<\/p>\n<p style=\"text-align: justify;\">Metz a conserv\u00e9 de l\u2019\u00e9poque m\u00e9di\u00e9vale la puissante <a href=\"https:\/\/mon-grand-est.fr\/porte-des-allemands\/\" target=\"_blank\" rel=\"noopener\"><strong>porte des Allemands<\/strong><\/a>. Sa silhouette massive de ch\u00e2teau-fort franchit la Seille.<\/p>\n<p><img loading=\"lazy\" decoding=\"async\" class=\"size-full wp-image-668\" src=\"https:\/\/www.europesays.com\/fr\/wp-content\/uploads\/2025\/09\/Porte-des-Allemands-Metz-03-\u00a9-French-Moments.jpg\" alt=\"Porte des Allemands, Metz \u00a9 French Moments\" width=\"1024\" height=\"768\" data-jpibfi-post-excerpt=\"\" data-jpibfi-post-url=\"https:\/\/mon-grand-est.fr\/nancy-metz-sejour-en-lorraine\/\" data-jpibfi-post-title=\"Nancy-Metz : un duo gagnant pour un s\u00e9jour inoubliable !\" data-jpibfi-src=\"https:\/\/www.europesays.com\/fr\/wp-content\/uploads\/2025\/09\/Porte-des-Allemands-Metz-03-\u00a9-French-Moments.jpg\"  \/><\/p>\n<p><img loading=\"lazy\" decoding=\"async\" class=\"size-full wp-image-663\" src=\"https:\/\/www.europesays.com\/fr\/wp-content\/uploads\/2025\/09\/Porte-des-Allemands-Metz-05-\u00a9-French-Moments.jpg\" alt=\"Porte des Allemands, Metz \u00a9 French Moments\" width=\"1024\" height=\"768\" data-jpibfi-post-excerpt=\"\" data-jpibfi-post-url=\"https:\/\/mon-grand-est.fr\/nancy-metz-sejour-en-lorraine\/\" data-jpibfi-post-title=\"Nancy-Metz : un duo gagnant pour un s\u00e9jour inoubliable !\" data-jpibfi-src=\"https:\/\/www.europesays.com\/fr\/wp-content\/uploads\/2025\/09\/Porte-des-Allemands-Metz-05-\u00a9-French-Moments.jpg\"  \/><\/p>\n<p style=\"text-align: justify;\">A Nancy, la <strong>porte de la Craffe<\/strong> marquait l\u2019entr\u00e9e dans la Ville-Vieille en provenance de\u00a0Metz.<\/p>\n<p><img loading=\"lazy\" decoding=\"async\" class=\"size-full wp-image-11541\" src=\"https:\/\/www.europesays.com\/fr\/wp-content\/uploads\/2025\/09\/Nancy-Spring-2019-08-\u00a9-French-Moments.jpg\" alt=\"La porte de la Craffe en vieille-ville de Nancy \u00a9 French Moments\" width=\"1024\" height=\"684\" data-jpibfi-post-excerpt=\"\" data-jpibfi-post-url=\"https:\/\/mon-grand-est.fr\/nancy-metz-sejour-en-lorraine\/\" data-jpibfi-post-title=\"Nancy-Metz : un duo gagnant pour un s\u00e9jour inoubliable !\" data-jpibfi-src=\"https:\/\/www.europesays.com\/fr\/wp-content\/uploads\/2025\/09\/Nancy-Spring-2019-08-\u00a9-French-Moments.jpg\"  \/><\/p>\n<p><img loading=\"lazy\" decoding=\"async\" class=\"size-full wp-image-3451\" src=\"https:\/\/www.europesays.com\/fr\/wp-content\/uploads\/2025\/09\/Nancy-Porte-de-la-Craffe-Grande-Rue-\u00a9-French-Moments.jpg\" alt=\"Vieille Ville de Nancy \u00a9 French Moments\" width=\"1200\" height=\"900\" data-jpibfi-post-excerpt=\"\" data-jpibfi-post-url=\"https:\/\/mon-grand-est.fr\/nancy-metz-sejour-en-lorraine\/\" data-jpibfi-post-title=\"Nancy-Metz : un duo gagnant pour un s\u00e9jour inoubliable !\" data-jpibfi-src=\"https:\/\/www.europesays.com\/fr\/wp-content\/uploads\/2025\/09\/Nancy-Porte-de-la-Craffe-Grande-Rue-\u00a9-French-Moments.jpg\"  \/><\/p>\n<p style=\"text-align: justify;\">Le <strong>Palais des ducs de Lorraine<\/strong> \u00e0 Nancy a depuis plusieurs si\u00e8cles\u00a0perdu de sa superbe. Mais il reste encore de beaux \u00e9l\u00e9ments, telle la belle porterie magnifiquement sculpt\u00e9e.<\/p>\n<p><img loading=\"lazy\" decoding=\"async\" class=\"size-full wp-image-8994\" src=\"https:\/\/www.europesays.com\/fr\/wp-content\/uploads\/2025\/09\/Ducal-Palace-Nancy-04-\u00a9-French-Moments.jpg\" alt=\"Palais Ducal \u00e0 Nancy \u00a9 French Moments\" width=\"1200\" height=\"806\" data-jpibfi-post-excerpt=\"\" data-jpibfi-post-url=\"https:\/\/mon-grand-est.fr\/nancy-metz-sejour-en-lorraine\/\" data-jpibfi-post-title=\"Nancy-Metz : un duo gagnant pour un s\u00e9jour inoubliable !\" data-jpibfi-src=\"https:\/\/www.europesays.com\/fr\/wp-content\/uploads\/2025\/09\/Ducal-Palace-Nancy-04-\u00a9-French-Moments.jpg\"  \/><\/p>\n<p><img loading=\"lazy\" decoding=\"async\" class=\"size-full wp-image-8991\" src=\"https:\/\/www.europesays.com\/fr\/wp-content\/uploads\/2025\/09\/Ducal-Palace-Nancy-01-\u00a9-French-Moments.jpg\" alt=\"Palais Ducal \u00e0 Nancy \u00a9 French Moments\" width=\"1200\" height=\"801\" data-jpibfi-post-excerpt=\"\" data-jpibfi-post-url=\"https:\/\/mon-grand-est.fr\/nancy-metz-sejour-en-lorraine\/\" data-jpibfi-post-title=\"Nancy-Metz : un duo gagnant pour un s\u00e9jour inoubliable !\" data-jpibfi-src=\"https:\/\/www.europesays.com\/fr\/wp-content\/uploads\/2025\/09\/Ducal-Palace-Nancy-01-\u00a9-French-Moments.jpg\"  \/><\/p>\n<p style=\"text-align: justify;\">Tout proche, le <a href=\"https:\/\/mon-grand-est.fr\/palais-du-gouvernement-nancy\/\" target=\"_blank\" rel=\"noopener\"><strong>Palais du Gouvernement<\/strong><\/a>\u00a0fut \u00e9rig\u00e9 au 18e si\u00e8cle \u00e0 l\u2019extr\u00e9mit\u00e9 nord de la place de la Carri\u00e8re, pour accueillir le\u00a0chancelier de Lorraine, repr\u00e9sentant du roi de France. Le b\u00e2timent a \u00e9t\u00e9 con\u00e7u pour faire face \u00e0 l\u2019<a href=\"https:\/\/mon-grand-est.fr\/hotel-de-ville-de-nancy\/\" target=\"_blank\" rel=\"noopener\">H\u00f4tel de Ville<\/a> qui abritait les appartements de Stanislas, dernier duc de Lorraine.<\/p>\n<p><img loading=\"lazy\" decoding=\"async\" class=\"size-full wp-image-8857\" src=\"https:\/\/www.europesays.com\/fr\/wp-content\/uploads\/2025\/09\/Place-de-la-Carriere-Nancy-13-\u00a9-French-Moments.jpg\" alt=\"Place de la Carri\u00e8re \u00e0 Nancy \u00a9 French Moments\" width=\"1200\" height=\"801\" data-jpibfi-post-excerpt=\"\" data-jpibfi-post-url=\"https:\/\/mon-grand-est.fr\/nancy-metz-sejour-en-lorraine\/\" data-jpibfi-post-title=\"Nancy-Metz : un duo gagnant pour un s\u00e9jour inoubliable !\" data-jpibfi-src=\"https:\/\/www.europesays.com\/fr\/wp-content\/uploads\/2025\/09\/Place-de-la-Carriere-Nancy-13-\u00a9-French-Moments.jpg\"  \/><\/p>\n<p><img loading=\"lazy\" decoding=\"async\" class=\"size-full wp-image-8891\" src=\"https:\/\/www.europesays.com\/fr\/wp-content\/uploads\/2025\/09\/Jardin-du-Palais-du-Gouvernement-Nancy-01-\u00a9-French-Moments.jpg\" alt=\"Jardin du Palais du Gouvernement \u00e0 Nancy \u00a9 French Moments\" width=\"1200\" height=\"804\" data-jpibfi-post-excerpt=\"\" data-jpibfi-post-url=\"https:\/\/mon-grand-est.fr\/nancy-metz-sejour-en-lorraine\/\" data-jpibfi-post-title=\"Nancy-Metz : un duo gagnant pour un s\u00e9jour inoubliable !\" data-jpibfi-src=\"https:\/\/www.europesays.com\/fr\/wp-content\/uploads\/2025\/09\/Jardin-du-Palais-du-Gouvernement-Nancy-01-\u00a9-French-Moments.jpg\"  \/><\/p>\n<p style=\"text-align: justify;\">Retour \u00e0 Metz avec le <a href=\"https:\/\/mon-grand-est.fr\/palais-du-gouverneur-de-metz\/\" target=\"_blank\" rel=\"noopener\"><strong>Palais du Gouverneur<\/strong><\/a>, un \u00e9difice monumental de style n\u00e9o-Renaissance rh\u00e9nane, construit de 1902 \u00e0 1905, sous l\u2019annexion allemande.<\/p>\n<p><img loading=\"lazy\" decoding=\"async\" class=\"size-full wp-image-852\" src=\"https:\/\/www.europesays.com\/fr\/wp-content\/uploads\/2025\/09\/Palais-du-Gouverneur-Metz-\u00a9-French-Moments.jpg\" alt=\"Metz, Palais du Gouverneur \u00a9 French Moments\" width=\"1024\" height=\"768\" data-jpibfi-post-excerpt=\"\" data-jpibfi-post-url=\"https:\/\/mon-grand-est.fr\/nancy-metz-sejour-en-lorraine\/\" data-jpibfi-post-title=\"Nancy-Metz : un duo gagnant pour un s\u00e9jour inoubliable !\" data-jpibfi-src=\"https:\/\/www.europesays.com\/fr\/wp-content\/uploads\/2025\/09\/Palais-du-Gouverneur-Metz-\u00a9-French-Moments.jpg\"  \/><\/p>\n<p><img loading=\"lazy\" decoding=\"async\" class=\"size-full wp-image-1879\" src=\"https:\/\/www.europesays.com\/fr\/wp-content\/uploads\/2025\/09\/Palais-du-Gouverneur-de-Metz-07-\u00a9-French-Moments.jpg\" alt=\"\" width=\"1024\" height=\"768\" data-jpibfi-post-excerpt=\"\" data-jpibfi-post-url=\"https:\/\/mon-grand-est.fr\/nancy-metz-sejour-en-lorraine\/\" data-jpibfi-post-title=\"Nancy-Metz : un duo gagnant pour un s\u00e9jour inoubliable !\" data-jpibfi-src=\"https:\/\/www.europesays.com\/fr\/wp-content\/uploads\/2025\/09\/Palais-du-Gouverneur-de-Metz-07-\u00a9-French-Moments.jpg\"  \/><\/p>\n<p>\u00a0<\/p>\n<p>Les vieilles rues historiques<\/p>\n<p style=\"text-align: justify;\">Les deux villes lorraines ont la particularit\u00e9 d\u2019avoir r\u00e9habilit\u00e9 leur vieux centre historique.<\/p>\n<p style=\"text-align: justify;\">A <strong>Metz<\/strong>, il est agr\u00e9able de se perdre dans le d\u00e9dale de rues tr\u00e8s anciennes : <strong>rue Taison<\/strong>, <strong>En Jurue<\/strong>, <strong>rue d\u2019Enfer<\/strong>\u2026<\/p>\n<p><img loading=\"lazy\" decoding=\"async\" class=\"size-full wp-image-9561\" src=\"https:\/\/www.europesays.com\/fr\/wp-content\/uploads\/2025\/09\/Rue-denfer-Metz-\u00a9-French-Moments.jpg\" alt=\"Rue d'enfer Metz \u00a9 French Moments\" width=\"1200\" height=\"801\" data-jpibfi-post-excerpt=\"\" data-jpibfi-post-url=\"https:\/\/mon-grand-est.fr\/nancy-metz-sejour-en-lorraine\/\" data-jpibfi-post-title=\"Nancy-Metz : un duo gagnant pour un s\u00e9jour inoubliable !\" data-jpibfi-src=\"https:\/\/www.europesays.com\/fr\/wp-content\/uploads\/2025\/09\/Rue-denfer-Metz-\u00a9-French-Moments.jpg\"  \/><\/p>\n<p><img loading=\"lazy\" decoding=\"async\" class=\"size-full wp-image-9555\" src=\"https:\/\/www.europesays.com\/fr\/wp-content\/uploads\/2025\/09\/Rue-des-Trinitaires-Metz-\u00a9-French-Moments.jpg\" alt=\"Rue des Trinitaires Metz \u00a9 French Moments\" width=\"1200\" height=\"801\" data-jpibfi-post-excerpt=\"\" data-jpibfi-post-url=\"https:\/\/mon-grand-est.fr\/nancy-metz-sejour-en-lorraine\/\" data-jpibfi-post-title=\"Nancy-Metz : un duo gagnant pour un s\u00e9jour inoubliable !\" data-jpibfi-src=\"https:\/\/www.europesays.com\/fr\/wp-content\/uploads\/2025\/09\/Rue-des-Trinitaires-Metz-\u00a9-French-Moments.jpg\"  \/><\/p>\n<p><img loading=\"lazy\" decoding=\"async\" class=\"size-full wp-image-8605\" src=\"https:\/\/www.europesays.com\/fr\/wp-content\/uploads\/2025\/09\/En-Jurue-Metz-\u00a9-French-Moments.jpg\" alt=\"En Jurue Metz \u00a9 French Moments\" width=\"1200\" height=\"801\" data-jpibfi-post-excerpt=\"\" data-jpibfi-post-url=\"https:\/\/mon-grand-est.fr\/nancy-metz-sejour-en-lorraine\/\" data-jpibfi-post-title=\"Nancy-Metz : un duo gagnant pour un s\u00e9jour inoubliable !\" data-jpibfi-src=\"https:\/\/www.europesays.com\/fr\/wp-content\/uploads\/2025\/09\/En-Jurue-Metz-\u00a9-French-Moments.jpg\"  \/><\/p>\n<p style=\"text-align: justify;\">A <strong>Nancy<\/strong>, la Ville-Vieille est plus compacte et s\u2019\u00e9tend le long de la <strong>Grande-Rue<\/strong>, de la porte de la Craffe \u00e0 la place de Vaud\u00e9mont.<\/p>\n<p><img loading=\"lazy\" decoding=\"async\" class=\"size-full wp-image-23790\" src=\"https:\/\/www.europesays.com\/fr\/wp-content\/uploads\/2025\/07\/Nancy-Autumn-22-copyright-French-Moments.jpg\" alt=\"Automne \u00e0 Nancy - La Grande-Rue \u00a9 French Moments\" width=\"1200\" height=\"803\" data-jpibfi-post-excerpt=\"\" data-jpibfi-post-url=\"https:\/\/mon-grand-est.fr\/nancy-metz-sejour-en-lorraine\/\" data-jpibfi-post-title=\"Nancy-Metz : un duo gagnant pour un s\u00e9jour inoubliable !\" data-jpibfi-src=\"https:\/\/www.europesays.com\/fr\/wp-content\/uploads\/2025\/07\/Nancy-Autumn-22-copyright-French-Moments.jpg\"  \/><\/p>\n<p><img loading=\"lazy\" decoding=\"async\" class=\"size-full wp-image-9019\" src=\"https:\/\/www.europesays.com\/fr\/wp-content\/uploads\/2025\/09\/Rue-Saint-Epvre-Nancy-01-\u00a9-French-Moments.jpg\" alt=\"Rue Saint-Epvre \u00e0 Nancy \u00a9 French Moments\" width=\"1200\" height=\"804\" data-jpibfi-post-excerpt=\"\" data-jpibfi-post-url=\"https:\/\/mon-grand-est.fr\/nancy-metz-sejour-en-lorraine\/\" data-jpibfi-post-title=\"Nancy-Metz : un duo gagnant pour un s\u00e9jour inoubliable !\" data-jpibfi-src=\"https:\/\/www.europesays.com\/fr\/wp-content\/uploads\/2025\/09\/Rue-Saint-Epvre-Nancy-01-\u00a9-French-Moments.jpg\"  \/><\/p>\n<p>\u00a0<\/p>\n<p>Les cath\u00e9drales et \u00e9glises<\/p>\n<p style=\"text-align: justify;\">Le sanctuaire le plus beau et le plus grand de Lorraine est sans aucun doute la <a href=\"https:\/\/mon-grand-est.fr\/cathedrale-de-metz\/\" target=\"_blank\" rel=\"noopener\"><strong>cath\u00e9drale Saint-Etienne de Metz<\/strong><\/a>. Surnomm\u00e9e la \u00ab\u00a0Lanterne du Bon Dieu\u00a0\u00bb pour la somptuosit\u00e9 de ses verri\u00e8res, ses dimensions impressionnantes en font une des plus grandes cath\u00e9drales gothiques de France.<\/p>\n<p><img loading=\"lazy\" decoding=\"async\" class=\"size-full wp-image-13766\" src=\"https:\/\/www.europesays.com\/fr\/wp-content\/uploads\/2025\/09\/Metz-Cathedral-104-\u00a9-French-Moments.jpg\" alt=\"La cath\u00e9drale c\u00f4t\u00e9 nord \u00a9 French Moments\" width=\"1200\" height=\"801\" data-jpibfi-post-excerpt=\"\" data-jpibfi-post-url=\"https:\/\/mon-grand-est.fr\/nancy-metz-sejour-en-lorraine\/\" data-jpibfi-post-title=\"Nancy-Metz : un duo gagnant pour un s\u00e9jour inoubliable !\" data-jpibfi-src=\"https:\/\/www.europesays.com\/fr\/wp-content\/uploads\/2025\/09\/Metz-Cathedral-104-\u00a9-French-Moments.jpg\"  \/><\/p>\n<p><img loading=\"lazy\" decoding=\"async\" class=\"size-full wp-image-13712\" src=\"https:\/\/www.europesays.com\/fr\/wp-content\/uploads\/2025\/09\/Metz-Cathedral-50-\u00a9-French-Moments.jpg\" alt=\"La vo\u00fbte de la cath\u00e9drale \u00a9 French Moments\" width=\"1200\" height=\"801\" data-jpibfi-post-excerpt=\"\" data-jpibfi-post-url=\"https:\/\/mon-grand-est.fr\/nancy-metz-sejour-en-lorraine\/\" data-jpibfi-post-title=\"Nancy-Metz : un duo gagnant pour un s\u00e9jour inoubliable !\" data-jpibfi-src=\"https:\/\/www.europesays.com\/fr\/wp-content\/uploads\/2025\/09\/Metz-Cathedral-50-\u00a9-French-Moments.jpg\"  \/><\/p>\n<p style=\"text-align: justify;\">Metz abrite aussi <strong>Saint-Pierre-aux-Nonnains<\/strong>, qui passe pour \u00eatre la plus vieille \u00e9glise de France.<\/p>\n<p><img loading=\"lazy\" decoding=\"async\" class=\"size-full wp-image-5560\" src=\"https:\/\/www.europesays.com\/fr\/wp-content\/uploads\/2025\/09\/Saint-Pierre-aux-Nonnains-Metz-\u00a9-French-Moments.jpg\" alt=\"Saint-Pierre-aux-Nonnains Metz \u00a9 French Moments\" width=\"1200\" height=\"802\" data-jpibfi-post-excerpt=\"\" data-jpibfi-post-url=\"https:\/\/mon-grand-est.fr\/nancy-metz-sejour-en-lorraine\/\" data-jpibfi-post-title=\"Nancy-Metz : un duo gagnant pour un s\u00e9jour inoubliable !\" data-jpibfi-src=\"https:\/\/www.europesays.com\/fr\/wp-content\/uploads\/2025\/09\/Saint-Pierre-aux-Nonnains-Metz-\u00a9-French-Moments.jpg\"  \/>Saint-Pierre-aux-Nonnains \u00a9 French Moments<\/p>\n<p style=\"text-align: justify;\">Son <strong>Temple-Neuf<\/strong>, construit sous l\u2019annexion allemande et inspir\u00e9 de la cath\u00e9drale de Spire, offre une image de carte postale (depuis le Moyen-Pont).<\/p>\n<p><img loading=\"lazy\" decoding=\"async\" class=\"size-full wp-image-11778\" src=\"https:\/\/www.europesays.com\/fr\/wp-content\/uploads\/2025\/09\/Metz-Cruise-16-\u00a9-French-Moments.jpg\" alt=\"Croisi\u00e8re en bateau solaire sur la Moselle \u00e0 Metz \u00a9 French Moments\" width=\"1024\" height=\"684\" data-jpibfi-post-excerpt=\"\" data-jpibfi-post-url=\"https:\/\/mon-grand-est.fr\/nancy-metz-sejour-en-lorraine\/\" data-jpibfi-post-title=\"Nancy-Metz : un duo gagnant pour un s\u00e9jour inoubliable !\" data-jpibfi-src=\"https:\/\/www.europesays.com\/fr\/wp-content\/uploads\/2025\/09\/Metz-Cruise-16-\u00a9-French-Moments.jpg\"  \/><\/p>\n<p style=\"text-align: justify;\">A Nancy, l\u2019<strong>\u00e9glise des Cordeliers<\/strong> sert de n\u00e9cropole pour les ducs de Lorraine.<\/p>\n<p><img loading=\"lazy\" decoding=\"async\" class=\"size-full wp-image-8995\" src=\"https:\/\/www.europesays.com\/fr\/wp-content\/uploads\/2025\/09\/Eglise-des-Cordeliers-Interior-\u00a9-French-Moments.jpg\" alt=\"Eglise des Cordeliers, Nancy \u00a9 French Moments\" width=\"1200\" height=\"801\" data-jpibfi-post-excerpt=\"\" data-jpibfi-post-url=\"https:\/\/mon-grand-est.fr\/nancy-metz-sejour-en-lorraine\/\" data-jpibfi-post-title=\"Nancy-Metz : un duo gagnant pour un s\u00e9jour inoubliable !\" data-jpibfi-src=\"https:\/\/www.europesays.com\/fr\/wp-content\/uploads\/2025\/09\/Eglise-des-Cordeliers-Interior-\u00a9-French-Moments.jpg\"  \/><\/p>\n<p style=\"text-align: justify;\">La capitale des ducs poss\u00e8de aussi sa <strong>cath\u00e9drale<\/strong>, mais de style n\u00e9o-classique.<\/p>\n<p><img loading=\"lazy\" decoding=\"async\" class=\"size-full wp-image-8920\" src=\"https:\/\/www.europesays.com\/fr\/wp-content\/uploads\/2025\/09\/Nancy-Cathedral-03-\u00a9-French-Moments.jpg\" alt=\"Cath\u00e9drale de Nancy \u00a9 French Moments\" width=\"1200\" height=\"801\" data-jpibfi-post-excerpt=\"\" data-jpibfi-post-url=\"https:\/\/mon-grand-est.fr\/nancy-metz-sejour-en-lorraine\/\" data-jpibfi-post-title=\"Nancy-Metz : un duo gagnant pour un s\u00e9jour inoubliable !\" data-jpibfi-src=\"https:\/\/www.europesays.com\/fr\/wp-content\/uploads\/2025\/09\/Nancy-Cathedral-03-\u00a9-French-Moments.jpg\"  \/><\/p>\n<p style=\"text-align: justify;\">Dans la vieille-ville, l\u2019<strong>\u00e9glise n\u00e9o-gothique Saint-Epvre<\/strong> est le plus haut \u00e9difice religieux de la ville avec sa fl\u00e8che qui culmine \u00e0 87 m.<\/p>\n<p><img loading=\"lazy\" decoding=\"async\" class=\"size-full wp-image-9021\" src=\"https:\/\/www.europesays.com\/fr\/wp-content\/uploads\/2025\/09\/Saint-Epvre-Church-Nancy-01-\u00a9-French-Moments.jpg\" alt=\"Basilique Saint-Epvre, Nancy \u00a9 French Moments\" width=\"1200\" height=\"803\" data-jpibfi-post-excerpt=\"\" data-jpibfi-post-url=\"https:\/\/mon-grand-est.fr\/nancy-metz-sejour-en-lorraine\/\" data-jpibfi-post-title=\"Nancy-Metz : un duo gagnant pour un s\u00e9jour inoubliable !\" data-jpibfi-src=\"https:\/\/www.europesays.com\/fr\/wp-content\/uploads\/2025\/09\/Saint-Epvre-Church-Nancy-01-\u00a9-French-Moments.jpg\"  \/><\/p>\n<p>\u00a0<\/p>\n<p>L\u2019urbanisation 1871-1914<\/p>\n<p style=\"text-align: justify;\">A Nancy comme \u00e0 Metz, la p\u00e9riode 1871-1914 connut un formidable d\u00e9veloppement urbain.<\/p>\n<p style=\"text-align: justify;\">A <strong>Metz<\/strong>, cela s\u2019est concr\u00e9tis\u00e9 par la volont\u00e9 des autorit\u00e9s allemandes d\u2019\u00e9difier un quartier flambant neuf autour de la gare ferroviaire. C\u2019est le <strong><a href=\"https:\/\/mon-grand-est.fr\/quartier-imperial-allemand-de-metz\/\" target=\"_blank\" rel=\"noopener\">quartier imp\u00e9rial allemand<\/a><\/strong>, grand projet urbanistique r\u00e9alis\u00e9\u00a0\u00e0 partir de 1902.<\/p>\n<p><img loading=\"lazy\" decoding=\"async\" class=\"size-full wp-image-9324\" src=\"https:\/\/www.europesays.com\/fr\/wp-content\/uploads\/2025\/09\/Gare-de-Metz-Exterior-03-\u00a9-French-Moments.jpg\" alt=\"Gare de Metz \u00a9 French Moments\" width=\"1200\" height=\"801\" data-jpibfi-post-excerpt=\"\" data-jpibfi-post-url=\"https:\/\/mon-grand-est.fr\/nancy-metz-sejour-en-lorraine\/\" data-jpibfi-post-title=\"Nancy-Metz : un duo gagnant pour un s\u00e9jour inoubliable !\" data-jpibfi-src=\"https:\/\/www.europesays.com\/fr\/wp-content\/uploads\/2025\/09\/Gare-de-Metz-Exterior-03-\u00a9-French-Moments.jpg\"  \/><\/p>\n<p><img loading=\"lazy\" decoding=\"async\" class=\"size-full wp-image-9515\" src=\"https:\/\/www.europesays.com\/fr\/wp-content\/uploads\/2025\/09\/Avenue-Foch-Imperial-District-Metz-\u00a9-French-Moments.jpg\" alt=\"Avenue Foch, Metz \u00a9 French Moments\" width=\"1200\" height=\"803\" data-jpibfi-post-excerpt=\"\" data-jpibfi-post-url=\"https:\/\/mon-grand-est.fr\/nancy-metz-sejour-en-lorraine\/\" data-jpibfi-post-title=\"Nancy-Metz : un duo gagnant pour un s\u00e9jour inoubliable !\" data-jpibfi-src=\"https:\/\/www.europesays.com\/fr\/wp-content\/uploads\/2025\/09\/Avenue-Foch-Imperial-District-Metz-\u00a9-French-Moments.jpg\"  \/><\/p>\n<p style=\"text-align: justify;\">Avec l\u2019afflux de nombreux artistes et artisans, <strong>Nancy<\/strong> fut un vivier propice \u00e0 l\u2019\u00e9mergence d\u2019un\u00a0mouvement artistique s\u2019appuyant sur l\u2019esth\u00e9tique des lignes courbes : l\u2019<a href=\"https:\/\/mon-grand-est.fr\/musee-de-lecole-de-nancy\/\" target=\"_blank\" rel=\"noopener\">Art Nouveau<\/a>. Ainsi, la ville s\u2019est\u00a0enrichie de plusieurs b\u00e2timents \u00e9difi\u00e9s par les architectes et artisans de l\u2019Ecole de Nancy.<\/p>\n<p><img loading=\"lazy\" decoding=\"async\" class=\"size-full wp-image-9020\" src=\"https:\/\/www.europesays.com\/fr\/wp-content\/uploads\/2025\/09\/Vaxelaire-Nancy-\u00a9-French-Moments.jpg\" alt=\"Vaxelaire \u00e0 Nancy \u00a9 French Moments\" width=\"1200\" height=\"804\" data-jpibfi-post-excerpt=\"\" data-jpibfi-post-url=\"https:\/\/mon-grand-est.fr\/nancy-metz-sejour-en-lorraine\/\" data-jpibfi-post-title=\"Nancy-Metz : un duo gagnant pour un s\u00e9jour inoubliable !\" data-jpibfi-src=\"https:\/\/www.europesays.com\/fr\/wp-content\/uploads\/2025\/09\/Vaxelaire-Nancy-\u00a9-French-Moments.jpg\"  \/><\/p>\n<p><img loading=\"lazy\" decoding=\"async\" class=\"size-full wp-image-17031\" src=\"https:\/\/www.europesays.com\/fr\/wp-content\/uploads\/2025\/09\/Nancy-Excelsior-LR-\u00a9-French-Moments.jpg\" alt=\"Brasserie Excelsior \u00e0 Nancy \u00a9 French Moments\" width=\"1200\" height=\"800\" data-jpibfi-post-excerpt=\"\" data-jpibfi-post-url=\"https:\/\/mon-grand-est.fr\/nancy-metz-sejour-en-lorraine\/\" data-jpibfi-post-title=\"Nancy-Metz : un duo gagnant pour un s\u00e9jour inoubliable !\" data-jpibfi-src=\"https:\/\/www.europesays.com\/fr\/wp-content\/uploads\/2025\/09\/Nancy-Excelsior-LR-\u00a9-French-Moments.jpg\"  \/><\/p>\n<p>\u00a0<\/p>\n<p>Les parcs et jardins<\/p>\n<p style=\"text-align: justify;\">Le visiteur appr\u00e9ciera <strong>Metz<\/strong> pour ses grands espaces verts. Surnomm\u00e9e la \u00ab\u00a0<strong>Ville Verte<\/strong>\u00ab\u00a0, la ville mosellane offre de beaux coins de verdure le long de la Moselle et de la Seille.<\/p>\n<p><img loading=\"lazy\" decoding=\"async\" class=\"size-full wp-image-9558\" src=\"https:\/\/www.europesays.com\/fr\/wp-content\/uploads\/2025\/09\/Saulcy-Metz-\u00a9-French-Moments.jpg\" alt=\"Plan d'eau du Saulcy et le torii \u00a9 French Moments\" width=\"1200\" height=\"801\" data-jpibfi-post-excerpt=\"\" data-jpibfi-post-url=\"https:\/\/mon-grand-est.fr\/nancy-metz-sejour-en-lorraine\/\" data-jpibfi-post-title=\"Nancy-Metz : un duo gagnant pour un s\u00e9jour inoubliable !\" data-jpibfi-src=\"https:\/\/www.europesays.com\/fr\/wp-content\/uploads\/2025\/09\/Saulcy-Metz-\u00a9-French-Moments.jpg\"  \/><\/p>\n<p><img loading=\"lazy\" decoding=\"async\" class=\"size-full wp-image-23880\" src=\"https:\/\/www.europesays.com\/fr\/wp-content\/uploads\/2025\/09\/Metz-Autumn-21-copyright-French-Moments.jpg\" alt=\"Jardin \u00e9ph\u00e9m\u00e8re de Metz \u00a9 French Moments\" width=\"1000\" height=\"667\" data-jpibfi-post-excerpt=\"\" data-jpibfi-post-url=\"https:\/\/mon-grand-est.fr\/nancy-metz-sejour-en-lorraine\/\" data-jpibfi-post-title=\"Nancy-Metz : un duo gagnant pour un s\u00e9jour inoubliable !\" data-jpibfi-src=\"https:\/\/www.europesays.com\/fr\/wp-content\/uploads\/2025\/09\/Metz-Autumn-21-copyright-French-Moments.jpg\"  \/><\/p>\n<p style=\"text-align: justify;\">Quant \u00e0 <strong>Nancy<\/strong>, les espaces verts se r\u00e9sument en deux grands parcs urbains : la <a href=\"https:\/\/mon-grand-est.fr\/parc-de-la-pepiniere-nancy\/\" target=\"_blank\" rel=\"noopener\"><strong>P\u00e9pini\u00e8re<\/strong><\/a> et le <strong>Parc Sainte-Marie<\/strong>.<\/p>\n<p><img loading=\"lazy\" decoding=\"async\" class=\"size-full wp-image-11545\" src=\"https:\/\/www.europesays.com\/fr\/wp-content\/uploads\/2025\/09\/Nancy-Spring-2019-12-\u00a9-French-Moments.jpg\" alt=\"Dans le parc de la P\u00e9pini\u00e8re \u00a9 French Moments\" width=\"1024\" height=\"684\" data-jpibfi-post-excerpt=\"\" data-jpibfi-post-url=\"https:\/\/mon-grand-est.fr\/nancy-metz-sejour-en-lorraine\/\" data-jpibfi-post-title=\"Nancy-Metz : un duo gagnant pour un s\u00e9jour inoubliable !\" data-jpibfi-src=\"https:\/\/www.europesays.com\/fr\/wp-content\/uploads\/2025\/09\/Nancy-Spring-2019-12-\u00a9-French-Moments.jpg\"  \/><\/p>\n<p><img loading=\"lazy\" decoding=\"async\" class=\"size-full wp-image-11542\" src=\"https:\/\/www.europesays.com\/fr\/wp-content\/uploads\/2025\/09\/Nancy-Spring-2019-09-\u00a9-French-Moments.jpg\" alt=\"La Maison alsacienne du Parc Sainte-Marie \u00e0 Nancy \u00a9 French Moments\" width=\"1024\" height=\"684\" data-jpibfi-post-excerpt=\"\" data-jpibfi-post-url=\"https:\/\/mon-grand-est.fr\/nancy-metz-sejour-en-lorraine\/\" data-jpibfi-post-title=\"Nancy-Metz : un duo gagnant pour un s\u00e9jour inoubliable !\" data-jpibfi-src=\"https:\/\/www.europesays.com\/fr\/wp-content\/uploads\/2025\/09\/Nancy-Spring-2019-09-\u00a9-French-Moments.jpg\"  \/><\/p>\n<p>\u00a0<\/p>\n<p>Les mus\u00e9es<\/p>\n<p style=\"text-align: justify;\"><strong>Nancy<\/strong> est riche de plusieurs mus\u00e9es, dont les principaux sont le <strong>mus\u00e9e historique lorrain<\/strong> (aujourd\u2019hui ferm\u00e9 pour travaux), le <a href=\"https:\/\/mon-grand-est.fr\/musee-des-beaux-arts-de-nancy\/\" target=\"_blank\" rel=\"noopener\"><strong>mus\u00e9e des Beaux-Arts<\/strong><\/a> et le <a href=\"https:\/\/mon-grand-est.fr\/musee-de-lecole-de-nancy\/\" target=\"_blank\" rel=\"noopener\"><strong>mus\u00e9e de l\u2019Ecole de Nancy<\/strong><\/a>.<\/p>\n<p><img loading=\"lazy\" decoding=\"async\" class=\"size-full wp-image-4132\" src=\"https:\/\/www.europesays.com\/fr\/wp-content\/uploads\/2025\/07\/Mus\u00e9e-des-Beaux-Arts-de-Nancy-06-photo-by-French-Moments.jpg\" alt=\"mus\u00e9e des Beaux-Arts de Nancy\" width=\"1200\" height=\"803\" data-jpibfi-post-excerpt=\"\" data-jpibfi-post-url=\"https:\/\/mon-grand-est.fr\/nancy-metz-sejour-en-lorraine\/\" data-jpibfi-post-title=\"Nancy-Metz : un duo gagnant pour un s\u00e9jour inoubliable !\" data-jpibfi-src=\"https:\/\/www.europesays.com\/fr\/wp-content\/uploads\/2025\/07\/Mus\u00e9e-des-Beaux-Arts-de-Nancy-06-photo-by-French-Moments.jpg\"  \/><\/p>\n<p><img loading=\"lazy\" decoding=\"async\" class=\"size-full wp-image-11654\" src=\"https:\/\/www.europesays.com\/fr\/wp-content\/uploads\/2025\/09\/Musee-Ecole-de-Nancy-50-\u00a9-French-Moments.jpg\" alt=\"Mus\u00e9e de l'Ecole de Nancy \u00a9 French Moments\" width=\"1024\" height=\"684\" data-jpibfi-post-excerpt=\"\" data-jpibfi-post-url=\"https:\/\/mon-grand-est.fr\/nancy-metz-sejour-en-lorraine\/\" data-jpibfi-post-title=\"Nancy-Metz : un duo gagnant pour un s\u00e9jour inoubliable !\" data-jpibfi-src=\"https:\/\/www.europesays.com\/fr\/wp-content\/uploads\/2025\/09\/Musee-Ecole-de-Nancy-50-\u00a9-French-Moments.jpg\"  \/><\/p>\n<p style=\"text-align: justify;\">Depuis 2010, <strong>Metz<\/strong> offre \u00e0 ses visiteurs le <strong>Centre Pompidou<\/strong>, la premi\u00e8re antenne d\u00e9centralis\u00e9 de la v\u00e9n\u00e9rable institution parisienne.\u00a0Et il ne faut pas oublier de mentionner le <strong>mus\u00e9e de la Cour d\u2019Or<\/strong> avec ses\u00a0collections\u00a0d\u2019art gallo-romain et d\u2019art m\u00e9di\u00e9val, d\u2019architecture m\u00e9di\u00e9vale et de la Renaissance, et des beaux-arts.<\/p>\n<p><img loading=\"lazy\" decoding=\"async\" class=\"size-full wp-image-9530\" src=\"https:\/\/www.europesays.com\/fr\/wp-content\/uploads\/2025\/09\/Greniers-de-Ch\u00e8vremont-\u00a9-French-Moments.jpg\" alt=\"Grenier de Ch\u00e8vremont \u00a9 French Moments\" width=\"1200\" height=\"801\" data-jpibfi-post-excerpt=\"\" data-jpibfi-post-url=\"https:\/\/mon-grand-est.fr\/nancy-metz-sejour-en-lorraine\/\" data-jpibfi-post-title=\"Nancy-Metz : un duo gagnant pour un s\u00e9jour inoubliable !\" data-jpibfi-src=\"https:\/\/www.europesays.com\/fr\/wp-content\/uploads\/2025\/09\/Greniers-de-Ch\u00e8vremont-\u00a9-French-Moments.jpg\"  \/><\/p>\n<p><img loading=\"lazy\" decoding=\"async\" class=\"size-full wp-image-5520\" src=\"https:\/\/mon-grand-est.fr\/wp-content\/uploads\/2017\/09\/Centre-Pompidou-Metz-\u00a9-French-Moments.jpg\" alt=\"Centre Pompidou Metz by French Moments\" width=\"1200\" height=\"805\" data-jpibfi-post-excerpt=\"\" data-jpibfi-post-url=\"https:\/\/mon-grand-est.fr\/nancy-metz-sejour-en-lorraine\/\" data-jpibfi-post-title=\"Nancy-Metz : un duo gagnant pour un s\u00e9jour inoubliable !\" data-jpibfi-src=\"https:\/\/mon-grand-est.fr\/wp-content\/uploads\/2017\/09\/Centre-Pompidou-Metz-\u00a9-French-Moments.jpg\"\/><\/p>\n<p>\u00a0<\/p>\n<p>Les d\u00e9lices gourmands<\/p>\n<p>Dans les deux villes lorraines, vous retrouverez les inconditionnels de la gastronomie r\u00e9gionale, \u00e0 savoir :<\/p>\n<ul>\n<li>les p\u00e2t\u00e9s lorrains,<\/li>\n<li>la pot\u00e9e lorraine,<\/li>\n<li>les tourtes lorraines,<\/li>\n<li>la mirabelle de Nancy et la mirabelle de Metz (oui car elles ont des tailles diff\u00e9rentes !)<\/li>\n<li>les macarons de Nancy,<\/li>\n<li>les bergamotes,<\/li>\n<li>les Paris-Metz\u2026<\/li>\n<\/ul>\n<p>Et bien d\u2019autres <a href=\"https:\/\/mon-grand-est.fr\/gourmandises-lorraines\/\" target=\"_blank\" rel=\"noopener\">gourmandises que je vous laisse d\u00e9couvrir ici <\/a>!<\/p>\n<p><img loading=\"lazy\" decoding=\"async\" class=\"size-full wp-image-4004\" src=\"https:\/\/www.europesays.com\/fr\/wp-content\/uploads\/2025\/09\/P\u00e2t\u00e9s-Lorrains-\u00a9-French-Moments.jpg\" alt=\"P\u00e2t\u00e9s Lorrains Recouvreur\" width=\"1200\" height=\"900\" data-jpibfi-post-excerpt=\"\" data-jpibfi-post-url=\"https:\/\/mon-grand-est.fr\/nancy-metz-sejour-en-lorraine\/\" data-jpibfi-post-title=\"Nancy-Metz : un duo gagnant pour un s\u00e9jour inoubliable !\" data-jpibfi-src=\"https:\/\/www.europesays.com\/fr\/wp-content\/uploads\/2025\/09\/P\u00e2t\u00e9s-Lorrains-\u00a9-French-Moments.jpg\"  \/>Les d\u00e9licieux p\u00e2t\u00e9s lorrains sortis du four \u00a9 French Moments<img loading=\"lazy\" decoding=\"async\" class=\"size-full wp-image-332\" src=\"https:\/\/www.europesays.com\/fr\/wp-content\/uploads\/2025\/09\/Quiche-Lorraine-part-\u00a9-French-Moments.jpg\" alt=\"Quiche lorraine \u00a9 French Moments\" width=\"1024\" height=\"768\" data-jpibfi-post-excerpt=\"\" data-jpibfi-post-url=\"https:\/\/mon-grand-est.fr\/nancy-metz-sejour-en-lorraine\/\" data-jpibfi-post-title=\"Nancy-Metz : un duo gagnant pour un s\u00e9jour inoubliable !\" data-jpibfi-src=\"https:\/\/www.europesays.com\/fr\/wp-content\/uploads\/2025\/09\/Quiche-Lorraine-part-\u00a9-French-Moments.jpg\"  \/>Part de quiche lorraine \u00a9 French Moments<img loading=\"lazy\" decoding=\"async\" class=\"size-full wp-image-9220\" src=\"https:\/\/www.europesays.com\/fr\/wp-content\/uploads\/2025\/09\/Mirabelle-Tart-Homemade-\u00a9-French-Moments.jpg\" alt=\"Tarte aux mirabelles faite maison \u00a9 French Moments\" width=\"1200\" height=\"803\" data-jpibfi-post-excerpt=\"\" data-jpibfi-post-url=\"https:\/\/mon-grand-est.fr\/nancy-metz-sejour-en-lorraine\/\" data-jpibfi-post-title=\"Nancy-Metz : un duo gagnant pour un s\u00e9jour inoubliable !\" data-jpibfi-src=\"https:\/\/www.europesays.com\/fr\/wp-content\/uploads\/2025\/09\/Mirabelle-Tart-Homemade-\u00a9-French-Moments.jpg\"  \/>Tarte aux mirabelles faite maison \u00a9 French Moments<img loading=\"lazy\" decoding=\"async\" class=\"size-full wp-image-4001\" src=\"https:\/\/www.europesays.com\/fr\/wp-content\/uploads\/2025\/09\/Macarons-des-S\u0153urs-Macarons-Nancy-02-\u00a9-French-Moments.jpg\" alt=\"S\u0153urs Macarons Nancy\" width=\"1200\" height=\"901\" data-jpibfi-post-excerpt=\"\" data-jpibfi-post-url=\"https:\/\/mon-grand-est.fr\/nancy-metz-sejour-en-lorraine\/\" data-jpibfi-post-title=\"Nancy-Metz : un duo gagnant pour un s\u00e9jour inoubliable !\" data-jpibfi-src=\"https:\/\/www.europesays.com\/fr\/wp-content\/uploads\/2025\/09\/Macarons-des-S\u0153urs-Macarons-Nancy-02-\u00a9-French-Moments.jpg\"  \/>Macarons des S\u0153urs Macarons, Nancy \u00a9 French Moments<img loading=\"lazy\" decoding=\"async\" class=\"size-full wp-image-8339\" src=\"https:\/\/www.europesays.com\/fr\/wp-content\/uploads\/2025\/09\/Bergamotes-de-Nancy-Lalonde-\u00a9-French-Moments.jpg\" alt=\"Bergamotes de Nancy par la maison Lalonde \u00a9 French Moments\" width=\"1200\" height=\"801\" data-jpibfi-post-excerpt=\"\" data-jpibfi-post-url=\"https:\/\/mon-grand-est.fr\/nancy-metz-sejour-en-lorraine\/\" data-jpibfi-post-title=\"Nancy-Metz : un duo gagnant pour un s\u00e9jour inoubliable !\" data-jpibfi-src=\"https:\/\/www.europesays.com\/fr\/wp-content\/uploads\/2025\/09\/Bergamotes-de-Nancy-Lalonde-\u00a9-French-Moments.jpg\"  \/>Bergamotes de Nancy par la maison Lalonde \u00a9 French Moments<img loading=\"lazy\" decoding=\"async\" class=\"size-full wp-image-8336\" src=\"https:\/\/www.europesays.com\/fr\/wp-content\/uploads\/2025\/09\/Paris-Metz-Lemoy-\u00a9-French-Moments.jpg\" alt=\"Paris-Metz par la chocolaterie-p\u00e2tisserie Lemoy \u00a9 French Moments\" width=\"1200\" height=\"801\" data-jpibfi-post-excerpt=\"\" data-jpibfi-post-url=\"https:\/\/mon-grand-est.fr\/nancy-metz-sejour-en-lorraine\/\" data-jpibfi-post-title=\"Nancy-Metz : un duo gagnant pour un s\u00e9jour inoubliable !\" data-jpibfi-src=\"https:\/\/www.europesays.com\/fr\/wp-content\/uploads\/2025\/09\/Paris-Metz-Lemoy-\u00a9-French-Moments.jpg\"  \/>Le Paris-Metz par la chocolaterie-p\u00e2tisserie-Lemoy \u00a9 French Moments<\/p>\n<p>\u00a0<\/p>\n<p>No\u00ebl \u00e0 Nancy-Metz<\/p>\n<p style=\"text-align: justify;\">Pendant l\u2019Avent, la Lorraine c\u00e9l\u00e8bre son patron, Saint-Nicolas. A Nancy comme \u00e0 Metz, c\u2019est l\u2019objet de grandes r\u00e9jouissances.<\/p>\n<p style=\"text-align: justify;\"><strong>A Nancy<\/strong>, les <strong>F\u00eates de Saint-Nicolas<\/strong> sont l\u2019occasion d\u2019un grand weekend de c\u00e9l\u00e9bration et de 6 semaines de f\u00eate avec la pr\u00e9sence\u00a0d\u2019un grand sapin sur la place Stanislas, des march\u00e9s de Saint-Nicolas sur la place Charles III et la place de Vaud\u00e9mont, une grande roue sur la place de la Carri\u00e8re. <a href=\"https:\/\/mon-grand-est.fr\/fetes-de-la-saint-nicolas-a-nancy\/\" target=\"_blank\" rel=\"noopener\">En savoir plus !<\/a><\/p>\n<p><img loading=\"lazy\" decoding=\"async\" class=\"size-full wp-image-13502\" src=\"https:\/\/www.europesays.com\/fr\/wp-content\/uploads\/2025\/07\/Nancy-Place-Stanislas-Christmas-10-\u00a9-French-Moments.jpg\" alt=\"Place Stanislas, No\u00ebl \u00e0 Nancy \u00a9 French Moments\" width=\"1200\" height=\"801\" data-jpibfi-post-excerpt=\"\" data-jpibfi-post-url=\"https:\/\/mon-grand-est.fr\/nancy-metz-sejour-en-lorraine\/\" data-jpibfi-post-title=\"Nancy-Metz : un duo gagnant pour un s\u00e9jour inoubliable !\" data-jpibfi-src=\"https:\/\/www.europesays.com\/fr\/wp-content\/uploads\/2025\/07\/Nancy-Place-Stanislas-Christmas-10-\u00a9-French-Moments.jpg\"  \/><\/p>\n<p><img loading=\"lazy\" decoding=\"async\" class=\"size-full wp-image-13479\" src=\"https:\/\/www.europesays.com\/fr\/wp-content\/uploads\/2025\/07\/Nancy-Grande-Roue-Noel-08-\u00a9-French-Moments.jpg\" alt=\"No\u00ebl \u00e0 Nancy \u00a9 French Moments\" width=\"1200\" height=\"803\" data-jpibfi-post-excerpt=\"\" data-jpibfi-post-url=\"https:\/\/mon-grand-est.fr\/nancy-metz-sejour-en-lorraine\/\" data-jpibfi-post-title=\"Nancy-Metz : un duo gagnant pour un s\u00e9jour inoubliable !\" data-jpibfi-src=\"https:\/\/www.europesays.com\/fr\/wp-content\/uploads\/2025\/07\/Nancy-Grande-Roue-Noel-08-\u00a9-French-Moments.jpg\"  \/><\/p>\n<p><img loading=\"lazy\" decoding=\"async\" class=\"size-full wp-image-10188\" src=\"https:\/\/www.europesays.com\/fr\/wp-content\/uploads\/2025\/07\/Nancy-Place-de-la-Carri\u00e8re-Christmas-06-\u00a9-French-Moments.jpg\" alt=\"La place de la Carri\u00e8re, Nancy \u00a9 French Moments\" width=\"1200\" height=\"801\" data-jpibfi-post-excerpt=\"\" data-jpibfi-post-url=\"https:\/\/mon-grand-est.fr\/nancy-metz-sejour-en-lorraine\/\" data-jpibfi-post-title=\"Nancy-Metz : un duo gagnant pour un s\u00e9jour inoubliable !\" data-jpibfi-src=\"https:\/\/www.europesays.com\/fr\/wp-content\/uploads\/2025\/07\/Nancy-Place-de-la-Carri\u00e8re-Christmas-06-\u00a9-French-Moments.jpg\"  \/><\/p>\n<p style=\"text-align: justify;\"><strong>A Metz<\/strong>, c\u2019est surtout le <a href=\"https:\/\/mon-grand-est.fr\/decouvrir-marche-de-noel-de-metz\/\" target=\"_blank\" rel=\"noopener\"><strong>march\u00e9 de No\u00ebl<\/strong><\/a> qui attire les foules. L\u2019\u00e9v\u00e9nement est devenu incontournable en Lorraine et se hisse au top 5 des march\u00e9s de No\u00ebl les plus fr\u00e9quent\u00e9s\u00a0de France, avec Strasbourg, Reims et Colmar. Le centre historique de Metz accueille plusieurs villages de No\u00ebl, une grande roue de 60 m de hauteur sur la place d\u2019Armes et un merveilleux sentier des lanternes. <a href=\"https:\/\/mon-grand-est.fr\/decouvrir-marche-de-noel-de-metz\/\" target=\"_blank\" rel=\"noopener\">En savoir plus !<\/a><\/p>\n<p><img loading=\"lazy\" decoding=\"async\" class=\"size-full wp-image-13181\" src=\"https:\/\/www.europesays.com\/fr\/wp-content\/uploads\/2025\/09\/Metz-Place-dArmes-Noel-04-\u00a9-French-Moments.jpg\" alt=\"Place d'Armes, Metz \u00a9 French Moments\" width=\"1200\" height=\"801\" data-jpibfi-post-excerpt=\"\" data-jpibfi-post-url=\"https:\/\/mon-grand-est.fr\/nancy-metz-sejour-en-lorraine\/\" data-jpibfi-post-title=\"Nancy-Metz : un duo gagnant pour un s\u00e9jour inoubliable !\" data-jpibfi-src=\"https:\/\/www.europesays.com\/fr\/wp-content\/uploads\/2025\/09\/Metz-Place-dArmes-Noel-04-\u00a9-French-Moments.jpg\"  \/><\/p>\n<p><img loading=\"lazy\" decoding=\"async\" class=\"size-full wp-image-13210\" src=\"https:\/\/www.europesays.com\/fr\/wp-content\/uploads\/2025\/09\/Metz-Place-Saint-Louis-Noel-08-\u00a9-French-Moments.jpg\" alt=\"March\u00e9 de No\u00ebl de Metz (place Saint-Louis) \u00a9 French Moments\" width=\"1200\" height=\"801\" data-jpibfi-post-excerpt=\"\" data-jpibfi-post-url=\"https:\/\/mon-grand-est.fr\/nancy-metz-sejour-en-lorraine\/\" data-jpibfi-post-title=\"Nancy-Metz : un duo gagnant pour un s\u00e9jour inoubliable !\" data-jpibfi-src=\"https:\/\/www.europesays.com\/fr\/wp-content\/uploads\/2025\/09\/Metz-Place-Saint-Louis-Noel-08-\u00a9-French-Moments.jpg\"  \/><\/p>\n<p><img loading=\"lazy\" decoding=\"async\" class=\"size-full wp-image-13265\" src=\"https:\/\/www.europesays.com\/fr\/wp-content\/uploads\/2025\/09\/Sentier-des-Lumi\u00e8res-Metz-36-\u00a9-French-Moments.jpg\" alt=\"Jouets de No\u00ebl \u00e0 Metz \u00a9 French Moments\" width=\"1200\" height=\"801\" data-jpibfi-post-excerpt=\"\" data-jpibfi-post-url=\"https:\/\/mon-grand-est.fr\/nancy-metz-sejour-en-lorraine\/\" data-jpibfi-post-title=\"Nancy-Metz : un duo gagnant pour un s\u00e9jour inoubliable !\" data-jpibfi-src=\"https:\/\/www.europesays.com\/fr\/wp-content\/uploads\/2025\/09\/Sentier-des-Lumi\u00e8res-Metz-36-\u00a9-French-Moments.jpg\"  \/><\/p>\n<p>\u00a0<\/p>\n<p>Nancy-Metz\u00a0: pour en savoir plus<\/p>\n<p>\u00a0<\/p>\n<p>Epinglez sur Pinterest<\/p>\n<p>Une image pour d\u00e9couvrir Nancy-Metz \u00e0 \u00e9pingler sur Pinterest :<\/p>\n<p><img loading=\"lazy\" decoding=\"async\" class=\"aligncenter wp-image-14509\" src=\"https:\/\/www.europesays.com\/fr\/wp-content\/uploads\/2025\/09\/Nancy-Metz-Pinterest-\u00a9-French-Moments.jpg\" alt=\"Nancy-Metz : les plus beaux sites \u00e0 d\u00e9couvrir \u00a9 French Moments\" width=\"350\" height=\"673\" data-jpibfi-post-excerpt=\"\" data-jpibfi-post-url=\"https:\/\/mon-grand-est.fr\/nancy-metz-sejour-en-lorraine\/\" data-jpibfi-post-title=\"Nancy-Metz : un duo gagnant pour un s\u00e9jour inoubliable !\" data-jpibfi-src=\"https:\/\/www.europesays.com\/fr\/wp-content\/uploads\/2025\/09\/Nancy-Metz-Pinterest-\u00a9-French-Moments.jpg\"  \/><\/p>\n<p>\u00a0<\/p>\n<p>Le rendez-vous EnFranceAussi<\/p>\n<p style=\"text-align: justify;\">Pour ce rendez-vous de l\u2019\u00e9v\u00e9nement #EnFranceAussi, le th\u00e8me choisi par Sarah du blog <a href=\"https:\/\/souliervert.com\" target=\"_blank\" rel=\"noopener\">Soulier Vert<\/a>\u00a0est \u00ab Ma Ville Id\u00e9ale\u00a0\u00bb. Ce RV interblogueurs,\u00a0initi\u00e9 par Sylvie du blog\u00a0<a href=\"http:\/\/www.lecoindesvoyageurs.fr\/\" target=\"_blank\" rel=\"noopener\">Le coin des Voyageurs<\/a>, a pour objet de (re)-d\u00e9couvrir les beaut\u00e9s de la France.<\/p>\n<p style=\"text-align: justify;\"><strong>D\u00e9couvrez les articles de ma participation \u00e0 l\u2019\u00e9v\u00e9nement interblogueurs #EnFranceAussi.\u00a0<a href=\"https:\/\/mon-grand-est.fr\/category\/en-france-aussi\/\" target=\"_blank\" rel=\"noopener\">Cliquez sur le lien ici pour les lire<\/a>\u00a0!<\/strong><\/p>\n","protected":false},"excerpt":{"rendered":"Nancy-Metz. Deux villes lorraines que tout semble opposer. Deux villes qui, dans le pass\u00e9, ont men\u00e9 leur destin&hellip;\n","protected":false},"author":2,"featured_media":371510,"comment_status":"","ping_status":"","sticky":false,"template":"","format":"standard","meta":{"footnotes":""},"categories":[9635],"tags":[1111,11,50558,1777,674,1011,27,50559,775,776,6212,50560,3457,38243,5599,1702,50561,12,25],"class_list":{"0":"post-371509","1":"post","2":"type-post","3":"status-publish","4":"format-standard","5":"has-post-thumbnail","7":"category-nancy","8":"tag-actu","9":"tag-actualites","10":"tag-en-france-aussi","11":"tag-eu","12":"tag-europe","13":"tag-fr","14":"tag-france","15":"tag-french-moments","16":"tag-grand-est","17":"tag-lorraine","18":"tag-metz","19":"tag-metz-nancy","20":"tag-meurthe-et-moselle","21":"tag-mon-grand-est","22":"tag-moselle","23":"tag-nancy","24":"tag-nancy-metz","25":"tag-news","26":"tag-republique-francaise"},"share_on_mastodon":{"url":"https:\/\/pubeurope.com\/@fr\/115159434584897126","error":""},"_links":{"self":[{"href":"https:\/\/www.europesays.com\/fr\/wp-json\/wp\/v2\/posts\/371509","targetHints":{"allow":["GET"]}}],"collection":[{"href":"https:\/\/www.europesays.com\/fr\/wp-json\/wp\/v2\/posts"}],"about":[{"href":"https:\/\/www.europesays.com\/fr\/wp-json\/wp\/v2\/types\/post"}],"author":[{"embeddable":true,"href":"https:\/\/www.europesays.com\/fr\/wp-json\/wp\/v2\/users\/2"}],"replies":[{"embeddable":true,"href":"https:\/\/www.europesays.com\/fr\/wp-json\/wp\/v2\/comments?post=371509"}],"version-history":[{"count":0,"href":"https:\/\/www.europesays.com\/fr\/wp-json\/wp\/v2\/posts\/371509\/revisions"}],"wp:featuredmedia":[{"embeddable":true,"href":"https:\/\/www.europesays.com\/fr\/wp-json\/wp\/v2\/media\/371510"}],"wp:attachment":[{"href":"https:\/\/www.europesays.com\/fr\/wp-json\/wp\/v2\/media?parent=371509"}],"wp:term":[{"taxonomy":"category","embeddable":true,"href":"https:\/\/www.europesays.com\/fr\/wp-json\/wp\/v2\/categories?post=371509"},{"taxonomy":"post_tag","embeddable":true,"href":"https:\/\/www.europesays.com\/fr\/wp-json\/wp\/v2\/tags?post=371509"}],"curies":[{"name":"wp","href":"https:\/\/api.w.org\/{rel}","templated":true}]}}