{"id":371511,"date":"2025-09-06T21:17:31","date_gmt":"2025-09-06T21:17:31","guid":{"rendered":"https:\/\/www.europesays.com\/fr\/371511\/"},"modified":"2025-09-06T21:17:31","modified_gmt":"2025-09-06T21:17:31","slug":"ollioules-celebre-la-34e-fete-de-lolivier-les-4-et-5-octobre-du-04-10-2025-au-05-10-2025-ollioules","status":"publish","type":"post","link":"https:\/\/www.europesays.com\/fr\/371511\/","title":{"rendered":"Ollioules c\u00e9l\u00e8bre la 34e F\u00eate de l&rsquo;Olivier les 4 et 5 octobre &#8211; Du 04\/10\/2025 au 05\/10\/2025 &#8211; Ollioules"},"content":{"rendered":"<p><strong>Les samedi 4 et dimanche 5 octobre<\/strong>, le centre-ville d\u2019Ollioules se transformera en v\u00e9ritable <strong>vitrine de la culture proven\u00e7ale<\/strong>. Entre expositions, d\u00e9gustations d\u2019huile d\u2019olive, ateliers, concerts et ambiance festive dans les rues pi\u00e9tonnes, habitants et visiteurs pourront plonger dans l\u2019univers de l\u2019olivier et des traditions locales.<\/p>\n<p>&#13;<br \/>\nUn programme riche et vari\u00e9&#13;<\/p>\n<p>De nombreux lieux de la ville accueilleront animations et expositions :<\/p>\n<p>&#13;<\/p>\n<p style=\"margin-left: 30px;\"><strong style=\"letter-spacing: 0.01em;\">&#8211; Maison des Amis de l\u2019Olivier<\/strong> : conseils, d\u00e9gustations et loterie en partenariat avec le Moulin \u00e0 Huile du Canton d\u2019Ollioules.<\/p>\n<p>&#13;<\/p>\n<p style=\"margin-left: 30px;\"><strong style=\"letter-spacing: 0.01em;\">&#8211; Moulin \u00e0 Huile Zanni<\/strong> : visite comment\u00e9e du patrimoine ol\u00e9icole.<\/p>\n<p>&#13;<\/p>\n<p style=\"margin-left: 30px;\"><strong style=\"letter-spacing: 0.01em;\">&#8211; Espace Br\u00e9mond<\/strong> : festival des oiseaux et animations pour enfants.<\/p>\n<p>&#13;<\/p>\n<p style=\"margin-left: 30px;\"><strong style=\"letter-spacing: 0.01em;\">&#8211; Rue Marceau<\/strong> : rue des artistes avec la Palette Ollioulaise.<\/p>\n<p>&#13;<\/p>\n<p style=\"margin-left: 30px;\"><strong style=\"letter-spacing: 0.01em;\">&#8211; Vieux Moulin<\/strong> : exposition de Vincent Rallo et expo-photo Ollioules en images.<\/p>\n<p>&#13;<\/p>\n<p style=\"margin-left: 30px;\"><strong style=\"letter-spacing: 0.01em;\">&#8211; Galerie de l\u2019Olivier &amp; Centre des M\u00e9tiers d\u2019Art<\/strong> : expositions autour des 60 ans de Ch\u00e2teauvallon.<\/p>\n<p>&#13;<\/p>\n<p style=\"margin-left: 30px;\"><strong style=\"letter-spacing: 0.01em;\">&#8211; Jardin Fr\u00e9d\u00e9ric Mistral<\/strong> : ateliers culinaires avec la cheffe Cathy Rosi et d\u00e9dicace du chef Guy Gedda.<\/p>\n<p>&#13;<\/p>\n<p style=\"margin-left: 30px;\"><strong style=\"letter-spacing: 0.01em;\">&#8211; Maison du Patrimoine<\/strong> : ouverture exceptionnelle de cette demeure class\u00e9e monument historique.<\/p>\n<p>&#13;<\/p>\n<p style=\"margin-left: 30px;\"><strong style=\"letter-spacing: 0.01em;\">&#8211; Fabrique Nougat Jonquier<\/strong> : d\u00e9couverte de la fabrication traditionnelle.<\/p>\n<p>&#13;<\/p>\n<p>Partout dans la ville, march\u00e9 proven\u00e7al, stands de producteurs et ambiance musicale assureront le caract\u00e8re festif de la manifestation.<\/p>\n<p>&#13;<br \/>\nLe samedi 4 octobre&#13;<\/p>\n<p><strong>10h<\/strong> &#8211; Place Jean Jaur\u00e8s &#8211; <strong>Inauguration officielle<br \/><\/strong>En pr\u00e9sence de Robert BENEVENTI, Maire d\u2019Ollioules, Dominique RIGHI, adjoint aux festivit\u00e9s, les invit\u00e9s d\u2019honneur, le conseil municipal, le Comit\u00e9 Officiel des F\u00eates d\u2019Ollioules, les Amis de l\u2019Olivier, le Rameau d\u2019Argent et le groupe folklorique Ollioulais Lou Fougau Prouven\u00e7au<\/p>\n<p>&#13;<\/p>\n<p><strong>15h<\/strong> &#8211; Place Victor Clement &#8211; <strong>Chapitre du Rameau d&rsquo;Argent<\/strong><\/p>\n<p>&#13;<\/p>\n<p><strong>15h45<\/strong> &#8211;\u00a0Salle Jean Moulin &#8211;\u00a0<strong>Conf\u00e9rence avec les Amis de l&rsquo;Olivier<br \/><\/strong>Conf\u00e9rence pr\u00e9sent\u00e9e par Julien BALAJAS sur le th\u00e8me \u201cLa Cochenille\u201d. Entr\u00e9e gratuite. Attention limit\u00e9e \u00e0 100 personnes.<\/p>\n<p>&#13;<\/p>\n<p><strong>16h30 &#8211;\u00a0<\/strong>Place Victor Clement &#8211;\u00a0<strong>Danses folkloriques<\/strong><br \/>Avec la Farigouleto de La Garde<\/p>\n<p>&#13;<\/p>\n<p><strong>17h<\/strong> &#8211;\u00a0Amphit\u00e9\u00e2tre Place Jean Jaur\u00e8s\u00a0&#8211;\u00a0<strong>Concours d&rsquo;A\u00efoli<br \/><\/strong>Ouvert \u00e0 tous les \u00e9lus de la M\u00e9tropole Toulon Provence M\u00e9diterran\u00e9e, du d\u00e9partement et de la r\u00e9gion<\/p>\n<p>&#13;<br \/>\nLe dimanche 5 octobre&#13;<\/p>\n<p><strong>8h30<\/strong> &#8211;\u00a0Eglise Saint Laurent &#8211;\u00a0<strong>Messe<br \/><\/strong>Avec chants proven\u00e7aux par le Ra\u00efoulet de Six Fours les Plages<\/p>\n<p>&#13;<\/p>\n<p><strong>10h &#8211;\u00a0<\/strong>\u00a0Salle Jean Moulin &#8211;\u00a0<strong>Conf\u00e9rence avec les Amis de l&rsquo;Olivier<br \/><\/strong>Conf\u00e9rence pr\u00e9sent\u00e9e par Jean-Fran\u00e7ois BURGEVIN sur le th\u00e8me \u201cDe l\u2019olive \u00e0 l\u2019huile, comprendre la richesse des vari\u00e9t\u00e9s\u201d. Entr\u00e9e gratuite. Attention limit\u00e9e \u00e0 100 personnes.<\/p>\n<p>&#13;<\/p>\n<p><strong>10h15<\/strong> &#8211;\u00a0Place Victor Clement &#8211;\u00a0<strong>Danses fokloriques<br \/><\/strong>Avec Le Ra\u00efoulet de Six Fours les Plages<\/p>\n<p>&#13;<\/p>\n<p><strong>11h &#8211;<\/strong>\u00a0R\u00e9sidence Belle Rive, Place Honor\u00e9 Pichaud &#8211;\u00a0<strong>Plantation traditionnelle d&rsquo;un olivier<br \/><\/strong>D\u00e9part en cort\u00e8ge depuis la place Victor Clement avec la participation de la\u00a0chorale proven\u00e7ale ollioulaise Ouli\u00e8ulo Canto<\/p>\n<p>&#13;<\/p>\n<p><strong>14h30<\/strong> &#8211;\u00a0Salle Jean Moulin\u00a0&#8211; <strong>Conf\u00e9rence avec le Docteur Martine Cotinat<br \/><\/strong>Conf\u00e9rence sur le th\u00e8me \u201cDes huiles pour ma sant\u00e9\u201d. Entr\u00e9e gratuite. Attention limit\u00e9e \u00e0 100 personnes.<strong><br \/><\/strong><\/p>\n<p>&#13;<\/p>\n<p><strong>15h<\/strong> &#8211;\u00a0Place Victor Clement &#8211; <strong>Concert de l&rsquo;orchestre d&rsquo;harmonie<br \/><\/strong>Sous la direction de Thomas RIGHI<\/p>\n<p>&#13;<\/p>\n<p><strong>15h30<\/strong> &#8211;\u00a0Moulin \u00e0 huile, quartier Quiez &#8211;\u00a0<strong>Visites comment\u00e9es du moulin \u00e0 huile du canton d&rsquo;Ollioules<br \/><\/strong>Navette d\u00e9di\u00e9e depuis la place Lemoyne, departs \u00e0 15h15 et 16h15<\/p>\n<p>&#13;<\/p>\n<p><strong>16h30<\/strong> &#8211;\u00a0Place Victor Clement &#8211;\u00a0<strong>Danses folkloriques<br \/><\/strong>Avec la Respelido Valetenco de la Valette du Var<\/p>\n<p>&#13;<\/p>\n<p><strong>16h30 &amp; 17h30<\/strong> &#8211;\u00a0Amphith\u00e9\u00e2tre Place Jean Jaur\u00e8s\u00a0&#8211;\u00a0<strong>Concours d&rsquo;A\u00efoli<br \/><\/strong>\u00e0 16h30, concours r\u00e9serv\u00e9 aux enfants de moins de 12 ans. <br \/>\u00e0 17h30, concours ouvert \u00e0 tous avec la participation de l\u2019association des commer\u00e7ants d\u2019Ollioules So\u2019Ollioules<\/p>\n<p>&#13;<br \/>\nVenir \u00e0 la f\u00eate&#13;<br \/>\n<a href=\"https:\/\/www.europesays.com\/fr\/wp-content\/uploads\/2025\/09\/11255.jpg\" data-fancybox=\"gallery\" class=\"grouped_elements\" rel=\"example_group\"><img decoding=\"async\" src=\"https:\/\/www.europesays.com\/fr\/wp-content\/uploads\/2025\/09\/11255.jpg\" class=\"include_img\" loading=\"lazy\"\/><\/a>&#13;<\/p>\n<p><strong>PARKING ET NAVETTES GRATUITS DE 9H \u00c0 20H<\/strong><br \/><strong>En voiture depuis Aubagne (RDN8) :<\/strong> Prendre la route des Gorges \/ RN8<br \/>-&gt; Parkings conseill\u00e9s P1 et P2 (Parkings Orlandi RDN8) <br \/>Acc\u00e8s pi\u00e9tons au coeur de la f\u00eate en 10 min.<\/p>\n<p>&#13;<\/p>\n<p><strong>En voiture depuis Marseille (A50) :<\/strong> Prendre sortie 12.1 en direction d\u2019OLLIOULES ou la sortie 13 en direction d\u2019OLLIOULES <br \/>-&gt; Parkings conseill\u00e9s avec navettes gratuites <br \/>&#8211; P3 (March\u00e9 Agricole) <br \/>&#8211; P4 (Parking de la Capellane) <br \/>&#8211; P5 (Domaine Scolaire de la Castellane)<\/p>\n<p>&#13;<\/p>\n<p><strong>En voiture depuis Nice (A50) :<\/strong> Prendre sortie 13 en direction d\u2019OLLIOULES ou la sortie 14 en direction de CH\u00c2TEAUVALLON<br \/>-&gt; Parkings conseill\u00e9savec navettes gratuites <br \/>&#8211; P6 (Parking Castellane) <br \/>&#8211; P7 (Parking relais Portes d\u2019Ollioules et de Toulon) uniquement le dimanche<\/p>\n<p>&#13;<\/p>\n<p><strong>En train :<\/strong> Depuis la Gare d\u2019Ollioules \/ Sanary, se diriger vers le parking P3 (March\u00e9 Agricole) (400m) pour acc\u00e9der aux navettes gratuites<\/p>\n<p>&#13;<br \/>\nInfos pratiques&#13;<\/p>\n<p><strong>Samedi 4 et dimanche 5 octobre 2025<\/strong><br \/>Centre-ville d\u2019Ollioules<br \/><strong>Entr\u00e9e libre (certaines activit\u00e9s et repas sur r\u00e9servation).<\/strong><br \/>Infos et r\u00e9servations pour les ateliers culinaires : 06 03 00 12 79<br \/><strong>Visites de la Fabrique Nougat Jonquier<\/strong> : <a href=\"http:\/\/www.nougat-jonquier.fr\/\" rel=\"nofollow noopener\" target=\"_blank\">www.nougat-jonquier.fr<\/a><\/p>\n","protected":false},"excerpt":{"rendered":"Les samedi 4 et dimanche 5 octobre, le centre-ville d\u2019Ollioules se transformera en v\u00e9ritable vitrine de la culture&hellip;\n","protected":false},"author":2,"featured_media":371512,"comment_status":"","ping_status":"","sticky":false,"template":"","format":"standard","meta":{"footnotes":""},"categories":[9619],"tags":[1111,11,1777,674,1011,27,12,882,25,2310],"class_list":{"0":"post-371511","1":"post","2":"type-post","3":"status-publish","4":"format-standard","5":"has-post-thumbnail","7":"category-toulon","8":"tag-actu","9":"tag-actualites","10":"tag-eu","11":"tag-europe","12":"tag-fr","13":"tag-france","14":"tag-news","15":"tag-provence-alpes-cote-dazur","16":"tag-republique-francaise","17":"tag-toulon"},"share_on_mastodon":{"url":"","error":""},"_links":{"self":[{"href":"https:\/\/www.europesays.com\/fr\/wp-json\/wp\/v2\/posts\/371511","targetHints":{"allow":["GET"]}}],"collection":[{"href":"https:\/\/www.europesays.com\/fr\/wp-json\/wp\/v2\/posts"}],"about":[{"href":"https:\/\/www.europesays.com\/fr\/wp-json\/wp\/v2\/types\/post"}],"author":[{"embeddable":true,"href":"https:\/\/www.europesays.com\/fr\/wp-json\/wp\/v2\/users\/2"}],"replies":[{"embeddable":true,"href":"https:\/\/www.europesays.com\/fr\/wp-json\/wp\/v2\/comments?post=371511"}],"version-history":[{"count":0,"href":"https:\/\/www.europesays.com\/fr\/wp-json\/wp\/v2\/posts\/371511\/revisions"}],"wp:featuredmedia":[{"embeddable":true,"href":"https:\/\/www.europesays.com\/fr\/wp-json\/wp\/v2\/media\/371512"}],"wp:attachment":[{"href":"https:\/\/www.europesays.com\/fr\/wp-json\/wp\/v2\/media?parent=371511"}],"wp:term":[{"taxonomy":"category","embeddable":true,"href":"https:\/\/www.europesays.com\/fr\/wp-json\/wp\/v2\/categories?post=371511"},{"taxonomy":"post_tag","embeddable":true,"href":"https:\/\/www.europesays.com\/fr\/wp-json\/wp\/v2\/tags?post=371511"}],"curies":[{"name":"wp","href":"https:\/\/api.w.org\/{rel}","templated":true}]}}