{"id":371513,"date":"2025-09-06T21:18:18","date_gmt":"2025-09-06T21:18:18","guid":{"rendered":"https:\/\/www.europesays.com\/fr\/371513\/"},"modified":"2025-09-06T21:18:18","modified_gmt":"2025-09-06T21:18:18","slug":"je-nai-pas-vu-des-competiteurs-en-premiere-mi-temps-analyse-de-la-defaite-du-mhr-contre-toulon","status":"publish","type":"post","link":"https:\/\/www.europesays.com\/fr\/371513\/","title":{"rendered":"\u00ab\u00a0Je n\u2019ai pas vu des comp\u00e9titeurs en premi\u00e8re mi-temps\u00a0\u00bb\u00a0: analyse de la d\u00e9faite du MHR contre Toulon"},"content":{"rendered":"<p>\n                                                                Le MHR a pris une le\u00e7on dans beaucoup de compartiments, ce samedi 6\u00a0septembre, pour la premi\u00e8re journ\u00e9e de Top 14 contre Toulon (17-27) au Septeo Stadium.\n                            <\/p>\n<p>Un sentiment d\u00e9sagr\u00e9able r\u00e9gnait, samedi soir, dans les trav\u00e9es du (d\u00e9sormais) Septeo Stadium. Comme une sensation de \u00ab\u00a0tout \u00e7a pour \u00e7a\u00a0\u00bb. Une pr\u00e9paration de qualit\u00e9, pour \u00e7a. Deux matches amicaux hyper positifs, pour \u00e7a. Une attente hyper enthousiaste, pour \u00e7a.<\/p>\n<p>Alors bon, ce n\u2019est pas apr\u00e8s une journ\u00e9e de Top 14 qu\u2019on va annoncer la peur de la rel\u00e9gation, des ambitions en chute libre ou la fin du monde. Mais on peut dire que le RC Toulon a donn\u00e9 une sacr\u00e9e gifle aux Montpelli\u00e9rains, \u00e0 la limite de la le\u00e7on d\u2019humilit\u00e9. Mohed Altrad avait annonc\u00e9 l\u2019objectif d\u2019un top 4\u00a0d\u00e9but ao\u00fbt, au moment des retrouvailles avec les supporters. Le pr\u00e9sident s\u2019est rendu compte que son \u00e9quipe avait encore une paire d\u2019\u00e9tapes \u00e0 cocher avant de tutoyer ce qui se fait de mieux en championnat, comme Toulon, 3e l\u2019an dernier.<\/p>\n<p>\u00ab\u00a0Je n\u2019ai pas vu des comp\u00e9titeurs\u00a0\u00bb<\/p>\n<p>La prestation rouge et noire, on le souligne \u00e0 nouveau, a\u00a0rem\u00e9mor\u00e9 aux H\u00e9raultais que les v\u00e9rit\u00e9s de l\u2019\u00e9t\u00e9, les matches de pr\u00e9paration, ne sont pas du tout celles de la rentr\u00e9e. Toulon en avait pris 50 \u00e0 Perpignan en amical (50-19), pendant que le MHR roulait sur Pau (26-5) et l\u2019Usap (34-24).<\/p>\n<p>\u00ab\u00a0Je pensais qu\u2019on \u00e9tait pr\u00eat\u00a0\u00bb, pestait Joan Caudullo. On a d\u2019ailleurs rarement vu le manager lever la voix aussi fort devant ses joueurs. \u00c0 la mi-temps, et \u00e0 la fin du match, quand les joueurs \u00e9taient en cercle autour de lui.\u00a0L\u2019ancien talonneur craint trop de voir le spectre des saisons pr\u00e9c\u00e9dentes revenir, toutes marqu\u00e9es par une inconstance insupportable et fatale.<\/p>\n<p>\u00ab\u00a0Avant le match, j\u2019ai dit aux joueurs que les amicaux ne servaient \u00e0\u00a0rien, et que les comp\u00e9titeurs, on les verrait aujourd\u2019hui. \u00c0\u00a0la mi-temps, je leur ai dit que je n\u2019avais pas vu des comp\u00e9titeurs\u00a0\u00bb, assurait Caudullo.<\/p>\n<p>Cette col\u00e8re s\u2019expliquait par ce premier acte catastrophique de ses prot\u00e9g\u00e9s.\u00a0Dans le d\u00e9fi physique, pourtant la signature montpelli\u00e9raine, les co\u00e9quipiers de Lenni Nouchi n\u2019ont pas exist\u00e9, rappelant la d\u00e9faite douloureuse \u00e0 B\u00e9ziers en f\u00e9vrier dernier contre ces m\u00eames Toulonnais (30-38). Collisions, ballons port\u00e9s, occupation, strat\u00e9gie\u2026 Le MHR \u00e9tait absent pendant quarante minutes. Sans compter les erreurs individuelles.<\/p>\n<p>Ce passage \u00e0 vide, personne n\u2019arrivait\u00a0\u00e0 l\u2019expliquer. Un exc\u00e8s d\u2019orgueil par rapport au studieux \u00e9t\u00e9\u00a0? On n\u2019ose pas y croire. Un simple rat\u00e9, comme il en\u00a0arrive dans une saison\u00a0? Sur un premier match, c\u2019est dur de s\u2019en convaincre.<\/p>\n<p>Aucun n\u2019avait la r\u00e9ponse, samedi soir. \u00ab\u00a0Celle-l\u00e0, je la prends pour moi. Maintenant, il ne faut surtout pas qu\u2019on se l\u00e2che\u00a0\u00bb, commentait Joan Caudullo.<\/p>\n<p>Une journ\u00e9e est \u00e0 peine pass\u00e9e que les Montpelli\u00e9rains sont d\u00e9j\u00e0 oblig\u00e9s de passer un test de caract\u00e8re. Ce sera \u00e0 Bayonne, 4e l\u2019an dernier et vainqueur solide de l\u2019Usap \u00e0 Aim\u00e9-Giral plus t\u00f4t dans la journ\u00e9e. \u00c7a promet.<\/p>\n","protected":false},"excerpt":{"rendered":"Le MHR a pris une le\u00e7on dans beaucoup de compartiments, ce samedi 6\u00a0septembre, pour la premi\u00e8re journ\u00e9e de&hellip;\n","protected":false},"author":2,"featured_media":371514,"comment_status":"","ping_status":"","sticky":false,"template":"","format":"standard","meta":{"footnotes":""},"categories":[9619],"tags":[1111,11,1777,674,1011,27,12,882,25,2310],"class_list":{"0":"post-371513","1":"post","2":"type-post","3":"status-publish","4":"format-standard","5":"has-post-thumbnail","7":"category-toulon","8":"tag-actu","9":"tag-actualites","10":"tag-eu","11":"tag-europe","12":"tag-fr","13":"tag-france","14":"tag-news","15":"tag-provence-alpes-cote-dazur","16":"tag-republique-francaise","17":"tag-toulon"},"share_on_mastodon":{"url":"","error":""},"_links":{"self":[{"href":"https:\/\/www.europesays.com\/fr\/wp-json\/wp\/v2\/posts\/371513","targetHints":{"allow":["GET"]}}],"collection":[{"href":"https:\/\/www.europesays.com\/fr\/wp-json\/wp\/v2\/posts"}],"about":[{"href":"https:\/\/www.europesays.com\/fr\/wp-json\/wp\/v2\/types\/post"}],"author":[{"embeddable":true,"href":"https:\/\/www.europesays.com\/fr\/wp-json\/wp\/v2\/users\/2"}],"replies":[{"embeddable":true,"href":"https:\/\/www.europesays.com\/fr\/wp-json\/wp\/v2\/comments?post=371513"}],"version-history":[{"count":0,"href":"https:\/\/www.europesays.com\/fr\/wp-json\/wp\/v2\/posts\/371513\/revisions"}],"wp:featuredmedia":[{"embeddable":true,"href":"https:\/\/www.europesays.com\/fr\/wp-json\/wp\/v2\/media\/371514"}],"wp:attachment":[{"href":"https:\/\/www.europesays.com\/fr\/wp-json\/wp\/v2\/media?parent=371513"}],"wp:term":[{"taxonomy":"category","embeddable":true,"href":"https:\/\/www.europesays.com\/fr\/wp-json\/wp\/v2\/categories?post=371513"},{"taxonomy":"post_tag","embeddable":true,"href":"https:\/\/www.europesays.com\/fr\/wp-json\/wp\/v2\/tags?post=371513"}],"curies":[{"name":"wp","href":"https:\/\/api.w.org\/{rel}","templated":true}]}}