{"id":371515,"date":"2025-09-06T21:19:09","date_gmt":"2025-09-06T21:19:09","guid":{"rendered":"https:\/\/www.europesays.com\/fr\/371515\/"},"modified":"2025-09-06T21:19:09","modified_gmt":"2025-09-06T21:19:09","slug":"la-premiere-foire-aux-livres-arrive-au-marche-du-lez","status":"publish","type":"post","link":"https:\/\/www.europesays.com\/fr\/371515\/","title":{"rendered":"la premi\u00e8re Foire aux Livres arrive au March\u00e9 du Lez"},"content":{"rendered":"<p>            Par<br \/>\n        <strong><br \/>\n            <a href=\"https:\/\/actu.fr\/auteur\/metropoop\" title=\"Consulter tous les articles de R\u00e9daction M\u00e9tropolitain\" target=\"_blank\" rel=\"noopener\">R\u00e9daction M\u00e9tropolitain<\/a><br \/>\n        <\/strong><\/p>\n<p>        Publi\u00e9 le<\/p>\n<p>            6 sept. 2025 \u00e0 19h41        <\/p>\n<p>Montpellier accueillera un \u00e9v\u00e9nement in\u00e9dit pour cette rentr\u00e9e 2025. La premi\u00e8re Foire aux Livres investira le March\u00e9 du Lez <strong>du mardi 9 au dimanche 14 septembre<\/strong>. Cet espace tendance, connu pour ses food courts, ses brocanteurs et ses friperies, s\u2019appr\u00eate \u00e0 devenir le th\u00e9\u00e2tre d\u2019une semaine enti\u00e8rement d\u00e9di\u00e9e \u00e0 la litt\u00e9rature sous toutes ses formes.<\/p>\n<p>    <a href=\"https:\/\/www.google.com\/maps\/embed?pb=!1m18!1m12!1m3!1d11556.70365169137!2d3.8567936!3d43.60287875!2m3!1f0!2f0!3f0!3m2!1i1024!2i768!4f13.1!3m3!1m2!1s0x12b6af8a7b4bcea7%3A0x9ec42ac0600236eb!2sMarch%C3%A9%20du%20Lez!5e0!3m2!1sen!2sfr!4v1753705874819!5m2!1sen!2sfr\" title=\"Ouvrie le lien\" target=\"_blank\" rel=\"noopener\">Cliquez ici pour visualiser le contenu<\/a><\/p>\n<p class=\" wall-content\">Organis\u00e9e par la maison d\u2019\u00e9dition BOOKMARKS, la manifestation proposera un large \u00e9ventail d\u2019ouvrages : nouveaut\u00e9s, livres d\u2019occasion, pi\u00e8ces rares ou de collection, mais aussi cr\u00e9ations ind\u00e9pendantes. Le tout dans une ambiance chaleureuse, port\u00e9e par le dynamisme du site qui attire chaque ann\u00e9e plus de 2,5 millions de visiteurs.<\/p>\n<p>Une exp\u00e9rience immersive dans un lieu atypique<\/p>\n<p class=\" wall-content\">Les premiers jours de la Foire, <strong>du 9 au 12 septembre<\/strong>, se tiendront en int\u00e9rieur. Les visiteurs pourront s\u2019immerger dans des univers litt\u00e9raires vari\u00e9s, rencontrer des \u00e9diteurs, d\u00e9couvrir des p\u00e9pites oubli\u00e9es ou encore feuilleter des ouvrages artisanaux, le tout \u00e0 quelques pas d\u2019un bar \u00e0 cocktails ou d\u2019un food truck. Le point d\u2019orgue de cette premi\u00e8re \u00e9dition aura lieu le week-end <strong>des 13 et 14 septembre<\/strong>. La foire s\u2019\u00e9tendra alors en ext\u00e9rieur, sur la grande place \u00e9v\u00e9nementielle du March\u00e9 du Lez. Libraires, bouquinistes, maisons d\u2019\u00e9dition, auteurs auto\u00e9dit\u00e9s, illustrateurs et brocanteurs sp\u00e9cialis\u00e9s y tiendront leurs stands.\u00a0<\/p>\n<p class=\" wall-content\">Des animations sont pr\u00e9vues pour dynamiser le lieu, notamment des s\u00e9ances de d\u00e9dicaces, des ateliers de cr\u00e9ation, des lectures \u00e0 voix haute et peut-\u00eatre quelques surprises. L\u2019objectif : rendre la litt\u00e9rature vivante, accessible, loin des clich\u00e9s.<\/p>\n<p>Vid\u00e9os : en ce moment sur ActuVous \u00eates exposant ? \ud83d\udcda <\/p>\n<p>Vous \u00eates libraire, \u00e9diteur, auteur ou bouquiniste ? La Foire aux Livres vous ouvre ses portes avec plusieurs formats de participation adapt\u00e9s \u00e0 votre activit\u00e9.<\/p>\n<p>&#8211; Les libraires et maisons d\u2019\u00e9dition peuvent r\u00e9server un emplacement de 3 m\u00e8tres par 4 sur la grande place \u00e9v\u00e9nementielle. Le tarif est fix\u00e9 \u00e0 120 euros hors taxes pour les deux jours du week-end.<\/p>\n<p>&#8211; Les auteurs, autrices et illustrateurs ind\u00e9pendants sont invit\u00e9s \u00e0 rejoindre le P\u00f4le des Ind\u00e9pendants pour un tarif de 60 euros hors taxes le week-end. La location d\u2019une table et de chaises est possible en option.<\/p>\n<p>&#8211; Les bouquinistes peuvent, eux aussi, disposer d\u2019un espace de 3 m\u00e8tres par 4 pour un tarif de 80 euros hors taxes.<\/p>\n<p><strong>&gt;<\/strong> Pour en savoir plus ou vous inscrire, toutes les informations sont disponibles via ce lien : <a href=\"https:\/\/marchedulez.com\/product\/foire-aux-livres\/\" target=\"_blank\" rel=\"noopener\">https:\/\/marchedulez.com\/product\/foire-aux-livres\/<\/a><\/p>\n<p class=\" wall-content\">Personnalisez votre actualit\u00e9 en ajoutant vos villes et m\u00e9dias en favori avec <a href=\"https:\/\/moncompte.actu.fr\" title=\"D\u00e9couvez Mon Actu\" rel=\"nofollow noopener\" data-trk=\"{&quot;cta&quot;:{&quot;action&quot;:&quot;https:\\\/\\\/moncompte.actu.fr&quot;,&quot;category&quot;:&quot;mon compte&quot;,&quot;from&quot;:&quot;article footer&quot;,&quot;name&quot;:&quot;Mon actu&quot;,&quot;type&quot;:&quot;cta&quot;}}\" target=\"_blank\">Mon Actu<\/a>.<\/p>\n","protected":false},"excerpt":{"rendered":"Par R\u00e9daction M\u00e9tropolitain Publi\u00e9 le 6 sept. 2025 \u00e0 19h41 Montpellier accueillera un \u00e9v\u00e9nement in\u00e9dit pour cette rentr\u00e9e&hellip;\n","protected":false},"author":2,"featured_media":371516,"comment_status":"","ping_status":"","sticky":false,"template":"","format":"standard","meta":{"footnotes":""},"categories":[9599],"tags":[1111,11,258,1777,674,652,1011,27,1380,1652,2208,12,2680,25],"class_list":{"0":"post-371515","1":"post","2":"type-post","3":"status-publish","4":"format-standard","5":"has-post-thumbnail","7":"category-montpellier","8":"tag-actu","9":"tag-actualites","10":"tag-alimentation","11":"tag-eu","12":"tag-europe","13":"tag-famille","14":"tag-fr","15":"tag-france","16":"tag-livres","17":"tag-loisirs-culture","18":"tag-montpellier","19":"tag-news","20":"tag-occitanie","21":"tag-republique-francaise"},"share_on_mastodon":{"url":"https:\/\/pubeurope.com\/@fr\/115159443986955706","error":""},"_links":{"self":[{"href":"https:\/\/www.europesays.com\/fr\/wp-json\/wp\/v2\/posts\/371515","targetHints":{"allow":["GET"]}}],"collection":[{"href":"https:\/\/www.europesays.com\/fr\/wp-json\/wp\/v2\/posts"}],"about":[{"href":"https:\/\/www.europesays.com\/fr\/wp-json\/wp\/v2\/types\/post"}],"author":[{"embeddable":true,"href":"https:\/\/www.europesays.com\/fr\/wp-json\/wp\/v2\/users\/2"}],"replies":[{"embeddable":true,"href":"https:\/\/www.europesays.com\/fr\/wp-json\/wp\/v2\/comments?post=371515"}],"version-history":[{"count":0,"href":"https:\/\/www.europesays.com\/fr\/wp-json\/wp\/v2\/posts\/371515\/revisions"}],"wp:featuredmedia":[{"embeddable":true,"href":"https:\/\/www.europesays.com\/fr\/wp-json\/wp\/v2\/media\/371516"}],"wp:attachment":[{"href":"https:\/\/www.europesays.com\/fr\/wp-json\/wp\/v2\/media?parent=371515"}],"wp:term":[{"taxonomy":"category","embeddable":true,"href":"https:\/\/www.europesays.com\/fr\/wp-json\/wp\/v2\/categories?post=371515"},{"taxonomy":"post_tag","embeddable":true,"href":"https:\/\/www.europesays.com\/fr\/wp-json\/wp\/v2\/tags?post=371515"}],"curies":[{"name":"wp","href":"https:\/\/api.w.org\/{rel}","templated":true}]}}